{"id":42394,"date":"2024-09-22T09:48:00","date_gmt":"2024-09-22T12:48:00","guid":{"rendered":"http:\/\/www.rtvnoticias.com.ar\/?p=42394"},"modified":"2024-09-21T13:12:13","modified_gmt":"2024-09-21T16:12:13","slug":"incendios-en-cordoba-consumieron-22-viviendas","status":"publish","type":"post","link":"http:\/\/www.rtvnoticias.com.ar\/?p=42394","title":{"rendered":"Incendios en C\u00f3rdoba consumieron 22 viviendas"},"content":{"rendered":"\n<p>El incendio de gran magnitud que afect\u00f3 a la regi\u00f3n de Los Cocos, report\u00f3 p\u00e9rdidas ecol\u00f3gicas significativas, incluyendo la muerte de fauna y el da\u00f1o a ganados en estancias.\u00a0Hasta el momento, se han confirmado 22\u00a0casas quemadas en total\u00a0entre varias localidades: 14 en Los Cocos, 5 en Capilla del Monte y 3 en San Esteban, seg\u00fan declaraciones de los intendentes de las respectivas localidades.<\/p>\n\n\n\n<p>Celeste Furmston, intendenta de Los Cocos, cont\u00f3 que el viernes por la noche se trabaj\u00f3 hasta las 3 de la ma\u00f1ana de manera activa\u00bb. Los bomberos lograron contener el fuego que amenazaba a los complejos tur\u00edsticos, aunque se llevaron a cabo evacuaciones en la zona.<\/p>\n\n\n\n<p>\u00abEl fuego baj\u00f3 por la sierra, se cruzaron hacia los ca\u00f1adones del complejo El Descanso, en direcci\u00f3n a la ruta 38\u00bb, detall\u00f3. A pesar de los esfuerzos, indic\u00f3 que \u00abocho fueron las casas en la jornada de ayer que lamentablemente se quemaron en Los Cocos\u00bb. Sin embargo, destac\u00f3 que no hubo que lamentar p\u00e9rdidas de vida.<\/p>\n\n\n\n<p>El viento este s\u00e1bado fue m\u00e1s tranquilo, las autoridades est\u00e1n llevando a cabo \u00abtareas de control de guardia de cenizas, de prevenci\u00f3n\u00bb. Sin embargo, Furmston mencion\u00f3 que hay \u00abgrandes per\u00edmetros todav\u00eda que est\u00e1n activos, que los estamos controlando\u00bb y que se han recibido \u00abmuchos refuerzos de dotaciones de bomberos de muchos lugares, de autobombas\u00bb.<\/p>\n\n\n\n<p>Mart\u00edn Degano, jefe del Plan Provincial de Manejo del Fuego en di\u00e1logo con\u00a0Cadena 3, destac\u00f3 que la situaci\u00f3n se complic\u00f3 con el cambio de viento hacia el norte, lo que oblig\u00f3 a reforzar las tareas de control del incendio para proteger las zonas pobladas, especialmente cerca de la aerosilla. \u00abHemos tenido una noche complicada\u00bb, afirm\u00f3 Delgado, quien agreg\u00f3 que \u00abhubo que reforzar las tareas ah\u00ed para evitar el avance hacia la zona poblada\u00bb.<\/p>\n\n\n\n<p>El funcionario tambi\u00e9n mencion\u00f3 que \u00abhemos estado trabajando con personal durante toda la noche en el sector alto de la sierra\u00bb y que la maniobra para cortar el avance del fuego ha sido exitosa, aunque se enfrentan al desaf\u00edo del aumento de temperatura y viento. A pesar de la gravedad de la situaci\u00f3n, no se han reportado v\u00edctimas fatales hasta el momento.<\/p>\n\n\n\n<p>Hasta el momento, por los incendios hay una persona detenida, que fue sorprendida con un bid\u00f3n de 10 litros de nafta, gracias a la alerta de vecinos. Se encuentra bajo custodia en la comisar\u00eda de Capilla del Monte.<\/p>\n<div class=\"sharedaddy sd-sharing-enabled\"><div class=\"robots-nocontent sd-block sd-social sd-social-icon sd-sharing\"><h3 class=\"sd-title\">Comparte esto:<\/h3><div class=\"sd-content\"><ul><li class=\"share-twitter\"><a rel=\"nofollow noopener noreferrer\" data-shared=\"sharing-twitter-42394\" class=\"share-twitter sd-button share-icon no-text\" href=\"http:\/\/www.rtvnoticias.com.ar\/?p=42394&amp;share=twitter\" target=\"_blank\" title=\"Haz clic para compartir en Twitter\"><span><\/span><span class=\"sharing-screen-reader-text\">Haz clic para compartir en Twitter (Se abre en una ventana nueva)<\/span><\/a><\/li><li class=\"share-facebook\"><a rel=\"nofollow noopener noreferrer\" data-shared=\"sharing-facebook-42394\" class=\"share-facebook sd-button share-icon no-text\" href=\"http:\/\/www.rtvnoticias.com.ar\/?p=42394&amp;share=facebook\" target=\"_blank\" title=\"Haz clic para compartir en Facebook\"><span><\/span><span class=\"sharing-screen-reader-text\">Haz clic para compartir en Facebook (Se abre en una ventana nueva)<\/span><\/a><\/li><li class=\"share-jetpack-whatsapp\"><a rel=\"nofollow noopener noreferrer\" data-shared=\"\" class=\"share-jetpack-whatsapp sd-button share-icon no-text\" href=\"http:\/\/www.rtvnoticias.com.ar\/?p=42394&amp;share=jetpack-whatsapp\" target=\"_blank\" title=\"Haz clic para compartir en WhatsApp\"><span><\/span><span class=\"sharing-screen-reader-text\">Haz clic para compartir en WhatsApp (Se abre en una ventana nueva)<\/span><\/a><\/li><li class=\"share-telegram\"><a rel=\"nofollow noopener noreferrer\" data-shared=\"\" class=\"share-telegram sd-button share-icon no-text\" href=\"http:\/\/www.rtvnoticias.com.ar\/?p=42394&amp;share=telegram\" target=\"_blank\" title=\"Haz clic para compartir en Telegram\"><span><\/span><span class=\"sharing-screen-reader-text\">Haz clic para compartir en Telegram (Se abre en una ventana nueva)<\/span><\/a><\/li><li class=\"share-end\"><\/li><\/ul><\/div><\/div><\/div>","protected":false},"excerpt":{"rendered":"<p>El incendio de gran magnitud que afect\u00f3 a la regi\u00f3n de Los Cocos, report\u00f3 p\u00e9rdidas ecol\u00f3gicas significativas, incluyendo la muerte de fauna y el da\u00f1o<\/p>\n<div class=\"sharedaddy sd-sharing-enabled\"><div class=\"robots-nocontent sd-block sd-social sd-social-icon sd-sharing\"><h3 class=\"sd-title\">Comparte esto:<\/h3><div class=\"sd-content\"><ul><li class=\"share-twitter\"><a rel=\"nofollow noopener noreferrer\" data-shared=\"sharing-twitter-42394\" class=\"share-twitter sd-button share-icon no-text\" href=\"http:\/\/www.rtvnoticias.com.ar\/?p=42394&amp;share=twitter\" target=\"_blank\" title=\"Haz clic para compartir en Twitter\"><span><\/span><span class=\"sharing-screen-reader-text\">Haz clic para compartir en Twitter (Se abre en una ventana nueva)<\/span><\/a><\/li><li class=\"share-facebook\"><a rel=\"nofollow noopener noreferrer\" data-shared=\"sharing-facebook-42394\" class=\"share-facebook sd-button share-icon no-text\" href=\"http:\/\/www.rtvnoticias.com.ar\/?p=42394&amp;share=facebook\" target=\"_blank\" title=\"Haz clic para compartir en Facebook\"><span><\/span><span class=\"sharing-screen-reader-text\">Haz clic para compartir en Facebook (Se abre en una ventana nueva)<\/span><\/a><\/li><li class=\"share-jetpack-whatsapp\"><a rel=\"nofollow noopener noreferrer\" data-shared=\"\" class=\"share-jetpack-whatsapp sd-button share-icon no-text\" href=\"http:\/\/www.rtvnoticias.com.ar\/?p=42394&amp;share=jetpack-whatsapp\" target=\"_blank\" title=\"Haz clic para compartir en WhatsApp\"><span><\/span><span class=\"sharing-screen-reader-text\">Haz clic para compartir en WhatsApp (Se abre en una ventana nueva)<\/span><\/a><\/li><li class=\"share-telegram\"><a rel=\"nofollow noopener noreferrer\" data-shared=\"\" class=\"share-telegram sd-button share-icon no-text\" href=\"http:\/\/www.rtvnoticias.com.ar\/?p=42394&amp;share=telegram\" target=\"_blank\" title=\"Haz clic para compartir en Telegram\"><span><\/span><span class=\"sharing-screen-reader-text\">Haz clic para compartir en Telegram (Se abre en una ventana nueva)<\/span><\/a><\/li><li class=\"share-end\"><\/li><\/ul><\/div><\/div><\/div>","protected":false},"author":5,"featured_media":42395,"comment_status":"closed","ping_status":"closed","sticky":false,"template":"","format":"standard","meta":{"spay_email":"","jetpack_publicize_message":"","jetpack_is_tweetstorm":false,"jetpack_publicize_feature_enabled":true},"categories":[5],"tags":[3532],"jetpack_featured_media_url":"http:\/\/www.rtvnoticias.com.ar\/wp-content\/uploads\/2024\/09\/cordoba-incendios-casas.jpg","jetpack_publicize_connections":[],"jetpack_sharing_enabled":true,"_links":{"self":[{"href":"http:\/\/www.rtvnoticias.com.ar\/index.php?rest_route=\/wp\/v2\/posts\/42394"}],"collection":[{"href":"http:\/\/www.rtvnoticias.com.ar\/index.php?rest_route=\/wp\/v2\/posts"}],"about":[{"href":"http:\/\/www.rtvnoticias.com.ar\/index.php?rest_route=\/wp\/v2\/types\/post"}],"author":[{"embeddable":true,"href":"http:\/\/www.rtvnoticias.com.ar\/index.php?rest_route=\/wp\/v2\/users\/5"}],"replies":[{"embeddable":true,"href":"http:\/\/www.rtvnoticias.com.ar\/index.php?rest_route=%2Fwp%2Fv2%2Fcomments&post=42394"}],"version-history":[{"count":1,"href":"http:\/\/www.rtvnoticias.com.ar\/index.php?rest_route=\/wp\/v2\/posts\/42394\/revisions"}],"predecessor-version":[{"id":42396,"href":"http:\/\/www.rtvnoticias.com.ar\/index.php?rest_route=\/wp\/v2\/posts\/42394\/revisions\/42396"}],"wp:featuredmedia":[{"embeddable":true,"href":"http:\/\/www.rtvnoticias.com.ar\/index.php?rest_route=\/wp\/v2\/media\/42395"}],"wp:attachment":[{"href":"http:\/\/www.rtvnoticias.com.ar\/index.php?rest_route=%2Fwp%2Fv2%2Fmedia&parent=42394"}],"wp:term":[{"taxonomy":"category","embeddable":true,"href":"http:\/\/www.rtvnoticias.com.ar\/index.php?rest_route=%2Fwp%2Fv2%2Fcategories&post=42394"},{"taxonomy":"post_tag","embeddable":true,"href":"http:\/\/www.rtvnoticias.com.ar\/index.php?rest_route=%2Fwp%2Fv2%2Ftags&post=42394"}],"curies":[{"name":"wp","href":"https:\/\/api.w.org\/{rel}","templated":true}]}}