{"id":42408,"date":"2024-09-23T19:21:05","date_gmt":"2024-09-23T22:21:05","guid":{"rendered":"http:\/\/www.rtvnoticias.com.ar\/?p=42408"},"modified":"2024-09-23T19:21:10","modified_gmt":"2024-09-23T22:21:10","slug":"la-justicia-investiga-la-muerte-de-la-tota-santillan","status":"publish","type":"post","link":"http:\/\/www.rtvnoticias.com.ar\/?p=42408","title":{"rendered":"La justicia investiga la muerte de la Tota Santill\u00e1n"},"content":{"rendered":"\n<p>La Tota Santill\u00e1n, reconocido conductor y productor musical de la movida tropical, falleci\u00f3 a los 57 a\u00f1os. La noticia fue confirmada por su abogado, Juan Pablo Merlo, quien representaba legalmente al hist\u00f3rico presentador de \u201cPasi\u00f3n de S\u00e1bado\u201d.<\/p>\n\n\n\n<p>El cuerpo de Ricardo Daniel Car\u00edas, su verdadero nombre, fue hallado en su casa de Ituzaing\u00f3, provincia de Buenos Aires. Las causas de su muerte a\u00fan son desconocidas y se realizar\u00e1 una autopsia para determinar las circunstancias del deceso.<\/p>\n\n\n\n<p>En los \u00faltimos a\u00f1os, Santill\u00e1n hab\u00eda reconocido p\u00fablicamente que enfrentaba problemas de salud mental. En 2022, revel\u00f3 que fue internado de urgencia por no seguir el tratamiento recomendado para su bienestar.<\/p>\n\n\n\n<p>La Tota Santill\u00e1n se convirti\u00f3 en una figura emblem\u00e1tica de la televisi\u00f3n argentina y un referente de la m\u00fasica tropical. Su trayectoria incluy\u00f3 la conducci\u00f3n de programas como \u201cPasi\u00f3n de S\u00e1bado\u201d, donde se consolid\u00f3 como uno de los animadores m\u00e1s queridos del g\u00e9nero. Adem\u00e1s, lanz\u00f3 varios discos y particip\u00f3 en producciones teatrales y televisivas.<\/p>\n\n\n\n<p>En 2023, fue condenado a cinco a\u00f1os y seis meses de prisi\u00f3n por violencia de g\u00e9nero y amenazas hacia su expareja, madre de dos de sus hijas.<\/p>\n\n\n\n<p>Santill\u00e1n naci\u00f3 en San Mart\u00edn, Mendoza, y desde joven se traslad\u00f3 a Buenos Aires, donde comenz\u00f3 su carrera en la m\u00fasica tropical. A los 14 a\u00f1os ya trabajaba como tarjetero en bailantas, lo que marc\u00f3 el inicio de su vinculaci\u00f3n con el mundo de la m\u00fasica.<\/p>\n\n\n\n<p>El fallecimiento de La Tota Santill\u00e1n gener\u00f3 una profunda conmoci\u00f3n en el \u00e1mbito art\u00edstico y entre sus seguidores, que lo recordar\u00e1n como uno de los grandes referentes de la movida tropical.<\/p>\n<div class=\"sharedaddy sd-sharing-enabled\"><div class=\"robots-nocontent sd-block sd-social sd-social-icon sd-sharing\"><h3 class=\"sd-title\">Comparte esto:<\/h3><div class=\"sd-content\"><ul><li class=\"share-twitter\"><a rel=\"nofollow noopener noreferrer\" data-shared=\"sharing-twitter-42408\" class=\"share-twitter sd-button share-icon no-text\" href=\"http:\/\/www.rtvnoticias.com.ar\/?p=42408&amp;share=twitter\" target=\"_blank\" title=\"Haz clic para compartir en Twitter\"><span><\/span><span class=\"sharing-screen-reader-text\">Haz clic para compartir en Twitter (Se abre en una ventana nueva)<\/span><\/a><\/li><li class=\"share-facebook\"><a rel=\"nofollow noopener noreferrer\" data-shared=\"sharing-facebook-42408\" class=\"share-facebook sd-button share-icon no-text\" href=\"http:\/\/www.rtvnoticias.com.ar\/?p=42408&amp;share=facebook\" target=\"_blank\" title=\"Haz clic para compartir en Facebook\"><span><\/span><span class=\"sharing-screen-reader-text\">Haz clic para compartir en Facebook (Se abre en una ventana nueva)<\/span><\/a><\/li><li class=\"share-jetpack-whatsapp\"><a rel=\"nofollow noopener noreferrer\" data-shared=\"\" class=\"share-jetpack-whatsapp sd-button share-icon no-text\" href=\"http:\/\/www.rtvnoticias.com.ar\/?p=42408&amp;share=jetpack-whatsapp\" target=\"_blank\" title=\"Haz clic para compartir en WhatsApp\"><span><\/span><span class=\"sharing-screen-reader-text\">Haz clic para compartir en WhatsApp (Se abre en una ventana nueva)<\/span><\/a><\/li><li class=\"share-telegram\"><a rel=\"nofollow noopener noreferrer\" data-shared=\"\" class=\"share-telegram sd-button share-icon no-text\" href=\"http:\/\/www.rtvnoticias.com.ar\/?p=42408&amp;share=telegram\" target=\"_blank\" title=\"Haz clic para compartir en Telegram\"><span><\/span><span class=\"sharing-screen-reader-text\">Haz clic para compartir en Telegram (Se abre en una ventana nueva)<\/span><\/a><\/li><li class=\"share-end\"><\/li><\/ul><\/div><\/div><\/div>","protected":false},"excerpt":{"rendered":"<p>La Tota Santill\u00e1n, reconocido conductor y productor musical de la movida tropical, falleci\u00f3 a los 57 a\u00f1os. La noticia fue confirmada por su abogado, Juan<\/p>\n<div class=\"sharedaddy sd-sharing-enabled\"><div class=\"robots-nocontent sd-block sd-social sd-social-icon sd-sharing\"><h3 class=\"sd-title\">Comparte esto:<\/h3><div class=\"sd-content\"><ul><li class=\"share-twitter\"><a rel=\"nofollow noopener noreferrer\" data-shared=\"sharing-twitter-42408\" class=\"share-twitter sd-button share-icon no-text\" href=\"http:\/\/www.rtvnoticias.com.ar\/?p=42408&amp;share=twitter\" target=\"_blank\" title=\"Haz clic para compartir en Twitter\"><span><\/span><span class=\"sharing-screen-reader-text\">Haz clic para compartir en Twitter (Se abre en una ventana nueva)<\/span><\/a><\/li><li class=\"share-facebook\"><a rel=\"nofollow noopener noreferrer\" data-shared=\"sharing-facebook-42408\" class=\"share-facebook sd-button share-icon no-text\" href=\"http:\/\/www.rtvnoticias.com.ar\/?p=42408&amp;share=facebook\" target=\"_blank\" title=\"Haz clic para compartir en Facebook\"><span><\/span><span class=\"sharing-screen-reader-text\">Haz clic para compartir en Facebook (Se abre en una ventana nueva)<\/span><\/a><\/li><li class=\"share-jetpack-whatsapp\"><a rel=\"nofollow noopener noreferrer\" data-shared=\"\" class=\"share-jetpack-whatsapp sd-button share-icon no-text\" href=\"http:\/\/www.rtvnoticias.com.ar\/?p=42408&amp;share=jetpack-whatsapp\" target=\"_blank\" title=\"Haz clic para compartir en WhatsApp\"><span><\/span><span class=\"sharing-screen-reader-text\">Haz clic para compartir en WhatsApp (Se abre en una ventana nueva)<\/span><\/a><\/li><li class=\"share-telegram\"><a rel=\"nofollow noopener noreferrer\" data-shared=\"\" class=\"share-telegram sd-button share-icon no-text\" href=\"http:\/\/www.rtvnoticias.com.ar\/?p=42408&amp;share=telegram\" target=\"_blank\" title=\"Haz clic para compartir en Telegram\"><span><\/span><span class=\"sharing-screen-reader-text\">Haz clic para compartir en Telegram (Se abre en una ventana nueva)<\/span><\/a><\/li><li class=\"share-end\"><\/li><\/ul><\/div><\/div><\/div>","protected":false},"author":5,"featured_media":42409,"comment_status":"closed","ping_status":"closed","sticky":false,"template":"","format":"standard","meta":{"spay_email":"","jetpack_publicize_message":"","jetpack_is_tweetstorm":false,"jetpack_publicize_feature_enabled":true},"categories":[5],"tags":[4972],"jetpack_featured_media_url":"http:\/\/www.rtvnoticias.com.ar\/wp-content\/uploads\/2024\/09\/tota.jpg","jetpack_publicize_connections":[],"jetpack_sharing_enabled":true,"_links":{"self":[{"href":"http:\/\/www.rtvnoticias.com.ar\/index.php?rest_route=\/wp\/v2\/posts\/42408"}],"collection":[{"href":"http:\/\/www.rtvnoticias.com.ar\/index.php?rest_route=\/wp\/v2\/posts"}],"about":[{"href":"http:\/\/www.rtvnoticias.com.ar\/index.php?rest_route=\/wp\/v2\/types\/post"}],"author":[{"embeddable":true,"href":"http:\/\/www.rtvnoticias.com.ar\/index.php?rest_route=\/wp\/v2\/users\/5"}],"replies":[{"embeddable":true,"href":"http:\/\/www.rtvnoticias.com.ar\/index.php?rest_route=%2Fwp%2Fv2%2Fcomments&post=42408"}],"version-history":[{"count":1,"href":"http:\/\/www.rtvnoticias.com.ar\/index.php?rest_route=\/wp\/v2\/posts\/42408\/revisions"}],"predecessor-version":[{"id":42410,"href":"http:\/\/www.rtvnoticias.com.ar\/index.php?rest_route=\/wp\/v2\/posts\/42408\/revisions\/42410"}],"wp:featuredmedia":[{"embeddable":true,"href":"http:\/\/www.rtvnoticias.com.ar\/index.php?rest_route=\/wp\/v2\/media\/42409"}],"wp:attachment":[{"href":"http:\/\/www.rtvnoticias.com.ar\/index.php?rest_route=%2Fwp%2Fv2%2Fmedia&parent=42408"}],"wp:term":[{"taxonomy":"category","embeddable":true,"href":"http:\/\/www.rtvnoticias.com.ar\/index.php?rest_route=%2Fwp%2Fv2%2Fcategories&post=42408"},{"taxonomy":"post_tag","embeddable":true,"href":"http:\/\/www.rtvnoticias.com.ar\/index.php?rest_route=%2Fwp%2Fv2%2Ftags&post=42408"}],"curies":[{"name":"wp","href":"https:\/\/api.w.org\/{rel}","templated":true}]}}