{"id":42414,"date":"2024-09-24T07:37:00","date_gmt":"2024-09-24T10:37:00","guid":{"rendered":"http:\/\/www.rtvnoticias.com.ar\/?p=42414"},"modified":"2024-09-23T19:39:09","modified_gmt":"2024-09-23T22:39:09","slug":"empresas-pampeanas-viajan-a-la-expocruz-2024-acompanadas-por-el-gobierno-provincial-y-el-cfi-dos-son-de-pico","status":"publish","type":"post","link":"http:\/\/www.rtvnoticias.com.ar\/?p=42414","title":{"rendered":"Empresas pampeanas viajan a la ExpoCruz 2024 acompa\u00f1adas por el Gobierno provincial y el CFI. Dos son de Pico"},"content":{"rendered":"\n<p>Empresas pampeanas industriales y tecnol\u00f3gicas participar\u00e1n de una nueva edici\u00f3n de ExpoCruz 2024, que se realiza en Santa Cruz de la Sierra, Bolivia. La Feria Internacional Multisectorial m\u00e1s importante de Latinoam\u00e9rica, cont\u00f3 el \u00faltimo a\u00f1o con unos 500.000 visitantes, siendo este el tercer a\u00f1o consecutivo en que La Pampa est\u00e1 presente en este evento de renombre internacional. Dos empresas son de General Pico.<\/p>\n\n\n\n<p>La participaci\u00f3n del evento se realiza en el marco del Programa de Promoci\u00f3n Comercial Internacional que puso en marcha el gobernador Sergio Ziliotto dentro del conjunto de medidas orientadas a incrementar las exportaciones pampeanas y diversificar mercados.<\/p>\n\n\n\n<p><strong>Empresas pampeanas en el escenario internacional<\/strong><\/p>\n\n\n\n<p>Participar\u00e1n en esta ocasi\u00f3n El Im\u00e1n S.A, empresa que fabrica casillas rurales instalada en la localidad de Alta Italia; All Track dedicada al desarrollo de software orientado brindar soluciones innovadoras para el seguimiento y monitoreo satelital de veh\u00edculos, ubicada en la localidad de General Pico; Proinsal, de La Adela que elabora sal de mesa e industrial; M\u00e1quinas Bono, instalada en el Parque Industrial de Santa Rosa, que fabrica maquinaria para el tratamiento de agua y embotelladoras y Trama Indumentaria que elabora vestimenta de trabajo de General Pico.<\/p>\n\n\n\n<p>Esta feria se ha convertido en el escenario perfecto para exhibir al mundo entero los productos y servicios de La Pampa, transform\u00e1ndose en una oportunidad de vinculaci\u00f3n de gran ayuda para establecer relaciones comerciales con potenciales socios a nivel internacional.<\/p>\n\n\n\n<p><strong>ExpoCruz 2024: una oportunidad para diversificar mercados<\/strong><\/p>\n\n\n\n<p>Expocruz abri\u00f3 sus puertas el 20 de septiembre y se extender\u00e1 hasta el 29 y llega este a\u00f1o con una propuesta consolidada. Uno de los aspectos m\u00e1s destacados de la exposici\u00f3n son las Ruedas de Negocios de Cainco, una tradici\u00f3n que se repite cada a\u00f1o en este evento y que se llevar\u00e1n adelante del 25 al 27 en el marco de la feria. Esta herramienta de vinculaci\u00f3n es muy valiosa para las PyMEs de La Pampa, ya que facilitan encuentros comerciales entre las empresas locales y potenciales socios comerciales a nivel internacional.<\/p>\n\n\n\n<p>La presencia de las empresas pampeanas en ExpoCruz 2024 demuestra una vez m\u00e1s el trabajo constante del Gobierno de La Pampa para potenciar la participaci\u00f3n de la provincia en mercados internacionales. Con acciones como estas, se generan oportunidades que benefician a las PyMEs pampeanas y ayudan a posicionar a La Pampa en el escenario global.<\/p>\n<div class=\"sharedaddy sd-sharing-enabled\"><div class=\"robots-nocontent sd-block sd-social sd-social-icon sd-sharing\"><h3 class=\"sd-title\">Comparte esto:<\/h3><div class=\"sd-content\"><ul><li class=\"share-twitter\"><a rel=\"nofollow noopener noreferrer\" data-shared=\"sharing-twitter-42414\" class=\"share-twitter sd-button share-icon no-text\" href=\"http:\/\/www.rtvnoticias.com.ar\/?p=42414&amp;share=twitter\" target=\"_blank\" title=\"Haz clic para compartir en Twitter\"><span><\/span><span class=\"sharing-screen-reader-text\">Haz clic para compartir en Twitter (Se abre en una ventana nueva)<\/span><\/a><\/li><li class=\"share-facebook\"><a rel=\"nofollow noopener noreferrer\" data-shared=\"sharing-facebook-42414\" class=\"share-facebook sd-button share-icon no-text\" href=\"http:\/\/www.rtvnoticias.com.ar\/?p=42414&amp;share=facebook\" target=\"_blank\" title=\"Haz clic para compartir en Facebook\"><span><\/span><span class=\"sharing-screen-reader-text\">Haz clic para compartir en Facebook (Se abre en una ventana nueva)<\/span><\/a><\/li><li class=\"share-jetpack-whatsapp\"><a rel=\"nofollow noopener noreferrer\" data-shared=\"\" class=\"share-jetpack-whatsapp sd-button share-icon no-text\" href=\"http:\/\/www.rtvnoticias.com.ar\/?p=42414&amp;share=jetpack-whatsapp\" target=\"_blank\" title=\"Haz clic para compartir en WhatsApp\"><span><\/span><span class=\"sharing-screen-reader-text\">Haz clic para compartir en WhatsApp (Se abre en una ventana nueva)<\/span><\/a><\/li><li class=\"share-telegram\"><a rel=\"nofollow noopener noreferrer\" data-shared=\"\" class=\"share-telegram sd-button share-icon no-text\" href=\"http:\/\/www.rtvnoticias.com.ar\/?p=42414&amp;share=telegram\" target=\"_blank\" title=\"Haz clic para compartir en Telegram\"><span><\/span><span class=\"sharing-screen-reader-text\">Haz clic para compartir en Telegram (Se abre en una ventana nueva)<\/span><\/a><\/li><li class=\"share-end\"><\/li><\/ul><\/div><\/div><\/div>","protected":false},"excerpt":{"rendered":"<p>Empresas pampeanas industriales y tecnol\u00f3gicas participar\u00e1n de una nueva edici\u00f3n de ExpoCruz 2024, que se realiza en Santa Cruz de la Sierra, Bolivia. La Feria<\/p>\n<div class=\"sharedaddy sd-sharing-enabled\"><div class=\"robots-nocontent sd-block sd-social sd-social-icon sd-sharing\"><h3 class=\"sd-title\">Comparte esto:<\/h3><div class=\"sd-content\"><ul><li class=\"share-twitter\"><a rel=\"nofollow noopener noreferrer\" data-shared=\"sharing-twitter-42414\" class=\"share-twitter sd-button share-icon no-text\" href=\"http:\/\/www.rtvnoticias.com.ar\/?p=42414&amp;share=twitter\" target=\"_blank\" title=\"Haz clic para compartir en Twitter\"><span><\/span><span class=\"sharing-screen-reader-text\">Haz clic para compartir en Twitter (Se abre en una ventana nueva)<\/span><\/a><\/li><li class=\"share-facebook\"><a rel=\"nofollow noopener noreferrer\" data-shared=\"sharing-facebook-42414\" class=\"share-facebook sd-button share-icon no-text\" href=\"http:\/\/www.rtvnoticias.com.ar\/?p=42414&amp;share=facebook\" target=\"_blank\" title=\"Haz clic para compartir en Facebook\"><span><\/span><span class=\"sharing-screen-reader-text\">Haz clic para compartir en Facebook (Se abre en una ventana nueva)<\/span><\/a><\/li><li class=\"share-jetpack-whatsapp\"><a rel=\"nofollow noopener noreferrer\" data-shared=\"\" class=\"share-jetpack-whatsapp sd-button share-icon no-text\" href=\"http:\/\/www.rtvnoticias.com.ar\/?p=42414&amp;share=jetpack-whatsapp\" target=\"_blank\" title=\"Haz clic para compartir en WhatsApp\"><span><\/span><span class=\"sharing-screen-reader-text\">Haz clic para compartir en WhatsApp (Se abre en una ventana nueva)<\/span><\/a><\/li><li class=\"share-telegram\"><a rel=\"nofollow noopener noreferrer\" data-shared=\"\" class=\"share-telegram sd-button share-icon no-text\" href=\"http:\/\/www.rtvnoticias.com.ar\/?p=42414&amp;share=telegram\" target=\"_blank\" title=\"Haz clic para compartir en Telegram\"><span><\/span><span class=\"sharing-screen-reader-text\">Haz clic para compartir en Telegram (Se abre en una ventana nueva)<\/span><\/a><\/li><li class=\"share-end\"><\/li><\/ul><\/div><\/div><\/div>","protected":false},"author":5,"featured_media":0,"comment_status":"closed","ping_status":"closed","sticky":false,"template":"","format":"standard","meta":{"spay_email":"","jetpack_publicize_message":"","jetpack_is_tweetstorm":false,"jetpack_publicize_feature_enabled":true},"categories":[1],"tags":[],"jetpack_featured_media_url":"","jetpack_publicize_connections":[],"jetpack_sharing_enabled":true,"_links":{"self":[{"href":"http:\/\/www.rtvnoticias.com.ar\/index.php?rest_route=\/wp\/v2\/posts\/42414"}],"collection":[{"href":"http:\/\/www.rtvnoticias.com.ar\/index.php?rest_route=\/wp\/v2\/posts"}],"about":[{"href":"http:\/\/www.rtvnoticias.com.ar\/index.php?rest_route=\/wp\/v2\/types\/post"}],"author":[{"embeddable":true,"href":"http:\/\/www.rtvnoticias.com.ar\/index.php?rest_route=\/wp\/v2\/users\/5"}],"replies":[{"embeddable":true,"href":"http:\/\/www.rtvnoticias.com.ar\/index.php?rest_route=%2Fwp%2Fv2%2Fcomments&post=42414"}],"version-history":[{"count":1,"href":"http:\/\/www.rtvnoticias.com.ar\/index.php?rest_route=\/wp\/v2\/posts\/42414\/revisions"}],"predecessor-version":[{"id":42415,"href":"http:\/\/www.rtvnoticias.com.ar\/index.php?rest_route=\/wp\/v2\/posts\/42414\/revisions\/42415"}],"wp:attachment":[{"href":"http:\/\/www.rtvnoticias.com.ar\/index.php?rest_route=%2Fwp%2Fv2%2Fmedia&parent=42414"}],"wp:term":[{"taxonomy":"category","embeddable":true,"href":"http:\/\/www.rtvnoticias.com.ar\/index.php?rest_route=%2Fwp%2Fv2%2Fcategories&post=42414"},{"taxonomy":"post_tag","embeddable":true,"href":"http:\/\/www.rtvnoticias.com.ar\/index.php?rest_route=%2Fwp%2Fv2%2Ftags&post=42414"}],"curies":[{"name":"wp","href":"https:\/\/api.w.org\/{rel}","templated":true}]}}