{"id":42421,"date":"2024-09-23T21:36:01","date_gmt":"2024-09-24T00:36:01","guid":{"rendered":"http:\/\/www.rtvnoticias.com.ar\/?p=42421"},"modified":"2024-09-23T21:36:04","modified_gmt":"2024-09-24T00:36:04","slug":"la-justicia-argentina-pidio-la-detencion-de-maduro-por-crimenes-en-venezuela","status":"publish","type":"post","link":"http:\/\/www.rtvnoticias.com.ar\/?p=42421","title":{"rendered":"La Justicia argentina pidi\u00f3 la detenci\u00f3n de Maduro por cr\u00edmenes en Venezuela"},"content":{"rendered":"\n<p>Lo orden\u00f3 la C\u00e1mara Federal porte\u00f1a. Afecta a otros jerarcas del r\u00e9gimen chavista, entre ellos Diosdado Cabello. El tribunal los considera responsables de un plan sistem\u00e1tico para detener, secuestrar y torturar a ciudadanos.<\/p>\n\n\n\n<p>La C\u00e1mara Federal porte\u00f1a orden\u00f3 este lunes la detenci\u00f3n y captura del presidente venezolano, Nicol\u00e1s Maduro, y uno de sus principales dirigentes, Diosdado Cabello, al encontrarlos responsables de un plan sistem\u00e1tico para detener, secuestrar y torturar a ciudadanos de su pa\u00eds.<\/p>\n\n\n\n<p>El fallo tambi\u00e9n afecta a m\u00e1s de treinta jerarcas y militares chavistas, incluyendo miembros de las Fuerzas Armadas, las de Seguridad, de la Guardia Nacional Bolivariana y agentes de inteligencia que responden al mandatario caribe\u00f1o.<\/p>\n\n\n\n<p>Mariano Llorens, Pablo Bertuzzi y Leopoldo Bruglia fueron los jueces de la Sala I que decidieron por unanimidad el fallo.<\/p>\n\n\n\n<p>Los magistrados accionaron sobre una denuncia radicada sobre la base del principio de jurisdicci\u00f3n universal, el cual permite a los pa\u00edses procesar graves delitos contra los derechos humanos sin importar d\u00f3nde sean cometidos, la nacionalidad del autor y de la v\u00edctima.<\/p>\n\n\n\n<p>Adem\u00e1s, se pedir\u00e1 la presentaci\u00f3n de las \u00f3rdenes de captura ante Interpol, para que \u00e9sta decida si interpone un pedido de alertas rojas.<\/p>\n\n\n\n<p>\u00abLas \u00f3rdenes de captura, con fines de extradici\u00f3n, servir\u00e1n para que todas aquellas naciones que por motivos ideol\u00f3gicos o econ\u00f3micos a\u00fan mantienen posiciones ambivalentes sobre lo que pasa en Venezuela. Ya no puedan desentenderse de los graves cr\u00edmenes de lesa humanidad que el gobierno que encabeza Nicol\u00e1s Maduro Moros perpetra de manera sistem\u00e1tica para generar terror en la poblaci\u00f3n civil y de esa forma perpetuarse en el poder\u00bb, revel\u00f3 el abogado Tom\u00e1s Farini Duggan en declaraciones a Clar\u00edn.<\/p>\n\n\n\n<p>Farini Duggan es uno de los impulsores, junto al actual ministro de Seguridad porte\u00f1a, Waldo Wolff, de esta segunda etapa de denuncias en este pa\u00eds contra Maduro y los dirigentes chavistas.<\/p>\n\n\n\n<p>Ahora, aguardan presentarla junto a otra que se hizo desde Argentina y otros pa\u00edses ante la Corte Penal Internacional.<\/p>\n<div class=\"sharedaddy sd-sharing-enabled\"><div class=\"robots-nocontent sd-block sd-social sd-social-icon sd-sharing\"><h3 class=\"sd-title\">Comparte esto:<\/h3><div class=\"sd-content\"><ul><li class=\"share-twitter\"><a rel=\"nofollow noopener noreferrer\" data-shared=\"sharing-twitter-42421\" class=\"share-twitter sd-button share-icon no-text\" href=\"http:\/\/www.rtvnoticias.com.ar\/?p=42421&amp;share=twitter\" target=\"_blank\" title=\"Haz clic para compartir en Twitter\"><span><\/span><span class=\"sharing-screen-reader-text\">Haz clic para compartir en Twitter (Se abre en una ventana nueva)<\/span><\/a><\/li><li class=\"share-facebook\"><a rel=\"nofollow noopener noreferrer\" data-shared=\"sharing-facebook-42421\" class=\"share-facebook sd-button share-icon no-text\" href=\"http:\/\/www.rtvnoticias.com.ar\/?p=42421&amp;share=facebook\" target=\"_blank\" title=\"Haz clic para compartir en Facebook\"><span><\/span><span class=\"sharing-screen-reader-text\">Haz clic para compartir en Facebook (Se abre en una ventana nueva)<\/span><\/a><\/li><li class=\"share-jetpack-whatsapp\"><a rel=\"nofollow noopener noreferrer\" data-shared=\"\" class=\"share-jetpack-whatsapp sd-button share-icon no-text\" href=\"http:\/\/www.rtvnoticias.com.ar\/?p=42421&amp;share=jetpack-whatsapp\" target=\"_blank\" title=\"Haz clic para compartir en WhatsApp\"><span><\/span><span class=\"sharing-screen-reader-text\">Haz clic para compartir en WhatsApp (Se abre en una ventana nueva)<\/span><\/a><\/li><li class=\"share-telegram\"><a rel=\"nofollow noopener noreferrer\" data-shared=\"\" class=\"share-telegram sd-button share-icon no-text\" href=\"http:\/\/www.rtvnoticias.com.ar\/?p=42421&amp;share=telegram\" target=\"_blank\" title=\"Haz clic para compartir en Telegram\"><span><\/span><span class=\"sharing-screen-reader-text\">Haz clic para compartir en Telegram (Se abre en una ventana nueva)<\/span><\/a><\/li><li class=\"share-end\"><\/li><\/ul><\/div><\/div><\/div>","protected":false},"excerpt":{"rendered":"<p>Lo orden\u00f3 la C\u00e1mara Federal porte\u00f1a. Afecta a otros jerarcas del r\u00e9gimen chavista, entre ellos Diosdado Cabello. El tribunal los considera responsables de un plan<\/p>\n<div class=\"sharedaddy sd-sharing-enabled\"><div class=\"robots-nocontent sd-block sd-social sd-social-icon sd-sharing\"><h3 class=\"sd-title\">Comparte esto:<\/h3><div class=\"sd-content\"><ul><li class=\"share-twitter\"><a rel=\"nofollow noopener noreferrer\" data-shared=\"sharing-twitter-42421\" class=\"share-twitter sd-button share-icon no-text\" href=\"http:\/\/www.rtvnoticias.com.ar\/?p=42421&amp;share=twitter\" target=\"_blank\" title=\"Haz clic para compartir en Twitter\"><span><\/span><span class=\"sharing-screen-reader-text\">Haz clic para compartir en Twitter (Se abre en una ventana nueva)<\/span><\/a><\/li><li class=\"share-facebook\"><a rel=\"nofollow noopener noreferrer\" data-shared=\"sharing-facebook-42421\" class=\"share-facebook sd-button share-icon no-text\" href=\"http:\/\/www.rtvnoticias.com.ar\/?p=42421&amp;share=facebook\" target=\"_blank\" title=\"Haz clic para compartir en Facebook\"><span><\/span><span class=\"sharing-screen-reader-text\">Haz clic para compartir en Facebook (Se abre en una ventana nueva)<\/span><\/a><\/li><li class=\"share-jetpack-whatsapp\"><a rel=\"nofollow noopener noreferrer\" data-shared=\"\" class=\"share-jetpack-whatsapp sd-button share-icon no-text\" href=\"http:\/\/www.rtvnoticias.com.ar\/?p=42421&amp;share=jetpack-whatsapp\" target=\"_blank\" title=\"Haz clic para compartir en WhatsApp\"><span><\/span><span class=\"sharing-screen-reader-text\">Haz clic para compartir en WhatsApp (Se abre en una ventana nueva)<\/span><\/a><\/li><li class=\"share-telegram\"><a rel=\"nofollow noopener noreferrer\" data-shared=\"\" class=\"share-telegram sd-button share-icon no-text\" href=\"http:\/\/www.rtvnoticias.com.ar\/?p=42421&amp;share=telegram\" target=\"_blank\" title=\"Haz clic para compartir en Telegram\"><span><\/span><span class=\"sharing-screen-reader-text\">Haz clic para compartir en Telegram (Se abre en una ventana nueva)<\/span><\/a><\/li><li class=\"share-end\"><\/li><\/ul><\/div><\/div><\/div>","protected":false},"author":7,"featured_media":9019,"comment_status":"closed","ping_status":"closed","sticky":false,"template":"","format":"standard","meta":{"spay_email":"","jetpack_publicize_message":"","jetpack_is_tweetstorm":false,"jetpack_publicize_feature_enabled":true},"categories":[1],"tags":[],"jetpack_featured_media_url":"http:\/\/www.rtvnoticias.com.ar\/wp-content\/uploads\/2019\/01\/maduro.jpg","jetpack_publicize_connections":[],"jetpack_sharing_enabled":true,"_links":{"self":[{"href":"http:\/\/www.rtvnoticias.com.ar\/index.php?rest_route=\/wp\/v2\/posts\/42421"}],"collection":[{"href":"http:\/\/www.rtvnoticias.com.ar\/index.php?rest_route=\/wp\/v2\/posts"}],"about":[{"href":"http:\/\/www.rtvnoticias.com.ar\/index.php?rest_route=\/wp\/v2\/types\/post"}],"author":[{"embeddable":true,"href":"http:\/\/www.rtvnoticias.com.ar\/index.php?rest_route=\/wp\/v2\/users\/7"}],"replies":[{"embeddable":true,"href":"http:\/\/www.rtvnoticias.com.ar\/index.php?rest_route=%2Fwp%2Fv2%2Fcomments&post=42421"}],"version-history":[{"count":1,"href":"http:\/\/www.rtvnoticias.com.ar\/index.php?rest_route=\/wp\/v2\/posts\/42421\/revisions"}],"predecessor-version":[{"id":42422,"href":"http:\/\/www.rtvnoticias.com.ar\/index.php?rest_route=\/wp\/v2\/posts\/42421\/revisions\/42422"}],"wp:featuredmedia":[{"embeddable":true,"href":"http:\/\/www.rtvnoticias.com.ar\/index.php?rest_route=\/wp\/v2\/media\/9019"}],"wp:attachment":[{"href":"http:\/\/www.rtvnoticias.com.ar\/index.php?rest_route=%2Fwp%2Fv2%2Fmedia&parent=42421"}],"wp:term":[{"taxonomy":"category","embeddable":true,"href":"http:\/\/www.rtvnoticias.com.ar\/index.php?rest_route=%2Fwp%2Fv2%2Fcategories&post=42421"},{"taxonomy":"post_tag","embeddable":true,"href":"http:\/\/www.rtvnoticias.com.ar\/index.php?rest_route=%2Fwp%2Fv2%2Ftags&post=42421"}],"curies":[{"name":"wp","href":"https:\/\/api.w.org\/{rel}","templated":true}]}}