{"id":42437,"date":"2024-09-25T22:28:04","date_gmt":"2024-09-26T01:28:04","guid":{"rendered":"http:\/\/www.rtvnoticias.com.ar\/?p=42437"},"modified":"2024-09-25T22:28:06","modified_gmt":"2024-09-26T01:28:06","slug":"el-gobierno-licitara-la-ampliacion-de-la-alcaidia-de-la-uri-de-santa-rosa","status":"publish","type":"post","link":"http:\/\/www.rtvnoticias.com.ar\/?p=42437","title":{"rendered":"El Gobierno licitar\u00e1 la ampliaci\u00f3n de la Alcaid\u00eda de la URI de Santa Rosa"},"content":{"rendered":"\n<p>El gobernador Sergio Ziliotto firm\u00f3 el decreto para el llamado a licitaci\u00f3n p\u00fablica de la obra de \u00abAmpliaci\u00f3n Alcaid\u00eda URI de Santa Rosa\u00bb, que tiene un presupuesto oficial de $ 2.294.392.544,34, a valores de agosto de 2024, y un plazo de ejecuci\u00f3n de 360 d\u00edas corridos. La apertura de ofertas se realizar\u00e1 el pr\u00f3ximo 10 de octubre a las 10.<\/p>\n\n\n\n<p>El prop\u00f3sito de la ampliaci\u00f3n es aumentar la capacidad de alojamiento de detenidos, con sus correspondientes espacios de esparcimiento, servicios sanitarios y sala de visitas. El edificio actual cuenta con una capacidad de 40 celdas y con la ampliaci\u00f3n se pasar\u00e1 a 72 celdas. La construcci\u00f3n a ampliar tiene una superficie de 1.292 metros cuadrados, distribuidos en 932 metros cuadrados en pabellones y dependencias y 360 metros cuadrados en patio de detenidos cubiertos.<\/p>\n\n\n\n<p>\u00abLa ampliaci\u00f3n de la Alcaid\u00eda de la URI representa un paso hacia la mejora de las condiciones de alojamiento de personas privadas de su libertad. El trabajo conjunto con el Ministerio de Obras y Servicios P\u00fablicos y el compromiso del Gobierno provincial nos permite responder a las demandas del sistema y brindar espacios que cumplan con los est\u00e1ndares necesarios para garantizar los derechos fundamentales de quienes se encuentran en esta situaci\u00f3n\u00bb, coment\u00f3 el ministro de Seguridad, Horacio di N\u00e1poli, a la Agencia Provincial de Noticias.<\/p>\n\n\n\n<p>\u00abEs una realidad que la Provincia, como muchas otras, enfrenta un desaf\u00edo con respecto a la capacidad de alojamiento de detenidos. Este proyecto no solo busca dar respuesta a esa necesidad inmediata, sino que forma parte de una estrategia m\u00e1s amplia que incluye la construcci\u00f3n de nuevas infraestructuras, como la comisar\u00eda del barrio este de Santa Rosa, pensada desde una perspectiva integradora y preventiva para la comunidad\u00bb, remarc\u00f3.<\/p>\n\n\n\n<p>\u00abNuestro deber es velar por el cumplimiento de las leyes, que exigen no solo sanciones penales sino tambi\u00e9n respeto por los derechos humanos. A pesar del contexto nacional, la Provincia contin\u00faa trabajando para generar respuestas reales y efectivas, asegurando que todos, sin importar su situaci\u00f3n, reciban el trato que las normativas establecen\u00bb, complet\u00f3.<\/p>\n\n\n\n<p><strong>Detalles de la ampliaci\u00f3n<\/strong><\/p>\n\n\n\n<p>La Alcaid\u00eda de Santa Rosa est\u00e1 ubicada sobre la calle Liberato Rosas N\u00b0 850, entre Blanco Escalada Sur, Sequeira y Fiorucci. Se trata de un lugar de detenci\u00f3n transitoria, donde los imputados se encuentran a la espera de la resoluci\u00f3n de su situaci\u00f3n procesal.<\/p>\n\n\n\n<p>El edificio cuenta actualmente con un sector administrativo (donde funcionan oficinas de personal, guardia, sector requisas, consultorio m\u00e9dico, comedor para detenidos y cocina) y un Sector de Detenidos (dividido en dos pabellones de 20 celdas cada una, en un total de 40 celdas).<\/p>\n\n\n\n<p>El proyecto de ampliaci\u00f3n contempla la construcci\u00f3n de 32 celdas de alojamiento, divididos en dos naves \u201cpeines\u201d de 16 celdas cada una. Cada celda se ejecutar\u00e1 con sus camas, ba\u00f1os individuales, respectando todas las normas de seguridad de Sistema de Detenci\u00f3n de Personas. Tambi\u00e9n se construir\u00e1 un sector de guardia contiguo a salas multiuso. Se construir\u00e1n dos bloques de duchas, para las celdas, repartidas en seis duchas, por cada nave.<\/p>\n\n\n\n<p>Para los momentos de esparcimiento, se construir\u00e1n dos espacios multiusos (interiores-cubiertos) y dos patios de detenidos, al aire libre (una para cada peine-pabell\u00f3n), con una superficie total de 340 metros cuadrados, cerrados en su parte superior, por medio de una malla de seguridad. La morfolog\u00eda del edificio a ampliar ser\u00e1 similar a la existente, buscando generar un todo homog\u00e9neo y conservaci\u00f3n del modelo constructivo existente. En planta baja, se construir\u00e1n dos salas de m\u00e1quinas, que contendr\u00e1n los tanques cisternas, los termotanques, rack y tablero general de electricidad, que abastecer\u00e1n a cada uno de los pabellones de detenidos.<\/p>\n<div class=\"sharedaddy sd-sharing-enabled\"><div class=\"robots-nocontent sd-block sd-social sd-social-icon sd-sharing\"><h3 class=\"sd-title\">Comparte esto:<\/h3><div class=\"sd-content\"><ul><li class=\"share-twitter\"><a rel=\"nofollow noopener noreferrer\" data-shared=\"sharing-twitter-42437\" class=\"share-twitter sd-button share-icon no-text\" href=\"http:\/\/www.rtvnoticias.com.ar\/?p=42437&amp;share=twitter\" target=\"_blank\" title=\"Haz clic para compartir en Twitter\"><span><\/span><span class=\"sharing-screen-reader-text\">Haz clic para compartir en Twitter (Se abre en una ventana nueva)<\/span><\/a><\/li><li class=\"share-facebook\"><a rel=\"nofollow noopener noreferrer\" data-shared=\"sharing-facebook-42437\" class=\"share-facebook sd-button share-icon no-text\" href=\"http:\/\/www.rtvnoticias.com.ar\/?p=42437&amp;share=facebook\" target=\"_blank\" title=\"Haz clic para compartir en Facebook\"><span><\/span><span class=\"sharing-screen-reader-text\">Haz clic para compartir en Facebook (Se abre en una ventana nueva)<\/span><\/a><\/li><li class=\"share-jetpack-whatsapp\"><a rel=\"nofollow noopener noreferrer\" data-shared=\"\" class=\"share-jetpack-whatsapp sd-button share-icon no-text\" href=\"http:\/\/www.rtvnoticias.com.ar\/?p=42437&amp;share=jetpack-whatsapp\" target=\"_blank\" title=\"Haz clic para compartir en WhatsApp\"><span><\/span><span class=\"sharing-screen-reader-text\">Haz clic para compartir en WhatsApp (Se abre en una ventana nueva)<\/span><\/a><\/li><li class=\"share-telegram\"><a rel=\"nofollow noopener noreferrer\" data-shared=\"\" class=\"share-telegram sd-button share-icon no-text\" href=\"http:\/\/www.rtvnoticias.com.ar\/?p=42437&amp;share=telegram\" target=\"_blank\" title=\"Haz clic para compartir en Telegram\"><span><\/span><span class=\"sharing-screen-reader-text\">Haz clic para compartir en Telegram (Se abre en una ventana nueva)<\/span><\/a><\/li><li class=\"share-end\"><\/li><\/ul><\/div><\/div><\/div>","protected":false},"excerpt":{"rendered":"<p>El gobernador Sergio Ziliotto firm\u00f3 el decreto para el llamado a licitaci\u00f3n p\u00fablica de la obra de \u00abAmpliaci\u00f3n Alcaid\u00eda URI de Santa Rosa\u00bb, que tiene<\/p>\n<div class=\"sharedaddy sd-sharing-enabled\"><div class=\"robots-nocontent sd-block sd-social sd-social-icon sd-sharing\"><h3 class=\"sd-title\">Comparte esto:<\/h3><div class=\"sd-content\"><ul><li class=\"share-twitter\"><a rel=\"nofollow noopener noreferrer\" data-shared=\"sharing-twitter-42437\" class=\"share-twitter sd-button share-icon no-text\" href=\"http:\/\/www.rtvnoticias.com.ar\/?p=42437&amp;share=twitter\" target=\"_blank\" title=\"Haz clic para compartir en Twitter\"><span><\/span><span class=\"sharing-screen-reader-text\">Haz clic para compartir en Twitter (Se abre en una ventana nueva)<\/span><\/a><\/li><li class=\"share-facebook\"><a rel=\"nofollow noopener noreferrer\" data-shared=\"sharing-facebook-42437\" class=\"share-facebook sd-button share-icon no-text\" href=\"http:\/\/www.rtvnoticias.com.ar\/?p=42437&amp;share=facebook\" target=\"_blank\" title=\"Haz clic para compartir en Facebook\"><span><\/span><span class=\"sharing-screen-reader-text\">Haz clic para compartir en Facebook (Se abre en una ventana nueva)<\/span><\/a><\/li><li class=\"share-jetpack-whatsapp\"><a rel=\"nofollow noopener noreferrer\" data-shared=\"\" class=\"share-jetpack-whatsapp sd-button share-icon no-text\" href=\"http:\/\/www.rtvnoticias.com.ar\/?p=42437&amp;share=jetpack-whatsapp\" target=\"_blank\" title=\"Haz clic para compartir en WhatsApp\"><span><\/span><span class=\"sharing-screen-reader-text\">Haz clic para compartir en WhatsApp (Se abre en una ventana nueva)<\/span><\/a><\/li><li class=\"share-telegram\"><a rel=\"nofollow noopener noreferrer\" data-shared=\"\" class=\"share-telegram sd-button share-icon no-text\" href=\"http:\/\/www.rtvnoticias.com.ar\/?p=42437&amp;share=telegram\" target=\"_blank\" title=\"Haz clic para compartir en Telegram\"><span><\/span><span class=\"sharing-screen-reader-text\">Haz clic para compartir en Telegram (Se abre en una ventana nueva)<\/span><\/a><\/li><li class=\"share-end\"><\/li><\/ul><\/div><\/div><\/div>","protected":false},"author":5,"featured_media":42438,"comment_status":"closed","ping_status":"closed","sticky":false,"template":"","format":"standard","meta":{"spay_email":"","jetpack_publicize_message":"","jetpack_is_tweetstorm":false,"jetpack_publicize_feature_enabled":true},"categories":[4],"tags":[],"jetpack_featured_media_url":"http:\/\/www.rtvnoticias.com.ar\/wp-content\/uploads\/2024\/09\/comisaria-sr.jpg","jetpack_publicize_connections":[],"jetpack_sharing_enabled":true,"_links":{"self":[{"href":"http:\/\/www.rtvnoticias.com.ar\/index.php?rest_route=\/wp\/v2\/posts\/42437"}],"collection":[{"href":"http:\/\/www.rtvnoticias.com.ar\/index.php?rest_route=\/wp\/v2\/posts"}],"about":[{"href":"http:\/\/www.rtvnoticias.com.ar\/index.php?rest_route=\/wp\/v2\/types\/post"}],"author":[{"embeddable":true,"href":"http:\/\/www.rtvnoticias.com.ar\/index.php?rest_route=\/wp\/v2\/users\/5"}],"replies":[{"embeddable":true,"href":"http:\/\/www.rtvnoticias.com.ar\/index.php?rest_route=%2Fwp%2Fv2%2Fcomments&post=42437"}],"version-history":[{"count":1,"href":"http:\/\/www.rtvnoticias.com.ar\/index.php?rest_route=\/wp\/v2\/posts\/42437\/revisions"}],"predecessor-version":[{"id":42439,"href":"http:\/\/www.rtvnoticias.com.ar\/index.php?rest_route=\/wp\/v2\/posts\/42437\/revisions\/42439"}],"wp:featuredmedia":[{"embeddable":true,"href":"http:\/\/www.rtvnoticias.com.ar\/index.php?rest_route=\/wp\/v2\/media\/42438"}],"wp:attachment":[{"href":"http:\/\/www.rtvnoticias.com.ar\/index.php?rest_route=%2Fwp%2Fv2%2Fmedia&parent=42437"}],"wp:term":[{"taxonomy":"category","embeddable":true,"href":"http:\/\/www.rtvnoticias.com.ar\/index.php?rest_route=%2Fwp%2Fv2%2Fcategories&post=42437"},{"taxonomy":"post_tag","embeddable":true,"href":"http:\/\/www.rtvnoticias.com.ar\/index.php?rest_route=%2Fwp%2Fv2%2Ftags&post=42437"}],"curies":[{"name":"wp","href":"https:\/\/api.w.org\/{rel}","templated":true}]}}