{"id":42446,"date":"2024-09-26T07:10:00","date_gmt":"2024-09-26T10:10:00","guid":{"rendered":"http:\/\/www.rtvnoticias.com.ar\/?p=42446"},"modified":"2024-09-25T22:46:02","modified_gmt":"2024-09-26T01:46:02","slug":"legisladora-radical-pide-informes-por-dineros-recibido-por-varias-fundaciones","status":"publish","type":"post","link":"http:\/\/www.rtvnoticias.com.ar\/?p=42446","title":{"rendered":"Legisladora radical pide informes por dineros recibido por varias fundaciones"},"content":{"rendered":"\n<p>La diputada provincial del radicalismo, la piquense Gisela Cuadrado , present\u00f3 un proyecto de resoluci\u00f3n por el cual solicita informaci\u00f3n sobre el funcionamiento de varias fundaciones que han recibido <\/p>\n\n\n\n<p>El proyecto pide adem\u00e1s la convocatoria del Ministerio de Desarrollo Social y Derechos Humanos de La Pampa junto a las fundaciones \u201cWetrache\u201d, \u201cOtto Krause\u201d, \u201cAyud\u00e1ndonos\u201d, \u201cRumen\u201d, \u201cCosecha Completa\u201d y \u201cCambiando Vidas\u201d, para que informen sobre las pol\u00edticas p\u00fablicas, intervenciones y abordajes aplicados en la protecci\u00f3n de ni\u00f1os y adolescentes en situaci\u00f3n de vulnerabilidad psicosocial.<\/p>\n\n\n\n<p>La iniciativa busca aclarar c\u00f3mo se utilizan los recursos humanos y materiales puestos a disposici\u00f3n por estas organizaciones, en el marco de los convenios firmados en diciembre de 2023 y ratificados en enero de 2024.<\/p>\n\n\n\n<p>Durante este 2024 los fondos entregados a estas fundaciones seg\u00fan la legisladora radical asciende a 1.513.654.390 pesos, discriminados de la siguiente forema: la\u00a0Fundaci\u00f3n \u201cWetrache\u201d recibi\u00f3 347 millones de pesos; \u201cOtto Krause\u201d, 95.389.390; \u201cAyud\u00e1ndonos\u201d, 239.625.000; \u201cRumen\u201d, 340.640.000; \u201cCosecha Completa\u201d \u2014filial La Pampa\u2014, 221 millones; y \u201cCambiando Vidas\u201d, 270 millones. <\/p>\n\n\n\n<p>El proyecto destaca la importancia de conocer la efectividad de estos convenios y c\u00f3mo las fundaciones trabajan en conjunto con el Gobierno provincial en pol\u00edticas de ni\u00f1ez y adolescencia\u201d, argument\u00f3.<\/p>\n<div class=\"sharedaddy sd-sharing-enabled\"><div class=\"robots-nocontent sd-block sd-social sd-social-icon sd-sharing\"><h3 class=\"sd-title\">Comparte esto:<\/h3><div class=\"sd-content\"><ul><li class=\"share-twitter\"><a rel=\"nofollow noopener noreferrer\" data-shared=\"sharing-twitter-42446\" class=\"share-twitter sd-button share-icon no-text\" href=\"http:\/\/www.rtvnoticias.com.ar\/?p=42446&amp;share=twitter\" target=\"_blank\" title=\"Haz clic para compartir en Twitter\"><span><\/span><span class=\"sharing-screen-reader-text\">Haz clic para compartir en Twitter (Se abre en una ventana nueva)<\/span><\/a><\/li><li class=\"share-facebook\"><a rel=\"nofollow noopener noreferrer\" data-shared=\"sharing-facebook-42446\" class=\"share-facebook sd-button share-icon no-text\" href=\"http:\/\/www.rtvnoticias.com.ar\/?p=42446&amp;share=facebook\" target=\"_blank\" title=\"Haz clic para compartir en Facebook\"><span><\/span><span class=\"sharing-screen-reader-text\">Haz clic para compartir en Facebook (Se abre en una ventana nueva)<\/span><\/a><\/li><li class=\"share-jetpack-whatsapp\"><a rel=\"nofollow noopener noreferrer\" data-shared=\"\" class=\"share-jetpack-whatsapp sd-button share-icon no-text\" href=\"http:\/\/www.rtvnoticias.com.ar\/?p=42446&amp;share=jetpack-whatsapp\" target=\"_blank\" title=\"Haz clic para compartir en WhatsApp\"><span><\/span><span class=\"sharing-screen-reader-text\">Haz clic para compartir en WhatsApp (Se abre en una ventana nueva)<\/span><\/a><\/li><li class=\"share-telegram\"><a rel=\"nofollow noopener noreferrer\" data-shared=\"\" class=\"share-telegram sd-button share-icon no-text\" href=\"http:\/\/www.rtvnoticias.com.ar\/?p=42446&amp;share=telegram\" target=\"_blank\" title=\"Haz clic para compartir en Telegram\"><span><\/span><span class=\"sharing-screen-reader-text\">Haz clic para compartir en Telegram (Se abre en una ventana nueva)<\/span><\/a><\/li><li class=\"share-end\"><\/li><\/ul><\/div><\/div><\/div>","protected":false},"excerpt":{"rendered":"<p>La diputada provincial del radicalismo, la piquense Gisela Cuadrado , present\u00f3 un proyecto de resoluci\u00f3n por el cual solicita informaci\u00f3n sobre el funcionamiento de varias<\/p>\n<div class=\"sharedaddy sd-sharing-enabled\"><div class=\"robots-nocontent sd-block sd-social sd-social-icon sd-sharing\"><h3 class=\"sd-title\">Comparte esto:<\/h3><div class=\"sd-content\"><ul><li class=\"share-twitter\"><a rel=\"nofollow noopener noreferrer\" data-shared=\"sharing-twitter-42446\" class=\"share-twitter sd-button share-icon no-text\" href=\"http:\/\/www.rtvnoticias.com.ar\/?p=42446&amp;share=twitter\" target=\"_blank\" title=\"Haz clic para compartir en Twitter\"><span><\/span><span class=\"sharing-screen-reader-text\">Haz clic para compartir en Twitter (Se abre en una ventana nueva)<\/span><\/a><\/li><li class=\"share-facebook\"><a rel=\"nofollow noopener noreferrer\" data-shared=\"sharing-facebook-42446\" class=\"share-facebook sd-button share-icon no-text\" href=\"http:\/\/www.rtvnoticias.com.ar\/?p=42446&amp;share=facebook\" target=\"_blank\" title=\"Haz clic para compartir en Facebook\"><span><\/span><span class=\"sharing-screen-reader-text\">Haz clic para compartir en Facebook (Se abre en una ventana nueva)<\/span><\/a><\/li><li class=\"share-jetpack-whatsapp\"><a rel=\"nofollow noopener noreferrer\" data-shared=\"\" class=\"share-jetpack-whatsapp sd-button share-icon no-text\" href=\"http:\/\/www.rtvnoticias.com.ar\/?p=42446&amp;share=jetpack-whatsapp\" target=\"_blank\" title=\"Haz clic para compartir en WhatsApp\"><span><\/span><span class=\"sharing-screen-reader-text\">Haz clic para compartir en WhatsApp (Se abre en una ventana nueva)<\/span><\/a><\/li><li class=\"share-telegram\"><a rel=\"nofollow noopener noreferrer\" data-shared=\"\" class=\"share-telegram sd-button share-icon no-text\" href=\"http:\/\/www.rtvnoticias.com.ar\/?p=42446&amp;share=telegram\" target=\"_blank\" title=\"Haz clic para compartir en Telegram\"><span><\/span><span class=\"sharing-screen-reader-text\">Haz clic para compartir en Telegram (Se abre en una ventana nueva)<\/span><\/a><\/li><li class=\"share-end\"><\/li><\/ul><\/div><\/div><\/div>","protected":false},"author":5,"featured_media":40226,"comment_status":"closed","ping_status":"closed","sticky":false,"template":"","format":"standard","meta":{"spay_email":"","jetpack_publicize_message":"","jetpack_is_tweetstorm":false,"jetpack_publicize_feature_enabled":true},"categories":[4],"tags":[4978],"jetpack_featured_media_url":"http:\/\/www.rtvnoticias.com.ar\/wp-content\/uploads\/2024\/03\/cuadrado.jpg","jetpack_publicize_connections":[],"jetpack_sharing_enabled":true,"_links":{"self":[{"href":"http:\/\/www.rtvnoticias.com.ar\/index.php?rest_route=\/wp\/v2\/posts\/42446"}],"collection":[{"href":"http:\/\/www.rtvnoticias.com.ar\/index.php?rest_route=\/wp\/v2\/posts"}],"about":[{"href":"http:\/\/www.rtvnoticias.com.ar\/index.php?rest_route=\/wp\/v2\/types\/post"}],"author":[{"embeddable":true,"href":"http:\/\/www.rtvnoticias.com.ar\/index.php?rest_route=\/wp\/v2\/users\/5"}],"replies":[{"embeddable":true,"href":"http:\/\/www.rtvnoticias.com.ar\/index.php?rest_route=%2Fwp%2Fv2%2Fcomments&post=42446"}],"version-history":[{"count":1,"href":"http:\/\/www.rtvnoticias.com.ar\/index.php?rest_route=\/wp\/v2\/posts\/42446\/revisions"}],"predecessor-version":[{"id":42447,"href":"http:\/\/www.rtvnoticias.com.ar\/index.php?rest_route=\/wp\/v2\/posts\/42446\/revisions\/42447"}],"wp:featuredmedia":[{"embeddable":true,"href":"http:\/\/www.rtvnoticias.com.ar\/index.php?rest_route=\/wp\/v2\/media\/40226"}],"wp:attachment":[{"href":"http:\/\/www.rtvnoticias.com.ar\/index.php?rest_route=%2Fwp%2Fv2%2Fmedia&parent=42446"}],"wp:term":[{"taxonomy":"category","embeddable":true,"href":"http:\/\/www.rtvnoticias.com.ar\/index.php?rest_route=%2Fwp%2Fv2%2Fcategories&post=42446"},{"taxonomy":"post_tag","embeddable":true,"href":"http:\/\/www.rtvnoticias.com.ar\/index.php?rest_route=%2Fwp%2Fv2%2Ftags&post=42446"}],"curies":[{"name":"wp","href":"https:\/\/api.w.org\/{rel}","templated":true}]}}