{"id":42455,"date":"2024-09-27T01:34:00","date_gmt":"2024-09-27T04:34:00","guid":{"rendered":"http:\/\/www.rtvnoticias.com.ar\/?p=42455"},"modified":"2024-09-26T23:39:56","modified_gmt":"2024-09-27T02:39:56","slug":"el-gobierno-rechaza-las-medidas-anunciadas-por-el-banco-de-la-nacion","status":"publish","type":"post","link":"http:\/\/www.rtvnoticias.com.ar\/?p=42455","title":{"rendered":"El Gobierno rechaza las medidas anunciadas por el Banco de la Naci\u00f3n"},"content":{"rendered":"\n<p>El Gobierno de La Pampa expresa su categ\u00f3rico rechazo a las medidas anunciadas por el Banco Naci\u00f3n en relaci\u00f3n a sus actividades en esta provincia. \u00abSe trata de una decisi\u00f3n burda, irracional y sin fundamentos. Es un ataque m\u00e1s a este Gobierno, un nuevo intento de extorsi\u00f3n. <\/p>\n\n\n\n<p>El comunicado oficial del gobierno pampeano dice que \u00abs\u00f3lo por estar en contra de este modelo econ\u00f3mico de concentraci\u00f3n de la riqueza en pocos y empobrecedor de las mayor\u00edas. Y, lo peor, por reclamar que nos devuelvan lo que nos quitan ilegalmente\u00bb.<\/p>\n\n\n\n<p>Puntualiza que \u00abse escudan en un incremento tributario, transitorio por 4 meses, para justificar toma de decisiones que van m\u00e1s all\u00e1 de la coyuntura: eliminar estructuras y amenazar con despidos\u00bb.<\/p>\n\n\n\n<p>No quedan dudas que subyace la verdadera causa y es la decisi\u00f3n de privatizarlo y despedir personal, como ya lo anticiparon y obran en consecuencia desde la asunci\u00f3n del actual Gobierno nacional.<br>Esa intenci\u00f3n privatizadora fue incorporada en el proyecto de Ley \u00d3mnibus que, aunque naufrag\u00f3 en el Congreso Nacional, fue lamentablemente impulsada por legisladores pampeanos.<\/p>\n\n\n\n<p>Los propios datos que brinda el Banco Naci\u00f3n marcan la irracionalidad de la medida.<\/p>\n\n\n\n<p><strong>Dicen que deben pagar 350 millones m\u00e1s que lo habitual.<\/strong><\/p>\n\n\n\n<p>Contrasta eso con la ganancia que el propio Banco tuvo en el primer semestre del a\u00f1o: 2,5 Billones de pesos. Pareciera que esa ca\u00edda \u00ednfima y transitoria de sus ingresos lleva a la entidad a la bancarrota. No hablar\u00eda bien este dato de la capacidad de quienes lo dirigen.<\/p>\n\n\n\n<p><strong>Dicen que deben pagar 350 millones m\u00e1s que lo habitual.<\/strong><\/p>\n\n\n\n<p>La apropiaci\u00f3n ilegal de nuestros recursos por parte del Gobierno nacional es 200 veces mayor que esa suma. Nos deben 70 mil millones de pesos.<\/p>\n\n\n\n<p>Si no se hubieran quedado con nuestros recursos, no habr\u00edamos tomado esta medida de emergencia para garantizar comida a familias vulnerables.<\/p>\n\n\n\n<p>Ante esa falta de fundamentos caen en la incoherencia de intentar sumar perjudicados. Mencionan una eventual decisi\u00f3n de trasladar a sus clientes este incremento transitorio.<br>Entonces, \u00bfhabr\u00eda perjuicio para las finanzas del Banco? \u00bfO suman otra insensatez para justificar vaciamiento, despidos y privatizaci\u00f3n?<\/p>\n\n\n\n<p>Asimismo, esta decisi\u00f3n va en franca contradicci\u00f3n con su demanda ante la Corte Suprema de Justicia por considerar inconstitucional la Ley Provincial N\u00ba 3.582.<\/p>\n\n\n\n<p>Sin que haya pronunciamiento judicial alguno, hoy toman decisiones asumiendo competencias que no les corresponden.<\/p>\n\n\n\n<p>No sorprende este desapego a la divisi\u00f3n de poderes que consagra la Constituci\u00f3n Nacional por parte del Gobierno nacional.<\/p>\n<div class=\"sharedaddy sd-sharing-enabled\"><div class=\"robots-nocontent sd-block sd-social sd-social-icon sd-sharing\"><h3 class=\"sd-title\">Comparte esto:<\/h3><div class=\"sd-content\"><ul><li class=\"share-twitter\"><a rel=\"nofollow noopener noreferrer\" data-shared=\"sharing-twitter-42455\" class=\"share-twitter sd-button share-icon no-text\" href=\"http:\/\/www.rtvnoticias.com.ar\/?p=42455&amp;share=twitter\" target=\"_blank\" title=\"Haz clic para compartir en Twitter\"><span><\/span><span class=\"sharing-screen-reader-text\">Haz clic para compartir en Twitter (Se abre en una ventana nueva)<\/span><\/a><\/li><li class=\"share-facebook\"><a rel=\"nofollow noopener noreferrer\" data-shared=\"sharing-facebook-42455\" class=\"share-facebook sd-button share-icon no-text\" href=\"http:\/\/www.rtvnoticias.com.ar\/?p=42455&amp;share=facebook\" target=\"_blank\" title=\"Haz clic para compartir en Facebook\"><span><\/span><span class=\"sharing-screen-reader-text\">Haz clic para compartir en Facebook (Se abre en una ventana nueva)<\/span><\/a><\/li><li class=\"share-jetpack-whatsapp\"><a rel=\"nofollow noopener noreferrer\" data-shared=\"\" class=\"share-jetpack-whatsapp sd-button share-icon no-text\" href=\"http:\/\/www.rtvnoticias.com.ar\/?p=42455&amp;share=jetpack-whatsapp\" target=\"_blank\" title=\"Haz clic para compartir en WhatsApp\"><span><\/span><span class=\"sharing-screen-reader-text\">Haz clic para compartir en WhatsApp (Se abre en una ventana nueva)<\/span><\/a><\/li><li class=\"share-telegram\"><a rel=\"nofollow noopener noreferrer\" data-shared=\"\" class=\"share-telegram sd-button share-icon no-text\" href=\"http:\/\/www.rtvnoticias.com.ar\/?p=42455&amp;share=telegram\" target=\"_blank\" title=\"Haz clic para compartir en Telegram\"><span><\/span><span class=\"sharing-screen-reader-text\">Haz clic para compartir en Telegram (Se abre en una ventana nueva)<\/span><\/a><\/li><li class=\"share-end\"><\/li><\/ul><\/div><\/div><\/div>","protected":false},"excerpt":{"rendered":"<p>El Gobierno de La Pampa expresa su categ\u00f3rico rechazo a las medidas anunciadas por el Banco Naci\u00f3n en relaci\u00f3n a sus actividades en esta provincia.<\/p>\n<div class=\"sharedaddy sd-sharing-enabled\"><div class=\"robots-nocontent sd-block sd-social sd-social-icon sd-sharing\"><h3 class=\"sd-title\">Comparte esto:<\/h3><div class=\"sd-content\"><ul><li class=\"share-twitter\"><a rel=\"nofollow noopener noreferrer\" data-shared=\"sharing-twitter-42455\" class=\"share-twitter sd-button share-icon no-text\" href=\"http:\/\/www.rtvnoticias.com.ar\/?p=42455&amp;share=twitter\" target=\"_blank\" title=\"Haz clic para compartir en Twitter\"><span><\/span><span class=\"sharing-screen-reader-text\">Haz clic para compartir en Twitter (Se abre en una ventana nueva)<\/span><\/a><\/li><li class=\"share-facebook\"><a rel=\"nofollow noopener noreferrer\" data-shared=\"sharing-facebook-42455\" class=\"share-facebook sd-button share-icon no-text\" href=\"http:\/\/www.rtvnoticias.com.ar\/?p=42455&amp;share=facebook\" target=\"_blank\" title=\"Haz clic para compartir en Facebook\"><span><\/span><span class=\"sharing-screen-reader-text\">Haz clic para compartir en Facebook (Se abre en una ventana nueva)<\/span><\/a><\/li><li class=\"share-jetpack-whatsapp\"><a rel=\"nofollow noopener noreferrer\" data-shared=\"\" class=\"share-jetpack-whatsapp sd-button share-icon no-text\" href=\"http:\/\/www.rtvnoticias.com.ar\/?p=42455&amp;share=jetpack-whatsapp\" target=\"_blank\" title=\"Haz clic para compartir en WhatsApp\"><span><\/span><span class=\"sharing-screen-reader-text\">Haz clic para compartir en WhatsApp (Se abre en una ventana nueva)<\/span><\/a><\/li><li class=\"share-telegram\"><a rel=\"nofollow noopener noreferrer\" data-shared=\"\" class=\"share-telegram sd-button share-icon no-text\" href=\"http:\/\/www.rtvnoticias.com.ar\/?p=42455&amp;share=telegram\" target=\"_blank\" title=\"Haz clic para compartir en Telegram\"><span><\/span><span class=\"sharing-screen-reader-text\">Haz clic para compartir en Telegram (Se abre en una ventana nueva)<\/span><\/a><\/li><li class=\"share-end\"><\/li><\/ul><\/div><\/div><\/div>","protected":false},"author":5,"featured_media":0,"comment_status":"closed","ping_status":"closed","sticky":false,"template":"","format":"standard","meta":{"spay_email":"","jetpack_publicize_message":"","jetpack_is_tweetstorm":false,"jetpack_publicize_feature_enabled":true},"categories":[1],"tags":[],"jetpack_featured_media_url":"","jetpack_publicize_connections":[],"jetpack_sharing_enabled":true,"_links":{"self":[{"href":"http:\/\/www.rtvnoticias.com.ar\/index.php?rest_route=\/wp\/v2\/posts\/42455"}],"collection":[{"href":"http:\/\/www.rtvnoticias.com.ar\/index.php?rest_route=\/wp\/v2\/posts"}],"about":[{"href":"http:\/\/www.rtvnoticias.com.ar\/index.php?rest_route=\/wp\/v2\/types\/post"}],"author":[{"embeddable":true,"href":"http:\/\/www.rtvnoticias.com.ar\/index.php?rest_route=\/wp\/v2\/users\/5"}],"replies":[{"embeddable":true,"href":"http:\/\/www.rtvnoticias.com.ar\/index.php?rest_route=%2Fwp%2Fv2%2Fcomments&post=42455"}],"version-history":[{"count":1,"href":"http:\/\/www.rtvnoticias.com.ar\/index.php?rest_route=\/wp\/v2\/posts\/42455\/revisions"}],"predecessor-version":[{"id":42456,"href":"http:\/\/www.rtvnoticias.com.ar\/index.php?rest_route=\/wp\/v2\/posts\/42455\/revisions\/42456"}],"wp:attachment":[{"href":"http:\/\/www.rtvnoticias.com.ar\/index.php?rest_route=%2Fwp%2Fv2%2Fmedia&parent=42455"}],"wp:term":[{"taxonomy":"category","embeddable":true,"href":"http:\/\/www.rtvnoticias.com.ar\/index.php?rest_route=%2Fwp%2Fv2%2Fcategories&post=42455"},{"taxonomy":"post_tag","embeddable":true,"href":"http:\/\/www.rtvnoticias.com.ar\/index.php?rest_route=%2Fwp%2Fv2%2Ftags&post=42455"}],"curies":[{"name":"wp","href":"https:\/\/api.w.org\/{rel}","templated":true}]}}