{"id":44035,"date":"2025-02-10T08:04:00","date_gmt":"2025-02-10T11:04:00","guid":{"rendered":"http:\/\/www.rtvnoticias.com.ar\/?p=44035"},"modified":"2025-02-10T11:11:53","modified_gmt":"2025-02-10T14:11:53","slug":"fernanda-alonso-visito-el-centro-de-adultos-mayores-del-bariro-pacifico","status":"publish","type":"post","link":"http:\/\/www.rtvnoticias.com.ar\/?p=44035","title":{"rendered":"Fernanda Alonso visit\u00f3 el Centro de Adultos Mayores del bariro Pac\u00edfico"},"content":{"rendered":"\n<p>La intendenta Fernanda Alonso visit\u00f3 las instalaciones del Centro de Adultos Mayores de barrio Pac\u00edfico, situado en calle 11 entre 38 y 40. All\u00ed fue recibida por referentes que encabezaron la reciente reapertura de este establecimiento comunitario.\u00a0<\/p>\n\n\n\n<p>Las y los vecinos que llevan adelante esta iniciativa buscar\u00e1n que este sitio brinde diferentes actividades y propuestas para ciudadanas y ciudadanos que se hallen en esta franja etaria. As\u00ed mismo, ser\u00e1 un punto de consulta para habitantes de dicho barrio piquense.&nbsp;<\/p>\n\n\n\n<p>Acompa\u00f1aron a la jefa comunal el viceintendente Alberto Campo, el secretario de Gobierno, Nicol\u00e1s Mendoza; la secretaria de Desarrollo Social, Gabriela Luna Echegaray; dem\u00e1s funcionarias y funcionarios municipales.&nbsp;<\/p>\n\n\n\n<p><strong>Trabajo comunitario<\/strong><\/p>\n\n\n\n<p>Luego de recorrer las instalaciones Fernanda Alonso dialog\u00f3 con las y los presentes: \u201cQueremos felicitarlas y felicitarlos por haber logrado que este espacio se recupere. Para nosotros es un orgullo y sabemos que con mucho trabajo insistieron, hicieron fuerza, invirtieron tiempo y ganas\u201d.&nbsp;<\/p>\n\n\n\n<p>\u201cEs una posibilidad no s\u00f3lo para ustedes, sino para mucha otra gente. Sabemos cu\u00e1l es la intenci\u00f3n que tienen, generando un lugar para las y los adultos mayores, por lo que buscaremos acompa\u00f1arlos desde el municipio con diversas alternativas en este hermoso edificio\u201d, finaliz\u00f3 la mandataria.&nbsp;<\/p>\n\n\n\n<p>Por su parte, el referente Julio Cavilla manifest\u00f3: \u201cFue algo que surgi\u00f3 cuando est\u00e1bamos en la colonia para personas mayores que hace la Municipalidad en conjunto con PAMI y se nos ofreci\u00f3 la posibilidad de hacernos cargo, ya que hac\u00eda cinco a\u00f1os estaba cerrado\u201d.<\/p>\n\n\n\n<p>Agreg\u00f3 que \u201cestaremos aqu\u00ed lunes, mi\u00e9rcoles y viernes en horario de la ma\u00f1ana para cualquier inquietud que tengan\u201d.<\/p>\n\n\n\n<p>En torno a ello, Cavilla se\u00f1al\u00f3: \u201cVamos en camino a conformar una nueva comisi\u00f3n directiva y poder actuar como corresponde. Se buscar\u00e1 lograr la personer\u00eda jur\u00eddica, que ya est\u00e1 en la etapa final del proceso\u201d, cerr\u00f3.<\/p>\n<div class=\"sharedaddy sd-sharing-enabled\"><div class=\"robots-nocontent sd-block sd-social sd-social-icon sd-sharing\"><h3 class=\"sd-title\">Comparte esto:<\/h3><div class=\"sd-content\"><ul><li class=\"share-twitter\"><a rel=\"nofollow noopener noreferrer\" data-shared=\"sharing-twitter-44035\" class=\"share-twitter sd-button share-icon no-text\" href=\"http:\/\/www.rtvnoticias.com.ar\/?p=44035&amp;share=twitter\" target=\"_blank\" title=\"Haz clic para compartir en Twitter\"><span><\/span><span class=\"sharing-screen-reader-text\">Haz clic para compartir en Twitter (Se abre en una ventana nueva)<\/span><\/a><\/li><li class=\"share-facebook\"><a rel=\"nofollow noopener noreferrer\" data-shared=\"sharing-facebook-44035\" class=\"share-facebook sd-button share-icon no-text\" href=\"http:\/\/www.rtvnoticias.com.ar\/?p=44035&amp;share=facebook\" target=\"_blank\" title=\"Haz clic para compartir en Facebook\"><span><\/span><span class=\"sharing-screen-reader-text\">Haz clic para compartir en Facebook (Se abre en una ventana nueva)<\/span><\/a><\/li><li class=\"share-jetpack-whatsapp\"><a rel=\"nofollow noopener noreferrer\" data-shared=\"\" class=\"share-jetpack-whatsapp sd-button share-icon no-text\" href=\"http:\/\/www.rtvnoticias.com.ar\/?p=44035&amp;share=jetpack-whatsapp\" target=\"_blank\" title=\"Haz clic para compartir en WhatsApp\"><span><\/span><span class=\"sharing-screen-reader-text\">Haz clic para compartir en WhatsApp (Se abre en una ventana nueva)<\/span><\/a><\/li><li class=\"share-telegram\"><a rel=\"nofollow noopener noreferrer\" data-shared=\"\" class=\"share-telegram sd-button share-icon no-text\" href=\"http:\/\/www.rtvnoticias.com.ar\/?p=44035&amp;share=telegram\" target=\"_blank\" title=\"Haz clic para compartir en Telegram\"><span><\/span><span class=\"sharing-screen-reader-text\">Haz clic para compartir en Telegram (Se abre en una ventana nueva)<\/span><\/a><\/li><li class=\"share-end\"><\/li><\/ul><\/div><\/div><\/div>","protected":false},"excerpt":{"rendered":"<p>La intendenta Fernanda Alonso visit\u00f3 las instalaciones del Centro de Adultos Mayores de barrio Pac\u00edfico, situado en calle 11 entre 38 y 40. All\u00ed fue<\/p>\n<div class=\"sharedaddy sd-sharing-enabled\"><div class=\"robots-nocontent sd-block sd-social sd-social-icon sd-sharing\"><h3 class=\"sd-title\">Comparte esto:<\/h3><div class=\"sd-content\"><ul><li class=\"share-twitter\"><a rel=\"nofollow noopener noreferrer\" data-shared=\"sharing-twitter-44035\" class=\"share-twitter sd-button share-icon no-text\" href=\"http:\/\/www.rtvnoticias.com.ar\/?p=44035&amp;share=twitter\" target=\"_blank\" title=\"Haz clic para compartir en Twitter\"><span><\/span><span class=\"sharing-screen-reader-text\">Haz clic para compartir en Twitter (Se abre en una ventana nueva)<\/span><\/a><\/li><li class=\"share-facebook\"><a rel=\"nofollow noopener noreferrer\" data-shared=\"sharing-facebook-44035\" class=\"share-facebook sd-button share-icon no-text\" href=\"http:\/\/www.rtvnoticias.com.ar\/?p=44035&amp;share=facebook\" target=\"_blank\" title=\"Haz clic para compartir en Facebook\"><span><\/span><span class=\"sharing-screen-reader-text\">Haz clic para compartir en Facebook (Se abre en una ventana nueva)<\/span><\/a><\/li><li class=\"share-jetpack-whatsapp\"><a rel=\"nofollow noopener noreferrer\" data-shared=\"\" class=\"share-jetpack-whatsapp sd-button share-icon no-text\" href=\"http:\/\/www.rtvnoticias.com.ar\/?p=44035&amp;share=jetpack-whatsapp\" target=\"_blank\" title=\"Haz clic para compartir en WhatsApp\"><span><\/span><span class=\"sharing-screen-reader-text\">Haz clic para compartir en WhatsApp (Se abre en una ventana nueva)<\/span><\/a><\/li><li class=\"share-telegram\"><a rel=\"nofollow noopener noreferrer\" data-shared=\"\" class=\"share-telegram sd-button share-icon no-text\" href=\"http:\/\/www.rtvnoticias.com.ar\/?p=44035&amp;share=telegram\" target=\"_blank\" title=\"Haz clic para compartir en Telegram\"><span><\/span><span class=\"sharing-screen-reader-text\">Haz clic para compartir en Telegram (Se abre en una ventana nueva)<\/span><\/a><\/li><li class=\"share-end\"><\/li><\/ul><\/div><\/div><\/div>","protected":false},"author":5,"featured_media":44036,"comment_status":"closed","ping_status":"closed","sticky":false,"template":"","format":"standard","meta":{"spay_email":"","jetpack_publicize_message":"","jetpack_is_tweetstorm":false,"jetpack_publicize_feature_enabled":true},"categories":[3],"tags":[5223],"jetpack_featured_media_url":"http:\/\/www.rtvnoticias.com.ar\/wp-content\/uploads\/2025\/02\/fernanda-pacifico.jpg","jetpack_publicize_connections":[],"jetpack_sharing_enabled":true,"_links":{"self":[{"href":"http:\/\/www.rtvnoticias.com.ar\/index.php?rest_route=\/wp\/v2\/posts\/44035"}],"collection":[{"href":"http:\/\/www.rtvnoticias.com.ar\/index.php?rest_route=\/wp\/v2\/posts"}],"about":[{"href":"http:\/\/www.rtvnoticias.com.ar\/index.php?rest_route=\/wp\/v2\/types\/post"}],"author":[{"embeddable":true,"href":"http:\/\/www.rtvnoticias.com.ar\/index.php?rest_route=\/wp\/v2\/users\/5"}],"replies":[{"embeddable":true,"href":"http:\/\/www.rtvnoticias.com.ar\/index.php?rest_route=%2Fwp%2Fv2%2Fcomments&post=44035"}],"version-history":[{"count":1,"href":"http:\/\/www.rtvnoticias.com.ar\/index.php?rest_route=\/wp\/v2\/posts\/44035\/revisions"}],"predecessor-version":[{"id":44037,"href":"http:\/\/www.rtvnoticias.com.ar\/index.php?rest_route=\/wp\/v2\/posts\/44035\/revisions\/44037"}],"wp:featuredmedia":[{"embeddable":true,"href":"http:\/\/www.rtvnoticias.com.ar\/index.php?rest_route=\/wp\/v2\/media\/44036"}],"wp:attachment":[{"href":"http:\/\/www.rtvnoticias.com.ar\/index.php?rest_route=%2Fwp%2Fv2%2Fmedia&parent=44035"}],"wp:term":[{"taxonomy":"category","embeddable":true,"href":"http:\/\/www.rtvnoticias.com.ar\/index.php?rest_route=%2Fwp%2Fv2%2Fcategories&post=44035"},{"taxonomy":"post_tag","embeddable":true,"href":"http:\/\/www.rtvnoticias.com.ar\/index.php?rest_route=%2Fwp%2Fv2%2Ftags&post=44035"}],"curies":[{"name":"wp","href":"https:\/\/api.w.org\/{rel}","templated":true}]}}