{"id":44039,"date":"2025-02-10T17:48:56","date_gmt":"2025-02-10T20:48:56","guid":{"rendered":"http:\/\/www.rtvnoticias.com.ar\/?p=44039"},"modified":"2025-02-10T17:48:59","modified_gmt":"2025-02-10T20:48:59","slug":"el-gobierno-desplazo-al-titular-de-anses-mariano-de-los-heros","status":"publish","type":"post","link":"http:\/\/www.rtvnoticias.com.ar\/?p=44039","title":{"rendered":"El Gobierno desplaz\u00f3 al titular de Anses, Mariano de los Heros"},"content":{"rendered":"\n<p>El presidente Javier Milei le pidi\u00f3 la renuncia al director ejecutivo de la Anses, Mariano de los Heros, quien ser\u00e1 reemplazado por quien era su vice, Fernando Bearzi. As\u00ed lo confirm\u00f3 el vocero presidencial, Manuel Adorni en su cuenta de X.<\/p>\n\n\n\n<p>\u00abEn el d\u00eda de hoy, se solicit\u00f3 la renuncia del titular de ANSES, Dr. Mariano de los Heros. Asumir\u00e1 el cargo de director ejecutivo Fernando Bearzi, quien hasta la fecha se desempe\u00f1aba como subdirector\u00bb, escribi\u00f3 minutos despu\u00e9s en la misma red social, la ministra de Capital Humano, Sandra Pettovello.<\/p>\n\n\n\n<p>La versi\u00f3n que m\u00e1s fuerza cobraba en los pasillos de las Casa Rosada era que las declaraciones de De los Heros durante la jornada sobre un presunto plan de reforma previsional no cayeron bien, e incluso el propio Milei tuvo que desmentirlo en la entrevista que brind\u00f3 al canal A24.<\/p>\n\n\n\n<p>El jefe de Estado tuvo que aclarar que la suba de la edad jubilatoria que hab\u00eda anunciado el todav\u00eda funcionario no era un proyecto que estuviera en carpeta de la Casa Rosada.<\/p>\n\n\n\n<blockquote class=\"twitter-tweet\"><p lang=\"es\" dir=\"ltr\">Se le ha solicitado la renuncia al titular de ANSES Mariano de los Heros. Lo reemplazar\u00e1 Fernando Bearzi. <br><br>Fin.<\/p>&mdash; Manuel Adorni (@madorni) <a href=\"https:\/\/twitter.com\/madorni\/status\/1889000944530284956?ref_src=twsrc%5Etfw\">February 10, 2025<\/a><\/blockquote> <script async src=\"https:\/\/platform.twitter.com\/widgets.js\" charset=\"utf-8\"><\/script>\n\n\n\n<p>De los Heros hab\u00eda llegado al Gobierno en febrero del a\u00f1o pasado en reemplazo del cordob\u00e9s Osvaldo Giordano, tambi\u00e9n desplazado por Milei porque su esposa, la diputada Alejandra Torres, no quiso votar a favor del proyecto de Ley Bases.<\/p>\n\n\n\n<p>El nuevo titular de la Anses, Bearzi, es un t\u00e9cnico que estuvo a cargo hasta hoy del Fondo de Garant\u00eda de Sustentabilidad (FGS) y responde al ministro de Econom\u00eda, Luis Caputo.<\/p>\n\n\n\n<p>El ya exfuncionario hab\u00eda se\u00f1alado que el Gobierno buscar\u00e1 impulsar una reforma previsional \u00abantes de fin de a\u00f1o\u00bb y horas despu\u00e9s Milei sali\u00f3 a decir que \u00abla reforma jubilatoria no es para este momento\u00bb.<\/p>\n\n\n\n<p>En el Gobierno creen que De los Heros se cort\u00f3 solo al salir a decir eso en p\u00fablico y remarcan que hay que manejar mejor lo tiempos y que antes de esa iniciativa, que el oficialismo efectivamente est\u00e1 estudiando, se deber\u00eda avanzar en un reforma laboral.<\/p>\n\n\n\n<p>De hecho, un funcionario le coment\u00f3 a la agencia de noticias NA que la gesti\u00f3n de Milei tiene en carpeta ir avanzando, al menos, con una \u00abequiparaci\u00f3n de la edad jubilatoria\u00bb, es decir subir el l\u00edmite que rige para las mujeres de los actuales 60 a\u00f1os a los 65 y quedar as\u00ed en la mima l\u00ednea que los hombres.<\/p>\n\n\n\n<p>Una iniciativa que quedar\u00eda en consonancia con lo que el Gobierno llama \u00abdiscriminaci\u00f3n positiva\u00bb, es decir situaciones que creen que van en contra la igualdad ante la ley y que buscan modificar a trav\u00e9s de un proyecto que presentar\u00edan en sesiones ordinarias. El mismo prev\u00e9 la eliminaci\u00f3n de la figura del \u00abfemicidio\u00bb, el cupo trans y el DNI no binario, entre otras cuestiones.<\/p>\n<div class=\"sharedaddy sd-sharing-enabled\"><div class=\"robots-nocontent sd-block sd-social sd-social-icon sd-sharing\"><h3 class=\"sd-title\">Comparte esto:<\/h3><div class=\"sd-content\"><ul><li class=\"share-twitter\"><a rel=\"nofollow noopener noreferrer\" data-shared=\"sharing-twitter-44039\" class=\"share-twitter sd-button share-icon no-text\" href=\"http:\/\/www.rtvnoticias.com.ar\/?p=44039&amp;share=twitter\" target=\"_blank\" title=\"Haz clic para compartir en Twitter\"><span><\/span><span class=\"sharing-screen-reader-text\">Haz clic para compartir en Twitter (Se abre en una ventana nueva)<\/span><\/a><\/li><li class=\"share-facebook\"><a rel=\"nofollow noopener noreferrer\" data-shared=\"sharing-facebook-44039\" class=\"share-facebook sd-button share-icon no-text\" href=\"http:\/\/www.rtvnoticias.com.ar\/?p=44039&amp;share=facebook\" target=\"_blank\" title=\"Haz clic para compartir en Facebook\"><span><\/span><span class=\"sharing-screen-reader-text\">Haz clic para compartir en Facebook (Se abre en una ventana nueva)<\/span><\/a><\/li><li class=\"share-jetpack-whatsapp\"><a rel=\"nofollow noopener noreferrer\" data-shared=\"\" class=\"share-jetpack-whatsapp sd-button share-icon no-text\" href=\"http:\/\/www.rtvnoticias.com.ar\/?p=44039&amp;share=jetpack-whatsapp\" target=\"_blank\" title=\"Haz clic para compartir en WhatsApp\"><span><\/span><span class=\"sharing-screen-reader-text\">Haz clic para compartir en WhatsApp (Se abre en una ventana nueva)<\/span><\/a><\/li><li class=\"share-telegram\"><a rel=\"nofollow noopener noreferrer\" data-shared=\"\" class=\"share-telegram sd-button share-icon no-text\" href=\"http:\/\/www.rtvnoticias.com.ar\/?p=44039&amp;share=telegram\" target=\"_blank\" title=\"Haz clic para compartir en Telegram\"><span><\/span><span class=\"sharing-screen-reader-text\">Haz clic para compartir en Telegram (Se abre en una ventana nueva)<\/span><\/a><\/li><li class=\"share-end\"><\/li><\/ul><\/div><\/div><\/div>","protected":false},"excerpt":{"rendered":"<p>El presidente Javier Milei le pidi\u00f3 la renuncia al director ejecutivo de la Anses, Mariano de los Heros, quien ser\u00e1 reemplazado por quien era su<\/p>\n<div class=\"sharedaddy sd-sharing-enabled\"><div class=\"robots-nocontent sd-block sd-social sd-social-icon sd-sharing\"><h3 class=\"sd-title\">Comparte esto:<\/h3><div class=\"sd-content\"><ul><li class=\"share-twitter\"><a rel=\"nofollow noopener noreferrer\" data-shared=\"sharing-twitter-44039\" class=\"share-twitter sd-button share-icon no-text\" href=\"http:\/\/www.rtvnoticias.com.ar\/?p=44039&amp;share=twitter\" target=\"_blank\" title=\"Haz clic para compartir en Twitter\"><span><\/span><span class=\"sharing-screen-reader-text\">Haz clic para compartir en Twitter (Se abre en una ventana nueva)<\/span><\/a><\/li><li class=\"share-facebook\"><a rel=\"nofollow noopener noreferrer\" data-shared=\"sharing-facebook-44039\" class=\"share-facebook sd-button share-icon no-text\" href=\"http:\/\/www.rtvnoticias.com.ar\/?p=44039&amp;share=facebook\" target=\"_blank\" title=\"Haz clic para compartir en Facebook\"><span><\/span><span class=\"sharing-screen-reader-text\">Haz clic para compartir en Facebook (Se abre en una ventana nueva)<\/span><\/a><\/li><li class=\"share-jetpack-whatsapp\"><a rel=\"nofollow noopener noreferrer\" data-shared=\"\" class=\"share-jetpack-whatsapp sd-button share-icon no-text\" href=\"http:\/\/www.rtvnoticias.com.ar\/?p=44039&amp;share=jetpack-whatsapp\" target=\"_blank\" title=\"Haz clic para compartir en WhatsApp\"><span><\/span><span class=\"sharing-screen-reader-text\">Haz clic para compartir en WhatsApp (Se abre en una ventana nueva)<\/span><\/a><\/li><li class=\"share-telegram\"><a rel=\"nofollow noopener noreferrer\" data-shared=\"\" class=\"share-telegram sd-button share-icon no-text\" href=\"http:\/\/www.rtvnoticias.com.ar\/?p=44039&amp;share=telegram\" target=\"_blank\" title=\"Haz clic para compartir en Telegram\"><span><\/span><span class=\"sharing-screen-reader-text\">Haz clic para compartir en Telegram (Se abre en una ventana nueva)<\/span><\/a><\/li><li class=\"share-end\"><\/li><\/ul><\/div><\/div><\/div>","protected":false},"author":7,"featured_media":44040,"comment_status":"closed","ping_status":"closed","sticky":false,"template":"","format":"standard","meta":{"spay_email":"","jetpack_publicize_message":"","jetpack_is_tweetstorm":false,"jetpack_publicize_feature_enabled":true},"categories":[5],"tags":[],"jetpack_featured_media_url":"http:\/\/www.rtvnoticias.com.ar\/wp-content\/uploads\/2025\/02\/V6BLZQKY6RBJJMVL2VSOCN6UJY-1024x576-1.jpg","jetpack_publicize_connections":[],"jetpack_sharing_enabled":true,"_links":{"self":[{"href":"http:\/\/www.rtvnoticias.com.ar\/index.php?rest_route=\/wp\/v2\/posts\/44039"}],"collection":[{"href":"http:\/\/www.rtvnoticias.com.ar\/index.php?rest_route=\/wp\/v2\/posts"}],"about":[{"href":"http:\/\/www.rtvnoticias.com.ar\/index.php?rest_route=\/wp\/v2\/types\/post"}],"author":[{"embeddable":true,"href":"http:\/\/www.rtvnoticias.com.ar\/index.php?rest_route=\/wp\/v2\/users\/7"}],"replies":[{"embeddable":true,"href":"http:\/\/www.rtvnoticias.com.ar\/index.php?rest_route=%2Fwp%2Fv2%2Fcomments&post=44039"}],"version-history":[{"count":1,"href":"http:\/\/www.rtvnoticias.com.ar\/index.php?rest_route=\/wp\/v2\/posts\/44039\/revisions"}],"predecessor-version":[{"id":44041,"href":"http:\/\/www.rtvnoticias.com.ar\/index.php?rest_route=\/wp\/v2\/posts\/44039\/revisions\/44041"}],"wp:featuredmedia":[{"embeddable":true,"href":"http:\/\/www.rtvnoticias.com.ar\/index.php?rest_route=\/wp\/v2\/media\/44040"}],"wp:attachment":[{"href":"http:\/\/www.rtvnoticias.com.ar\/index.php?rest_route=%2Fwp%2Fv2%2Fmedia&parent=44039"}],"wp:term":[{"taxonomy":"category","embeddable":true,"href":"http:\/\/www.rtvnoticias.com.ar\/index.php?rest_route=%2Fwp%2Fv2%2Fcategories&post=44039"},{"taxonomy":"post_tag","embeddable":true,"href":"http:\/\/www.rtvnoticias.com.ar\/index.php?rest_route=%2Fwp%2Fv2%2Ftags&post=44039"}],"curies":[{"name":"wp","href":"https:\/\/api.w.org\/{rel}","templated":true}]}}