{"id":44042,"date":"2025-02-10T19:23:52","date_gmt":"2025-02-10T22:23:52","guid":{"rendered":"http:\/\/www.rtvnoticias.com.ar\/?p=44042"},"modified":"2025-02-10T19:23:57","modified_gmt":"2025-02-10T22:23:57","slug":"tres-casos-de-dengue-en-pico-todos-autoctonos","status":"publish","type":"post","link":"http:\/\/www.rtvnoticias.com.ar\/?p=44042","title":{"rendered":"Tres casos de dengue en Pico: todos aut\u00f3ctonos"},"content":{"rendered":"\n<p>El Gobierno provincial inform\u00f3 que La Pampa, desde el comienzo del a\u00f1o 2025 hasta el cierre de la semana epidemiol\u00f3gica seis, se confirmaron tres casos de dengue en la ciudad de General Pico. Con el correr de la investigaci\u00f3n se determin\u00f3 que los casos confirmados son aut\u00f3ctonos, ya que no presentan antecedente de viaje a provincias con circulaci\u00f3n viral.<\/p>\n\n\n\n<p>La din\u00e1mica situaci\u00f3n epidemiol\u00f3gica desarrollada en la Provincia y en el pa\u00eds requiere del compromiso de la poblaci\u00f3n en la eliminaci\u00f3n de criaderos domiciliarios (reales y potenciales) del mosquito ya que es la medida que posibilitar\u00e1 controlar al vector y de esa manera cortar la transmisi\u00f3n de la enfermedad.<\/p>\n\n\n\n<p>Casos sospechosos<br>Desde la Direcci\u00f3n de Epidemiolog\u00eda se trabaja en la investigaci\u00f3n de casos notificados que permanecen en estudio aguardando resultados. No obstante, las acciones de bloqueo se realizan frente a la sospecha.<\/p>\n\n\n\n<p>Medidas de prevenci\u00f3n<\/p>\n\n\n\n<p>Estas son las medidas de prevenci\u00f3n que se recomienda:<br>-Desechar objetos que est\u00e9n al aire libre y en los que se pueda acumular agua (latas, botellas, neum\u00e1ticos, juguetes, etc.).<br>-Mantener boca abajo los recipientes que no est\u00e9n en uso (baldes, frascos, tachos, cacharros y macetas, entre otros.).<br>-Limpiar bebederos y renovar peri\u00f3dicamente el agua para las mascotas.<br>-Limpiar canaletas que acumulan hojas y tierra as\u00ed el agua circula y no se acumula.<br>-Cortar el c\u00e9sped o los pastizales, mantener los patios libres de malezas.<br>-Tapar tanques, barriles \u00f3 cisternas que acumulen agua, incluso se puede usar tela mosquitera.<br>-Colocar mosquiteros o telas met\u00e1licas en puertas y ventanas.<br>-Vaciar los colectores de desag\u00fces de aire acondicionado o lluvia.<br>-Usar repelente en la piel expuesta, renov\u00e1ndolo seg\u00fan lo indique el producto. En los ni\u00f1os debe ser aplicado por un adulto y no debe usarse en menores de 2 meses.<br>-Ponerse ropa (preferiblemente de colores claros) que cubra al m\u00e1ximo el cuerpo.<br>-Elegir lugares con presencia de mosquiteros. Colocar tules en cunas y cochecitos<br>-Utilizar tabletas repelentes en las habitaciones.<br>-Si presenta s\u00edntomas como fiebre alta, malestar general, dolor de cabeza, diarrea, v\u00f3mitos, sarpullido en la piel se debe consultar precozmente en el centro de salud sin automedicarse).<\/p>\n<div class=\"sharedaddy sd-sharing-enabled\"><div class=\"robots-nocontent sd-block sd-social sd-social-icon sd-sharing\"><h3 class=\"sd-title\">Comparte esto:<\/h3><div class=\"sd-content\"><ul><li class=\"share-twitter\"><a rel=\"nofollow noopener noreferrer\" data-shared=\"sharing-twitter-44042\" class=\"share-twitter sd-button share-icon no-text\" href=\"http:\/\/www.rtvnoticias.com.ar\/?p=44042&amp;share=twitter\" target=\"_blank\" title=\"Haz clic para compartir en Twitter\"><span><\/span><span class=\"sharing-screen-reader-text\">Haz clic para compartir en Twitter (Se abre en una ventana nueva)<\/span><\/a><\/li><li class=\"share-facebook\"><a rel=\"nofollow noopener noreferrer\" data-shared=\"sharing-facebook-44042\" class=\"share-facebook sd-button share-icon no-text\" href=\"http:\/\/www.rtvnoticias.com.ar\/?p=44042&amp;share=facebook\" target=\"_blank\" title=\"Haz clic para compartir en Facebook\"><span><\/span><span class=\"sharing-screen-reader-text\">Haz clic para compartir en Facebook (Se abre en una ventana nueva)<\/span><\/a><\/li><li class=\"share-jetpack-whatsapp\"><a rel=\"nofollow noopener noreferrer\" data-shared=\"\" class=\"share-jetpack-whatsapp sd-button share-icon no-text\" href=\"http:\/\/www.rtvnoticias.com.ar\/?p=44042&amp;share=jetpack-whatsapp\" target=\"_blank\" title=\"Haz clic para compartir en WhatsApp\"><span><\/span><span class=\"sharing-screen-reader-text\">Haz clic para compartir en WhatsApp (Se abre en una ventana nueva)<\/span><\/a><\/li><li class=\"share-telegram\"><a rel=\"nofollow noopener noreferrer\" data-shared=\"\" class=\"share-telegram sd-button share-icon no-text\" href=\"http:\/\/www.rtvnoticias.com.ar\/?p=44042&amp;share=telegram\" target=\"_blank\" title=\"Haz clic para compartir en Telegram\"><span><\/span><span class=\"sharing-screen-reader-text\">Haz clic para compartir en Telegram (Se abre en una ventana nueva)<\/span><\/a><\/li><li class=\"share-end\"><\/li><\/ul><\/div><\/div><\/div>","protected":false},"excerpt":{"rendered":"<p>El Gobierno provincial inform\u00f3 que La Pampa, desde el comienzo del a\u00f1o 2025 hasta el cierre de la semana epidemiol\u00f3gica seis, se confirmaron tres casos<\/p>\n<div class=\"sharedaddy sd-sharing-enabled\"><div class=\"robots-nocontent sd-block sd-social sd-social-icon sd-sharing\"><h3 class=\"sd-title\">Comparte esto:<\/h3><div class=\"sd-content\"><ul><li class=\"share-twitter\"><a rel=\"nofollow noopener noreferrer\" data-shared=\"sharing-twitter-44042\" class=\"share-twitter sd-button share-icon no-text\" href=\"http:\/\/www.rtvnoticias.com.ar\/?p=44042&amp;share=twitter\" target=\"_blank\" title=\"Haz clic para compartir en Twitter\"><span><\/span><span class=\"sharing-screen-reader-text\">Haz clic para compartir en Twitter (Se abre en una ventana nueva)<\/span><\/a><\/li><li class=\"share-facebook\"><a rel=\"nofollow noopener noreferrer\" data-shared=\"sharing-facebook-44042\" class=\"share-facebook sd-button share-icon no-text\" href=\"http:\/\/www.rtvnoticias.com.ar\/?p=44042&amp;share=facebook\" target=\"_blank\" title=\"Haz clic para compartir en Facebook\"><span><\/span><span class=\"sharing-screen-reader-text\">Haz clic para compartir en Facebook (Se abre en una ventana nueva)<\/span><\/a><\/li><li class=\"share-jetpack-whatsapp\"><a rel=\"nofollow noopener noreferrer\" data-shared=\"\" class=\"share-jetpack-whatsapp sd-button share-icon no-text\" href=\"http:\/\/www.rtvnoticias.com.ar\/?p=44042&amp;share=jetpack-whatsapp\" target=\"_blank\" title=\"Haz clic para compartir en WhatsApp\"><span><\/span><span class=\"sharing-screen-reader-text\">Haz clic para compartir en WhatsApp (Se abre en una ventana nueva)<\/span><\/a><\/li><li class=\"share-telegram\"><a rel=\"nofollow noopener noreferrer\" data-shared=\"\" class=\"share-telegram sd-button share-icon no-text\" href=\"http:\/\/www.rtvnoticias.com.ar\/?p=44042&amp;share=telegram\" target=\"_blank\" title=\"Haz clic para compartir en Telegram\"><span><\/span><span class=\"sharing-screen-reader-text\">Haz clic para compartir en Telegram (Se abre en una ventana nueva)<\/span><\/a><\/li><li class=\"share-end\"><\/li><\/ul><\/div><\/div><\/div>","protected":false},"author":7,"featured_media":39959,"comment_status":"closed","ping_status":"closed","sticky":false,"template":"","format":"standard","meta":{"spay_email":"","jetpack_publicize_message":"","jetpack_is_tweetstorm":false,"jetpack_publicize_feature_enabled":true},"categories":[3],"tags":[],"jetpack_featured_media_url":"http:\/\/www.rtvnoticias.com.ar\/wp-content\/uploads\/2024\/01\/dengue-mosquito.jpg","jetpack_publicize_connections":[],"jetpack_sharing_enabled":true,"_links":{"self":[{"href":"http:\/\/www.rtvnoticias.com.ar\/index.php?rest_route=\/wp\/v2\/posts\/44042"}],"collection":[{"href":"http:\/\/www.rtvnoticias.com.ar\/index.php?rest_route=\/wp\/v2\/posts"}],"about":[{"href":"http:\/\/www.rtvnoticias.com.ar\/index.php?rest_route=\/wp\/v2\/types\/post"}],"author":[{"embeddable":true,"href":"http:\/\/www.rtvnoticias.com.ar\/index.php?rest_route=\/wp\/v2\/users\/7"}],"replies":[{"embeddable":true,"href":"http:\/\/www.rtvnoticias.com.ar\/index.php?rest_route=%2Fwp%2Fv2%2Fcomments&post=44042"}],"version-history":[{"count":1,"href":"http:\/\/www.rtvnoticias.com.ar\/index.php?rest_route=\/wp\/v2\/posts\/44042\/revisions"}],"predecessor-version":[{"id":44043,"href":"http:\/\/www.rtvnoticias.com.ar\/index.php?rest_route=\/wp\/v2\/posts\/44042\/revisions\/44043"}],"wp:featuredmedia":[{"embeddable":true,"href":"http:\/\/www.rtvnoticias.com.ar\/index.php?rest_route=\/wp\/v2\/media\/39959"}],"wp:attachment":[{"href":"http:\/\/www.rtvnoticias.com.ar\/index.php?rest_route=%2Fwp%2Fv2%2Fmedia&parent=44042"}],"wp:term":[{"taxonomy":"category","embeddable":true,"href":"http:\/\/www.rtvnoticias.com.ar\/index.php?rest_route=%2Fwp%2Fv2%2Fcategories&post=44042"},{"taxonomy":"post_tag","embeddable":true,"href":"http:\/\/www.rtvnoticias.com.ar\/index.php?rest_route=%2Fwp%2Fv2%2Ftags&post=44042"}],"curies":[{"name":"wp","href":"https:\/\/api.w.org\/{rel}","templated":true}]}}