{"id":44050,"date":"2025-02-11T07:40:00","date_gmt":"2025-02-11T10:40:00","guid":{"rendered":"http:\/\/www.rtvnoticias.com.ar\/?p=44050"},"modified":"2025-02-11T09:15:43","modified_gmt":"2025-02-11T12:15:43","slug":"rodrigo-garro-rompe-el-silencio-tras-el-accidente-fatal-en-general-pico","status":"publish","type":"post","link":"http:\/\/www.rtvnoticias.com.ar\/?p=44050","title":{"rendered":"Rodrigo Garro rompe el silencio tras el accidente fatal en General Pico"},"content":{"rendered":"\n<p>El mediocampista argentino de Corinthians, Rodrigo Garro, habl\u00f3 por primera vez sobre el siniestro que protagoniz\u00f3 en General Pico, en el cual falleci\u00f3 Nicol\u00e1s Chiaraviglio, un trabajador de una empresa de neum\u00e1ticos.<\/p>\n\n\n\n<p>En di\u00e1logo con periodistas brasile\u00f1os, Garro asegur\u00f3 que su familia ha sido fundamental en su proceso de recuperaci\u00f3n an\u00edmica. \u201cTodo el mundo sabe lo que me aconteci\u00f3, fueron d\u00edas dif\u00edciles, meses dif\u00edciles para m\u00ed y para mi familia; uno nunca espera que una situaci\u00f3n de esas pase. Infelizmente me toc\u00f3 vivirla. Siento que mi familia fue muy importante, mi mujer, mi hijo, mi mam\u00e1, mi pap\u00e1, mis hermanos, mis amigos, mi gente que estuvo ah\u00ed, porque sin ellos creo que no estar\u00eda ac\u00e1 hablando con ustedes\u201d, afirm\u00f3.<\/p>\n\n\n\n<p>Luego, en el video publicado por UOL Esporte en Youtube, agreg\u00f3: \u201cEstoy en un lugar privilegiado, el cari\u00f1o que la gente me brind\u00f3 es algo que me hizo sobrepasar la situaci\u00f3n, tanto a m\u00ed como a mi familia. Los mensajes de apoyo de todos los corintianos fueron un punto importante; entonces no quiero dejar de hacer menci\u00f3n a eso. Ser agradecido es parte de mi vida. Creo que estoy ac\u00e1 porque tambi\u00e9n soy un agradecido a todas las personas que me ayudaron\u201d. Tambi\u00e9n agradeci\u00f3 al grupo \u201cque me mand\u00f3 mensajes todo el tiempo y que cuando me vieron mal me levantaron, es cuesti\u00f3n de tiempo hasta que Rodrigo est\u00e9 de vuelta en el campo\u201d.<\/p>\n\n\n\n<p>El argentino tambi\u00e9n destac\u00f3 el rol de la comisi\u00f3n t\u00e9cnica y de sus compa\u00f1eros en el club: \u201cLa comisi\u00f3n t\u00e9cnica, Emiliano, Ram\u00f3n, Osmar, Bruno, tuvieron un lado humano incre\u00edble y para m\u00ed eso es algo que voy a agradecerles de por vida. Uno a veces estando ac\u00e1 se olvida que es jugador y muchas veces hay que saber que somos personas y tenemos sentimientos. Estoy agradecido por el cari\u00f1o a m\u00ed y a mi familia, y espero poder darle a Corinthians todo lo que le di el a\u00f1o pasado\u201d, sostuvo.<\/p>\n<div class=\"sharedaddy sd-sharing-enabled\"><div class=\"robots-nocontent sd-block sd-social sd-social-icon sd-sharing\"><h3 class=\"sd-title\">Comparte esto:<\/h3><div class=\"sd-content\"><ul><li class=\"share-twitter\"><a rel=\"nofollow noopener noreferrer\" data-shared=\"sharing-twitter-44050\" class=\"share-twitter sd-button share-icon no-text\" href=\"http:\/\/www.rtvnoticias.com.ar\/?p=44050&amp;share=twitter\" target=\"_blank\" title=\"Haz clic para compartir en Twitter\"><span><\/span><span class=\"sharing-screen-reader-text\">Haz clic para compartir en Twitter (Se abre en una ventana nueva)<\/span><\/a><\/li><li class=\"share-facebook\"><a rel=\"nofollow noopener noreferrer\" data-shared=\"sharing-facebook-44050\" class=\"share-facebook sd-button share-icon no-text\" href=\"http:\/\/www.rtvnoticias.com.ar\/?p=44050&amp;share=facebook\" target=\"_blank\" title=\"Haz clic para compartir en Facebook\"><span><\/span><span class=\"sharing-screen-reader-text\">Haz clic para compartir en Facebook (Se abre en una ventana nueva)<\/span><\/a><\/li><li class=\"share-jetpack-whatsapp\"><a rel=\"nofollow noopener noreferrer\" data-shared=\"\" class=\"share-jetpack-whatsapp sd-button share-icon no-text\" href=\"http:\/\/www.rtvnoticias.com.ar\/?p=44050&amp;share=jetpack-whatsapp\" target=\"_blank\" title=\"Haz clic para compartir en WhatsApp\"><span><\/span><span class=\"sharing-screen-reader-text\">Haz clic para compartir en WhatsApp (Se abre en una ventana nueva)<\/span><\/a><\/li><li class=\"share-telegram\"><a rel=\"nofollow noopener noreferrer\" data-shared=\"\" class=\"share-telegram sd-button share-icon no-text\" href=\"http:\/\/www.rtvnoticias.com.ar\/?p=44050&amp;share=telegram\" target=\"_blank\" title=\"Haz clic para compartir en Telegram\"><span><\/span><span class=\"sharing-screen-reader-text\">Haz clic para compartir en Telegram (Se abre en una ventana nueva)<\/span><\/a><\/li><li class=\"share-end\"><\/li><\/ul><\/div><\/div><\/div>","protected":false},"excerpt":{"rendered":"<p>El mediocampista argentino de Corinthians, Rodrigo Garro, habl\u00f3 por primera vez sobre el siniestro que protagoniz\u00f3 en General Pico, en el cual falleci\u00f3 Nicol\u00e1s Chiaraviglio,<\/p>\n<div class=\"sharedaddy sd-sharing-enabled\"><div class=\"robots-nocontent sd-block sd-social sd-social-icon sd-sharing\"><h3 class=\"sd-title\">Comparte esto:<\/h3><div class=\"sd-content\"><ul><li class=\"share-twitter\"><a rel=\"nofollow noopener noreferrer\" data-shared=\"sharing-twitter-44050\" class=\"share-twitter sd-button share-icon no-text\" href=\"http:\/\/www.rtvnoticias.com.ar\/?p=44050&amp;share=twitter\" target=\"_blank\" title=\"Haz clic para compartir en Twitter\"><span><\/span><span class=\"sharing-screen-reader-text\">Haz clic para compartir en Twitter (Se abre en una ventana nueva)<\/span><\/a><\/li><li class=\"share-facebook\"><a rel=\"nofollow noopener noreferrer\" data-shared=\"sharing-facebook-44050\" class=\"share-facebook sd-button share-icon no-text\" href=\"http:\/\/www.rtvnoticias.com.ar\/?p=44050&amp;share=facebook\" target=\"_blank\" title=\"Haz clic para compartir en Facebook\"><span><\/span><span class=\"sharing-screen-reader-text\">Haz clic para compartir en Facebook (Se abre en una ventana nueva)<\/span><\/a><\/li><li class=\"share-jetpack-whatsapp\"><a rel=\"nofollow noopener noreferrer\" data-shared=\"\" class=\"share-jetpack-whatsapp sd-button share-icon no-text\" href=\"http:\/\/www.rtvnoticias.com.ar\/?p=44050&amp;share=jetpack-whatsapp\" target=\"_blank\" title=\"Haz clic para compartir en WhatsApp\"><span><\/span><span class=\"sharing-screen-reader-text\">Haz clic para compartir en WhatsApp (Se abre en una ventana nueva)<\/span><\/a><\/li><li class=\"share-telegram\"><a rel=\"nofollow noopener noreferrer\" data-shared=\"\" class=\"share-telegram sd-button share-icon no-text\" href=\"http:\/\/www.rtvnoticias.com.ar\/?p=44050&amp;share=telegram\" target=\"_blank\" title=\"Haz clic para compartir en Telegram\"><span><\/span><span class=\"sharing-screen-reader-text\">Haz clic para compartir en Telegram (Se abre en una ventana nueva)<\/span><\/a><\/li><li class=\"share-end\"><\/li><\/ul><\/div><\/div><\/div>","protected":false},"author":7,"featured_media":44051,"comment_status":"closed","ping_status":"closed","sticky":false,"template":"","format":"standard","meta":{"spay_email":"","jetpack_publicize_message":"","jetpack_is_tweetstorm":false,"jetpack_publicize_feature_enabled":true},"categories":[3],"tags":[],"jetpack_featured_media_url":"http:\/\/www.rtvnoticias.com.ar\/wp-content\/uploads\/2025\/02\/rodrigo-garro-corinthians-2024-1709683723-131048.jpg","jetpack_publicize_connections":[],"jetpack_sharing_enabled":true,"_links":{"self":[{"href":"http:\/\/www.rtvnoticias.com.ar\/index.php?rest_route=\/wp\/v2\/posts\/44050"}],"collection":[{"href":"http:\/\/www.rtvnoticias.com.ar\/index.php?rest_route=\/wp\/v2\/posts"}],"about":[{"href":"http:\/\/www.rtvnoticias.com.ar\/index.php?rest_route=\/wp\/v2\/types\/post"}],"author":[{"embeddable":true,"href":"http:\/\/www.rtvnoticias.com.ar\/index.php?rest_route=\/wp\/v2\/users\/7"}],"replies":[{"embeddable":true,"href":"http:\/\/www.rtvnoticias.com.ar\/index.php?rest_route=%2Fwp%2Fv2%2Fcomments&post=44050"}],"version-history":[{"count":1,"href":"http:\/\/www.rtvnoticias.com.ar\/index.php?rest_route=\/wp\/v2\/posts\/44050\/revisions"}],"predecessor-version":[{"id":44052,"href":"http:\/\/www.rtvnoticias.com.ar\/index.php?rest_route=\/wp\/v2\/posts\/44050\/revisions\/44052"}],"wp:featuredmedia":[{"embeddable":true,"href":"http:\/\/www.rtvnoticias.com.ar\/index.php?rest_route=\/wp\/v2\/media\/44051"}],"wp:attachment":[{"href":"http:\/\/www.rtvnoticias.com.ar\/index.php?rest_route=%2Fwp%2Fv2%2Fmedia&parent=44050"}],"wp:term":[{"taxonomy":"category","embeddable":true,"href":"http:\/\/www.rtvnoticias.com.ar\/index.php?rest_route=%2Fwp%2Fv2%2Fcategories&post=44050"},{"taxonomy":"post_tag","embeddable":true,"href":"http:\/\/www.rtvnoticias.com.ar\/index.php?rest_route=%2Fwp%2Fv2%2Ftags&post=44050"}],"curies":[{"name":"wp","href":"https:\/\/api.w.org\/{rel}","templated":true}]}}