{"id":44067,"date":"2025-02-11T10:42:13","date_gmt":"2025-02-11T13:42:13","guid":{"rendered":"http:\/\/www.rtvnoticias.com.ar\/?p=44067"},"modified":"2025-02-11T10:42:17","modified_gmt":"2025-02-11T13:42:17","slug":"cristina-critico-a-milei-por-el-dolar-planchado-te-noto-algo-nervioso","status":"publish","type":"post","link":"http:\/\/www.rtvnoticias.com.ar\/?p=44067","title":{"rendered":"Cristina critic\u00f3 a Milei por el \u00abd\u00f3lar planchado\u00bb: \u00abTe noto algo nervioso\u00bb"},"content":{"rendered":"\n<p>La ex presidenta Cristina Kirchner afirm\u00f3 hoy que el presidente Javier Milei est\u00e1 \u201calgo nervioso\u201d, lo acus\u00f3 de estar \u201cinterviniendo\u201d en el mercado cambiario y asegur\u00f3 que el origen de las preocupaciones del Gobierno es la falta de un acuerdo con el FMI.<\/p>\n\n\n\n<p>\u201cChe Milei. Te noto algo nervioso\u201d, manifest\u00f3 la ex presidenta y actual titular del Partido Justicialista en su cuenta de la red social X, en el mismo tono ir\u00f3nico y en primera persona que viene utilizando para dirigirse al mandatario nacional.<\/p>\n\n\n\n<p>La ex mandataria le dijo: \u201ccreo que tu nerviosismo, en realidad tiene que ver con que todav\u00eda no cerraste con el FMI los desembolsos que necesit\u00e1s para mantener el d\u00f3lar planchado hasta las elecciones\u201d.<\/p>\n\n\n\n<p>\u201cEl s\u00e1bado publicaste un galimat\u00edas econ\u00f3mico en La Naci\u00f3n para decir que no vas a devaluar porque este tipo de cambio es producto de una \u2018estabilizaci\u00f3n exitosa\u2019. Y el lunes dejaste la motosierra y saliste con la cimitarra (ya sabemos que la guillotina la tiene tu hermana)\u201d, public\u00f3 la ex vicepresidenta.<\/p>\n\n\n\n<p>Aludi\u00f3 de ese modo a las renuncias que se le solicitaron ayer a la embajadora en la OEA, Sonia Cavallo, luego de que su padre, el ex ministro de Econom\u00eda Domingo Cavallo Dijera que el d\u00f3lar est\u00e1 atrasado, y del titular de la Anses, Mariano de los Heros, despu\u00e9s de que anunciara una reforma previsional que seg\u00fan Milei \u201cno est\u00e1 en agenda\u201d.<\/p>\n\n\n\n<p>\u201cLe cortaste la cabeza a Sonia Cavallo, la hija del Mingo\u2026 que, como te critic\u00f3, pasaste de considerarlo \u2018el mejor ministro de la historia\u2019 a decir que es un impresentable\u201d se\u00f1al\u00f3.<\/p>\n\n\n\n<p>En tono ir\u00f3nico, agreg\u00f3: \u201cY pensar que los que tenemos la fama de malos, violentos, autoritarios y vengativos somos los peronistas. Tambi\u00e9n lo rajaste al de la ANSES. \u00a1Te dije que era un burro! S\u00f3lo a ese animalito se le puede ocurrir decir, en un a\u00f1o electoral, que va a subir la edad jubilatoria\u201d.<\/p>\n\n\n\n<p>\u201cEst\u00e1s hecho todo un pol\u00edtico de la casta, cuidando votos a cualquier costo, a\u00fan el de planchar el d\u00f3lar como Mart\u00ednez de Hoz y Cavallo\u201d, agreg\u00f3 la ex mandataria.<\/p>\n\n\n\n<p>M\u00e1s adelante se\u00f1al\u00f3: \u201cY s\u00ed, Milei\u2026 \u00bfC\u00f3mo no va a haber muchos enojados? No tienen un mango y saben que tres o cuatro vivos (en realidad son unos cuantos m\u00e1s) se la est\u00e1n llevando toda por la diferencia entre el d\u00f3lar devaluado al 1% mensual y el peso cobrando intereses al 2,4% mensual\u201d.<\/p>\n\n\n\n<p>\u201c\u00bfEn serio pens\u00e1s que alguien te puede creer que no hay carry trade? Y, adem\u00e1s, segu\u00eds insistiendo otra vez con la misma cantinela\u2026 \u201cLa inflaci\u00f3n es siempre y en todo lugar un fen\u00f3meno monetario que se genera por la oferta de dinero. El nivel del d\u00f3lar depende de la escala nominal. Nosotros no estamos motivando una baja del s\u00f3lar\u201d, dijo dirigi\u00e9ndose a Milei.<\/p>\n\n\n\n<p>Y de inmediato a\u00f1adi\u00f3: \u201c\u00a1Daaaaale! \u00bfC\u00f3mo que no est\u00e1s interviniendo en el mercado cambiario? Y los d\u00f3lares que compraste con el \u2018super\u00e1vit\u2019 por el ajuste sobre los jubilados, la educaci\u00f3n, la salud y las provincias \u00bfD\u00f3nde est\u00e1n? Porque en las reservas ni noticias. Todos sabemos que utilizaste una buena parte para que so se te dispare el precio de los d\u00f3lares financieros. La verdad, no te hac\u00eda tan negador. En fin\u2026\u201d.<\/p>\n\n\n\n<p>La ex presidenta le manifest\u00f3 a Milei que \u201csinceramente, creo que tu nerviosismo, en realidad tiene que ver con que todav\u00eda no cerraste con el FMI los desembolsos que necesit\u00e1s para mantener el d\u00f3lar planchado hasta las elecciones. Eso s\u00ed que te tiene preocupado\u2026 y mal\u201d.<\/p>\n\n\n\n<p>Hacia el final de su publicaci\u00f3n, Cristina Fern\u00e1ndez se guard\u00f3 una fuerte cr\u00edtica para el ministro de Econom\u00eda, Luis Caputo, a quien se\u00f1al\u00f3 ganador del \u201cpremio al econochanta del mes\u201d.<\/p>\n\n\n\n<p>\u201cDebo reconocer que, en materia de \u2018argumentos originales\u2019 sobre el d\u00f3lar planchado y sus consecuencias, el que se lleva tu premio al ECONOCHANTA del mes es tu ministro de econom\u00eda Toto Caputo\u201d, dispar\u00f3.<\/p>\n\n\n\n<p>Record\u00f3 que el ministro \u201cintent\u00f3 explicar por qu\u00e9 la Argentina est\u00e1 muy cara tanto para los argentinos (que salen a vacacionar al exterior y a comprar de todo a los pa\u00edses lim\u00edtrofes porque est\u00e1 m\u00e1s barato), como para los extranjeros (que vienen a nuestro pa\u00eds y no pueden creer los precios que ven); dijo que en realidad en Argentina \u201cel d\u00f3lar no est\u00e1 atrasado\u2026 sino que son los precios los que est\u00e1n adelantados\u201d.<\/p>\n\n\n\n<p>\u201c\u00a1De antolog\u00eda! \u00a1\u2019Precios adelantados\u2019!\u2026 Esa s\u00ed que no la ten\u00eda. \u00bfSer\u00e1 un hallazgo conceptual de la Escuela Austriaca? Con Milei: ARGENTINA CARA PARA TODOS Y TODAS\u201d, finaliz\u00f3.<\/p>\n\n\n\n<blockquote class=\"twitter-tweet\"><p lang=\"es\" dir=\"ltr\">Che Milei. Te noto algo nervioso.<br><br>El s\u00e1bado publicaste un GALIMAT\u00cdAS ECON\u00d3MICO en La Naci\u00f3n para decir que no vas a devaluar porque este tipo de cambio es producto de una \u201cestabilizaci\u00f3n exitosa\u201d. Y el lunes dejaste la motosierra y saliste con la cimitarra (ya sabemos que la\u2026<\/p>&mdash; Cristina Kirchner (@CFKArgentina) <a href=\"https:\/\/twitter.com\/CFKArgentina\/status\/1889283364810629313?ref_src=twsrc%5Etfw\">February 11, 2025<\/a><\/blockquote> <script async src=\"https:\/\/platform.twitter.com\/widgets.js\" charset=\"utf-8\"><\/script>\n<div class=\"sharedaddy sd-sharing-enabled\"><div class=\"robots-nocontent sd-block sd-social sd-social-icon sd-sharing\"><h3 class=\"sd-title\">Comparte esto:<\/h3><div class=\"sd-content\"><ul><li class=\"share-twitter\"><a rel=\"nofollow noopener noreferrer\" data-shared=\"sharing-twitter-44067\" class=\"share-twitter sd-button share-icon no-text\" href=\"http:\/\/www.rtvnoticias.com.ar\/?p=44067&amp;share=twitter\" target=\"_blank\" title=\"Haz clic para compartir en Twitter\"><span><\/span><span class=\"sharing-screen-reader-text\">Haz clic para compartir en Twitter (Se abre en una ventana nueva)<\/span><\/a><\/li><li class=\"share-facebook\"><a rel=\"nofollow noopener noreferrer\" data-shared=\"sharing-facebook-44067\" class=\"share-facebook sd-button share-icon no-text\" href=\"http:\/\/www.rtvnoticias.com.ar\/?p=44067&amp;share=facebook\" target=\"_blank\" title=\"Haz clic para compartir en Facebook\"><span><\/span><span class=\"sharing-screen-reader-text\">Haz clic para compartir en Facebook (Se abre en una ventana nueva)<\/span><\/a><\/li><li class=\"share-jetpack-whatsapp\"><a rel=\"nofollow noopener noreferrer\" data-shared=\"\" class=\"share-jetpack-whatsapp sd-button share-icon no-text\" href=\"http:\/\/www.rtvnoticias.com.ar\/?p=44067&amp;share=jetpack-whatsapp\" target=\"_blank\" title=\"Haz clic para compartir en WhatsApp\"><span><\/span><span class=\"sharing-screen-reader-text\">Haz clic para compartir en WhatsApp (Se abre en una ventana nueva)<\/span><\/a><\/li><li class=\"share-telegram\"><a rel=\"nofollow noopener noreferrer\" data-shared=\"\" class=\"share-telegram sd-button share-icon no-text\" href=\"http:\/\/www.rtvnoticias.com.ar\/?p=44067&amp;share=telegram\" target=\"_blank\" title=\"Haz clic para compartir en Telegram\"><span><\/span><span class=\"sharing-screen-reader-text\">Haz clic para compartir en Telegram (Se abre en una ventana nueva)<\/span><\/a><\/li><li class=\"share-end\"><\/li><\/ul><\/div><\/div><\/div>","protected":false},"excerpt":{"rendered":"<p>La ex presidenta Cristina Kirchner afirm\u00f3 hoy que el presidente Javier Milei est\u00e1 \u201calgo nervioso\u201d, lo acus\u00f3 de estar \u201cinterviniendo\u201d en el mercado cambiario y<\/p>\n<div class=\"sharedaddy sd-sharing-enabled\"><div class=\"robots-nocontent sd-block sd-social sd-social-icon sd-sharing\"><h3 class=\"sd-title\">Comparte esto:<\/h3><div class=\"sd-content\"><ul><li class=\"share-twitter\"><a rel=\"nofollow noopener noreferrer\" data-shared=\"sharing-twitter-44067\" class=\"share-twitter sd-button share-icon no-text\" href=\"http:\/\/www.rtvnoticias.com.ar\/?p=44067&amp;share=twitter\" target=\"_blank\" title=\"Haz clic para compartir en Twitter\"><span><\/span><span class=\"sharing-screen-reader-text\">Haz clic para compartir en Twitter (Se abre en una ventana nueva)<\/span><\/a><\/li><li class=\"share-facebook\"><a rel=\"nofollow noopener noreferrer\" data-shared=\"sharing-facebook-44067\" class=\"share-facebook sd-button share-icon no-text\" href=\"http:\/\/www.rtvnoticias.com.ar\/?p=44067&amp;share=facebook\" target=\"_blank\" title=\"Haz clic para compartir en Facebook\"><span><\/span><span class=\"sharing-screen-reader-text\">Haz clic para compartir en Facebook (Se abre en una ventana nueva)<\/span><\/a><\/li><li class=\"share-jetpack-whatsapp\"><a rel=\"nofollow noopener noreferrer\" data-shared=\"\" class=\"share-jetpack-whatsapp sd-button share-icon no-text\" href=\"http:\/\/www.rtvnoticias.com.ar\/?p=44067&amp;share=jetpack-whatsapp\" target=\"_blank\" title=\"Haz clic para compartir en WhatsApp\"><span><\/span><span class=\"sharing-screen-reader-text\">Haz clic para compartir en WhatsApp (Se abre en una ventana nueva)<\/span><\/a><\/li><li class=\"share-telegram\"><a rel=\"nofollow noopener noreferrer\" data-shared=\"\" class=\"share-telegram sd-button share-icon no-text\" href=\"http:\/\/www.rtvnoticias.com.ar\/?p=44067&amp;share=telegram\" target=\"_blank\" title=\"Haz clic para compartir en Telegram\"><span><\/span><span class=\"sharing-screen-reader-text\">Haz clic para compartir en Telegram (Se abre en una ventana nueva)<\/span><\/a><\/li><li class=\"share-end\"><\/li><\/ul><\/div><\/div><\/div>","protected":false},"author":7,"featured_media":44069,"comment_status":"closed","ping_status":"closed","sticky":false,"template":"","format":"standard","meta":{"spay_email":"","jetpack_publicize_message":"","jetpack_is_tweetstorm":false,"jetpack_publicize_feature_enabled":true},"categories":[5],"tags":[],"jetpack_featured_media_url":"http:\/\/www.rtvnoticias.com.ar\/wp-content\/uploads\/2025\/02\/21-10-2024-milei-cristina-1895428.jpg","jetpack_publicize_connections":[],"jetpack_sharing_enabled":true,"_links":{"self":[{"href":"http:\/\/www.rtvnoticias.com.ar\/index.php?rest_route=\/wp\/v2\/posts\/44067"}],"collection":[{"href":"http:\/\/www.rtvnoticias.com.ar\/index.php?rest_route=\/wp\/v2\/posts"}],"about":[{"href":"http:\/\/www.rtvnoticias.com.ar\/index.php?rest_route=\/wp\/v2\/types\/post"}],"author":[{"embeddable":true,"href":"http:\/\/www.rtvnoticias.com.ar\/index.php?rest_route=\/wp\/v2\/users\/7"}],"replies":[{"embeddable":true,"href":"http:\/\/www.rtvnoticias.com.ar\/index.php?rest_route=%2Fwp%2Fv2%2Fcomments&post=44067"}],"version-history":[{"count":1,"href":"http:\/\/www.rtvnoticias.com.ar\/index.php?rest_route=\/wp\/v2\/posts\/44067\/revisions"}],"predecessor-version":[{"id":44070,"href":"http:\/\/www.rtvnoticias.com.ar\/index.php?rest_route=\/wp\/v2\/posts\/44067\/revisions\/44070"}],"wp:featuredmedia":[{"embeddable":true,"href":"http:\/\/www.rtvnoticias.com.ar\/index.php?rest_route=\/wp\/v2\/media\/44069"}],"wp:attachment":[{"href":"http:\/\/www.rtvnoticias.com.ar\/index.php?rest_route=%2Fwp%2Fv2%2Fmedia&parent=44067"}],"wp:term":[{"taxonomy":"category","embeddable":true,"href":"http:\/\/www.rtvnoticias.com.ar\/index.php?rest_route=%2Fwp%2Fv2%2Fcategories&post=44067"},{"taxonomy":"post_tag","embeddable":true,"href":"http:\/\/www.rtvnoticias.com.ar\/index.php?rest_route=%2Fwp%2Fv2%2Ftags&post=44067"}],"curies":[{"name":"wp","href":"https:\/\/api.w.org\/{rel}","templated":true}]}}