{"id":44089,"date":"2025-02-12T06:24:00","date_gmt":"2025-02-12T09:24:00","guid":{"rendered":"http:\/\/www.rtvnoticias.com.ar\/?p=44089"},"modified":"2025-02-11T17:29:12","modified_gmt":"2025-02-11T20:29:12","slug":"mas-de-80-chicos-asisten-a-la-colonia-cultural-en-el-predio-del-soem","status":"publish","type":"post","link":"http:\/\/www.rtvnoticias.com.ar\/?p=44089","title":{"rendered":"M\u00e1s de 80 chicos asisten a la Colonia Cultural en el predio del SOEM"},"content":{"rendered":"\n<p>Comenz\u00f3 con gran \u00e9xito una nueva edici\u00f3n de la Colonia Cultural en el predio del SOEM, en calle 40 y Ruta Provincial N\u00b0 1. La iniciativa re\u00fane a 80 ni\u00f1os y ni\u00f1as de 7 a 12 a\u00f1os y se extender\u00e1 hasta el 27 de febrero.<\/p>\n\n\n\n<p>Desde las 9:00 y guiados por profesores y profesoras de distintas disciplinas art\u00edsticas, las y los asistentes pudieron acceder a diferentes iniciativas relacionadas a las artes pl\u00e1sticas, el teatro, la m\u00fasica y la danza.<\/p>\n\n\n\n<p>Del mismo modo, realizaron actividades en la pileta y compartieron un tiempo en grupo, disfrutando de la naturaleza y dialogando sobre sus intereses, seg\u00fan las distintas tem\u00e1ticas propuestas.<\/p>\n\n\n\n<p>Vale agregar que todas y todos recibieron un nutrido desayuno al ingreso y un refrigerio al finalizar la jornada, que forma parte del Plan Nutricional que lleva adelante la Secretar\u00eda de Desarrollo Social<\/p>\n\n\n\n<figure class=\"wp-block-image size-large\"><img data-attachment-id=\"44091\" data-permalink=\"http:\/\/www.rtvnoticias.com.ar\/?attachment_id=44091\" data-orig-file=\"http:\/\/www.rtvnoticias.com.ar\/wp-content\/uploads\/2025\/02\/coloniacultural-pileta.jpg\" data-orig-size=\"600,450\" data-comments-opened=\"0\" data-image-meta=\"{&quot;aperture&quot;:&quot;0&quot;,&quot;credit&quot;:&quot;&quot;,&quot;camera&quot;:&quot;&quot;,&quot;caption&quot;:&quot;&quot;,&quot;created_timestamp&quot;:&quot;0&quot;,&quot;copyright&quot;:&quot;&quot;,&quot;focal_length&quot;:&quot;0&quot;,&quot;iso&quot;:&quot;0&quot;,&quot;shutter_speed&quot;:&quot;0&quot;,&quot;title&quot;:&quot;&quot;,&quot;orientation&quot;:&quot;1&quot;}\" data-image-title=\"coloniacultural-pileta\" data-image-description=\"\" data-image-caption=\"\" data-medium-file=\"http:\/\/www.rtvnoticias.com.ar\/wp-content\/uploads\/2025\/02\/coloniacultural-pileta-300x225.jpg\" data-large-file=\"http:\/\/www.rtvnoticias.com.ar\/wp-content\/uploads\/2025\/02\/coloniacultural-pileta.jpg\" decoding=\"async\" loading=\"lazy\" width=\"600\" height=\"450\" src=\"http:\/\/www.rtvnoticias.com.ar\/wp-content\/uploads\/2025\/02\/coloniacultural-pileta.jpg\" alt=\"\" class=\"wp-image-44091\" srcset=\"http:\/\/www.rtvnoticias.com.ar\/wp-content\/uploads\/2025\/02\/coloniacultural-pileta.jpg 600w, http:\/\/www.rtvnoticias.com.ar\/wp-content\/uploads\/2025\/02\/coloniacultural-pileta-300x225.jpg 300w\" sizes=\"(max-width: 600px) 100vw, 600px\" \/><\/figure>\n\n\n\n<p><strong>Descubrir nuevos intereses<\/strong><\/p>\n\n\n\n<p>Fue la subdirectora de Cultura, Andrea Elizondo, quien se expres\u00f3 al respecto: \u201cEstamos muy felices por este nuevo comienzo, las y los chicos llegaron motivados y con muchas expectativas\u201d.<\/p>\n\n\n\n<p>\u201cTodas las disciplinas fueron muy bien recibidas y ellas y ellos disfrutaron adem\u00e1s de un tiempo en la pileta acompa\u00f1ados de las y los profesores, algo que sabemos que les gusta mucho y que esperan \u201d, agreg\u00f3.<\/p>\n\n\n\n<p>La funcionaria manifest\u00f3: \u201cAqu\u00ed hacemos hincapi\u00e9 en los lenguajes art\u00edsticos, estamos convencidos, sobre todo en estos tiempos que corren donde las y los m\u00e1s peque\u00f1os est\u00e1n tan cargados de pantallas y de videojuegos, de que es muy importante generar estos espacios para que puedan acercarse a la naturaleza y a las artes\u201d.<\/p>\n\n\n\n<p>\u201cComo pol\u00edtica p\u00fablica, es una puerta de entrada donde todas y todos pueden acceder a aprender y continuar a lo largo del a\u00f1o en los talleres del Centro Cultural Marac\u00f3. Este es el lugar perfecto para que quien tiene esa veta vinculada al arte pueda descubrirla y elegir qu\u00e9 es lo que m\u00e1s le gusta hacer\u201d, finaliz\u00f3 Andrea Elizondo.<\/p>\n<div class=\"sharedaddy sd-sharing-enabled\"><div class=\"robots-nocontent sd-block sd-social sd-social-icon sd-sharing\"><h3 class=\"sd-title\">Comparte esto:<\/h3><div class=\"sd-content\"><ul><li class=\"share-twitter\"><a rel=\"nofollow noopener noreferrer\" data-shared=\"sharing-twitter-44089\" class=\"share-twitter sd-button share-icon no-text\" href=\"http:\/\/www.rtvnoticias.com.ar\/?p=44089&amp;share=twitter\" target=\"_blank\" title=\"Haz clic para compartir en Twitter\"><span><\/span><span class=\"sharing-screen-reader-text\">Haz clic para compartir en Twitter (Se abre en una ventana nueva)<\/span><\/a><\/li><li class=\"share-facebook\"><a rel=\"nofollow noopener noreferrer\" data-shared=\"sharing-facebook-44089\" class=\"share-facebook sd-button share-icon no-text\" href=\"http:\/\/www.rtvnoticias.com.ar\/?p=44089&amp;share=facebook\" target=\"_blank\" title=\"Haz clic para compartir en Facebook\"><span><\/span><span class=\"sharing-screen-reader-text\">Haz clic para compartir en Facebook (Se abre en una ventana nueva)<\/span><\/a><\/li><li class=\"share-jetpack-whatsapp\"><a rel=\"nofollow noopener noreferrer\" data-shared=\"\" class=\"share-jetpack-whatsapp sd-button share-icon no-text\" href=\"http:\/\/www.rtvnoticias.com.ar\/?p=44089&amp;share=jetpack-whatsapp\" target=\"_blank\" title=\"Haz clic para compartir en WhatsApp\"><span><\/span><span class=\"sharing-screen-reader-text\">Haz clic para compartir en WhatsApp (Se abre en una ventana nueva)<\/span><\/a><\/li><li class=\"share-telegram\"><a rel=\"nofollow noopener noreferrer\" data-shared=\"\" class=\"share-telegram sd-button share-icon no-text\" href=\"http:\/\/www.rtvnoticias.com.ar\/?p=44089&amp;share=telegram\" target=\"_blank\" title=\"Haz clic para compartir en Telegram\"><span><\/span><span class=\"sharing-screen-reader-text\">Haz clic para compartir en Telegram (Se abre en una ventana nueva)<\/span><\/a><\/li><li class=\"share-end\"><\/li><\/ul><\/div><\/div><\/div>","protected":false},"excerpt":{"rendered":"<p>Comenz\u00f3 con gran \u00e9xito una nueva edici\u00f3n de la Colonia Cultural en el predio del SOEM, en calle 40 y Ruta Provincial N\u00b0 1. La<\/p>\n<div class=\"sharedaddy sd-sharing-enabled\"><div class=\"robots-nocontent sd-block sd-social sd-social-icon sd-sharing\"><h3 class=\"sd-title\">Comparte esto:<\/h3><div class=\"sd-content\"><ul><li class=\"share-twitter\"><a rel=\"nofollow noopener noreferrer\" data-shared=\"sharing-twitter-44089\" class=\"share-twitter sd-button share-icon no-text\" href=\"http:\/\/www.rtvnoticias.com.ar\/?p=44089&amp;share=twitter\" target=\"_blank\" title=\"Haz clic para compartir en Twitter\"><span><\/span><span class=\"sharing-screen-reader-text\">Haz clic para compartir en Twitter (Se abre en una ventana nueva)<\/span><\/a><\/li><li class=\"share-facebook\"><a rel=\"nofollow noopener noreferrer\" data-shared=\"sharing-facebook-44089\" class=\"share-facebook sd-button share-icon no-text\" href=\"http:\/\/www.rtvnoticias.com.ar\/?p=44089&amp;share=facebook\" target=\"_blank\" title=\"Haz clic para compartir en Facebook\"><span><\/span><span class=\"sharing-screen-reader-text\">Haz clic para compartir en Facebook (Se abre en una ventana nueva)<\/span><\/a><\/li><li class=\"share-jetpack-whatsapp\"><a rel=\"nofollow noopener noreferrer\" data-shared=\"\" class=\"share-jetpack-whatsapp sd-button share-icon no-text\" href=\"http:\/\/www.rtvnoticias.com.ar\/?p=44089&amp;share=jetpack-whatsapp\" target=\"_blank\" title=\"Haz clic para compartir en WhatsApp\"><span><\/span><span class=\"sharing-screen-reader-text\">Haz clic para compartir en WhatsApp (Se abre en una ventana nueva)<\/span><\/a><\/li><li class=\"share-telegram\"><a rel=\"nofollow noopener noreferrer\" data-shared=\"\" class=\"share-telegram sd-button share-icon no-text\" href=\"http:\/\/www.rtvnoticias.com.ar\/?p=44089&amp;share=telegram\" target=\"_blank\" title=\"Haz clic para compartir en Telegram\"><span><\/span><span class=\"sharing-screen-reader-text\">Haz clic para compartir en Telegram (Se abre en una ventana nueva)<\/span><\/a><\/li><li class=\"share-end\"><\/li><\/ul><\/div><\/div><\/div>","protected":false},"author":5,"featured_media":44090,"comment_status":"closed","ping_status":"closed","sticky":false,"template":"","format":"standard","meta":{"spay_email":"","jetpack_publicize_message":"","jetpack_is_tweetstorm":false,"jetpack_publicize_feature_enabled":true},"categories":[3],"tags":[5202],"jetpack_featured_media_url":"http:\/\/www.rtvnoticias.com.ar\/wp-content\/uploads\/2025\/02\/coloniacultural-caminando.jpg","jetpack_publicize_connections":[],"jetpack_sharing_enabled":true,"_links":{"self":[{"href":"http:\/\/www.rtvnoticias.com.ar\/index.php?rest_route=\/wp\/v2\/posts\/44089"}],"collection":[{"href":"http:\/\/www.rtvnoticias.com.ar\/index.php?rest_route=\/wp\/v2\/posts"}],"about":[{"href":"http:\/\/www.rtvnoticias.com.ar\/index.php?rest_route=\/wp\/v2\/types\/post"}],"author":[{"embeddable":true,"href":"http:\/\/www.rtvnoticias.com.ar\/index.php?rest_route=\/wp\/v2\/users\/5"}],"replies":[{"embeddable":true,"href":"http:\/\/www.rtvnoticias.com.ar\/index.php?rest_route=%2Fwp%2Fv2%2Fcomments&post=44089"}],"version-history":[{"count":1,"href":"http:\/\/www.rtvnoticias.com.ar\/index.php?rest_route=\/wp\/v2\/posts\/44089\/revisions"}],"predecessor-version":[{"id":44092,"href":"http:\/\/www.rtvnoticias.com.ar\/index.php?rest_route=\/wp\/v2\/posts\/44089\/revisions\/44092"}],"wp:featuredmedia":[{"embeddable":true,"href":"http:\/\/www.rtvnoticias.com.ar\/index.php?rest_route=\/wp\/v2\/media\/44090"}],"wp:attachment":[{"href":"http:\/\/www.rtvnoticias.com.ar\/index.php?rest_route=%2Fwp%2Fv2%2Fmedia&parent=44089"}],"wp:term":[{"taxonomy":"category","embeddable":true,"href":"http:\/\/www.rtvnoticias.com.ar\/index.php?rest_route=%2Fwp%2Fv2%2Fcategories&post=44089"},{"taxonomy":"post_tag","embeddable":true,"href":"http:\/\/www.rtvnoticias.com.ar\/index.php?rest_route=%2Fwp%2Fv2%2Ftags&post=44089"}],"curies":[{"name":"wp","href":"https:\/\/api.w.org\/{rel}","templated":true}]}}