{"id":44103,"date":"2025-02-12T20:38:11","date_gmt":"2025-02-12T23:38:11","guid":{"rendered":"http:\/\/www.rtvnoticias.com.ar\/?p=44103"},"modified":"2025-02-12T20:38:16","modified_gmt":"2025-02-12T23:38:16","slug":"salarios-estatales-la-provincia-pidio-postergar-las-paritarias-y-prometio-hacer-una-oferta-el-lunes-17","status":"publish","type":"post","link":"http:\/\/www.rtvnoticias.com.ar\/?p=44103","title":{"rendered":"Salarios estatales: la Provincia pidi\u00f3 postergar las paritarias y prometi\u00f3 hacer una oferta el lunes 17"},"content":{"rendered":"\n<p>El Gobierno provincial solicit\u00f3 la postergaci\u00f3n para el pr\u00f3ximo lunes 17 de la reuni\u00f3n paritaria con los gremios estatales. En esa oportunidad, seg\u00fan prometi\u00f3, dar\u00e1 a conocer la oferta salarial.<\/p>\n\n\n\n<p>La administraci\u00f3n de Sergio Ziliotto hab\u00eda convocado para este jueves 13 a reuniones paritarias. Pero ahora pidi\u00f3 unos d\u00edas m\u00e1s para el encuentro, donde directamente har\u00e1 una oferta. \u201cLa fecha fue determinada ante la necesidad de contar con mayor informaci\u00f3n presupuestaria, como as\u00ed tambi\u00e9n a que el \u00cdndice de Precios al Consumidor (IPC) que elabora el INDEC, se dar\u00e1 a conocer ma\u00f1ana a las 16 horas\u201d, comunic\u00f3. \u201cPor los motivos antes expuestos se resolvi\u00f3 posponer el encuentro previsto para ma\u00f1ana jueves y convocar un nuevo encuentro paritario para el pr\u00f3ximo lunes 17 del corriente mes en horario matutino\u201d, finaliz\u00f3.<\/p>\n\n\n\n<p>El a\u00f1o pasado, el aumento de los salarios empard\u00f3 a la inflaci\u00f3n al ubicarse en el 114,34 por ciento. A su vez, el m\u00ednimo garantizado aument\u00f3 un 182,98 % y las Asignaciones Familiares un 245 %. Eso es reivindicado por el Gobierno de Sergio Ziliotto.<\/p>\n\n\n\n<p>De todas maneras, buena parte de los gremios estatales terminaron el 2024 en las calles, al considerar insuficiente los incrementos del Gobierno provincial.<\/p>\n\n\n\n<p>En medio de un a\u00f1o electoral y con Casa de Gobierno advirtiendo que tiene la frazada corta a ra\u00edz del fort\u00edsimo corte de env\u00edos de dinero desde Naci\u00f3n y la ca\u00edda de la recaudaci\u00f3n, se especula que ser\u00e1 un a\u00f1o con conflictos sindicales.<\/p>\n\n\n\n<p>El lunes 17, entonces, habr\u00e1 dos reuniones paritarias: una con los docentes y otra con un grupo de una decena de gremios nucleados en la llamada Mesa Intersindical<\/p>\n<div class=\"sharedaddy sd-sharing-enabled\"><div class=\"robots-nocontent sd-block sd-social sd-social-icon sd-sharing\"><h3 class=\"sd-title\">Comparte esto:<\/h3><div class=\"sd-content\"><ul><li class=\"share-twitter\"><a rel=\"nofollow noopener noreferrer\" data-shared=\"sharing-twitter-44103\" class=\"share-twitter sd-button share-icon no-text\" href=\"http:\/\/www.rtvnoticias.com.ar\/?p=44103&amp;share=twitter\" target=\"_blank\" title=\"Haz clic para compartir en Twitter\"><span><\/span><span class=\"sharing-screen-reader-text\">Haz clic para compartir en Twitter (Se abre en una ventana nueva)<\/span><\/a><\/li><li class=\"share-facebook\"><a rel=\"nofollow noopener noreferrer\" data-shared=\"sharing-facebook-44103\" class=\"share-facebook sd-button share-icon no-text\" href=\"http:\/\/www.rtvnoticias.com.ar\/?p=44103&amp;share=facebook\" target=\"_blank\" title=\"Haz clic para compartir en Facebook\"><span><\/span><span class=\"sharing-screen-reader-text\">Haz clic para compartir en Facebook (Se abre en una ventana nueva)<\/span><\/a><\/li><li class=\"share-jetpack-whatsapp\"><a rel=\"nofollow noopener noreferrer\" data-shared=\"\" class=\"share-jetpack-whatsapp sd-button share-icon no-text\" href=\"http:\/\/www.rtvnoticias.com.ar\/?p=44103&amp;share=jetpack-whatsapp\" target=\"_blank\" title=\"Haz clic para compartir en WhatsApp\"><span><\/span><span class=\"sharing-screen-reader-text\">Haz clic para compartir en WhatsApp (Se abre en una ventana nueva)<\/span><\/a><\/li><li class=\"share-telegram\"><a rel=\"nofollow noopener noreferrer\" data-shared=\"\" class=\"share-telegram sd-button share-icon no-text\" href=\"http:\/\/www.rtvnoticias.com.ar\/?p=44103&amp;share=telegram\" target=\"_blank\" title=\"Haz clic para compartir en Telegram\"><span><\/span><span class=\"sharing-screen-reader-text\">Haz clic para compartir en Telegram (Se abre en una ventana nueva)<\/span><\/a><\/li><li class=\"share-end\"><\/li><\/ul><\/div><\/div><\/div>","protected":false},"excerpt":{"rendered":"<p>El Gobierno provincial solicit\u00f3 la postergaci\u00f3n para el pr\u00f3ximo lunes 17 de la reuni\u00f3n paritaria con los gremios estatales. En esa oportunidad, seg\u00fan prometi\u00f3, dar\u00e1<\/p>\n<div class=\"sharedaddy sd-sharing-enabled\"><div class=\"robots-nocontent sd-block sd-social sd-social-icon sd-sharing\"><h3 class=\"sd-title\">Comparte esto:<\/h3><div class=\"sd-content\"><ul><li class=\"share-twitter\"><a rel=\"nofollow noopener noreferrer\" data-shared=\"sharing-twitter-44103\" class=\"share-twitter sd-button share-icon no-text\" href=\"http:\/\/www.rtvnoticias.com.ar\/?p=44103&amp;share=twitter\" target=\"_blank\" title=\"Haz clic para compartir en Twitter\"><span><\/span><span class=\"sharing-screen-reader-text\">Haz clic para compartir en Twitter (Se abre en una ventana nueva)<\/span><\/a><\/li><li class=\"share-facebook\"><a rel=\"nofollow noopener noreferrer\" data-shared=\"sharing-facebook-44103\" class=\"share-facebook sd-button share-icon no-text\" href=\"http:\/\/www.rtvnoticias.com.ar\/?p=44103&amp;share=facebook\" target=\"_blank\" title=\"Haz clic para compartir en Facebook\"><span><\/span><span class=\"sharing-screen-reader-text\">Haz clic para compartir en Facebook (Se abre en una ventana nueva)<\/span><\/a><\/li><li class=\"share-jetpack-whatsapp\"><a rel=\"nofollow noopener noreferrer\" data-shared=\"\" class=\"share-jetpack-whatsapp sd-button share-icon no-text\" href=\"http:\/\/www.rtvnoticias.com.ar\/?p=44103&amp;share=jetpack-whatsapp\" target=\"_blank\" title=\"Haz clic para compartir en WhatsApp\"><span><\/span><span class=\"sharing-screen-reader-text\">Haz clic para compartir en WhatsApp (Se abre en una ventana nueva)<\/span><\/a><\/li><li class=\"share-telegram\"><a rel=\"nofollow noopener noreferrer\" data-shared=\"\" class=\"share-telegram sd-button share-icon no-text\" href=\"http:\/\/www.rtvnoticias.com.ar\/?p=44103&amp;share=telegram\" target=\"_blank\" title=\"Haz clic para compartir en Telegram\"><span><\/span><span class=\"sharing-screen-reader-text\">Haz clic para compartir en Telegram (Se abre en una ventana nueva)<\/span><\/a><\/li><li class=\"share-end\"><\/li><\/ul><\/div><\/div><\/div>","protected":false},"author":7,"featured_media":44104,"comment_status":"closed","ping_status":"closed","sticky":false,"template":"","format":"standard","meta":{"spay_email":"","jetpack_publicize_message":"","jetpack_is_tweetstorm":false,"jetpack_publicize_feature_enabled":true},"categories":[4],"tags":[],"jetpack_featured_media_url":"http:\/\/www.rtvnoticias.com.ar\/wp-content\/uploads\/2025\/02\/CentroCivico_lateral_ingreso_28marzo2020.jpg","jetpack_publicize_connections":[],"jetpack_sharing_enabled":true,"_links":{"self":[{"href":"http:\/\/www.rtvnoticias.com.ar\/index.php?rest_route=\/wp\/v2\/posts\/44103"}],"collection":[{"href":"http:\/\/www.rtvnoticias.com.ar\/index.php?rest_route=\/wp\/v2\/posts"}],"about":[{"href":"http:\/\/www.rtvnoticias.com.ar\/index.php?rest_route=\/wp\/v2\/types\/post"}],"author":[{"embeddable":true,"href":"http:\/\/www.rtvnoticias.com.ar\/index.php?rest_route=\/wp\/v2\/users\/7"}],"replies":[{"embeddable":true,"href":"http:\/\/www.rtvnoticias.com.ar\/index.php?rest_route=%2Fwp%2Fv2%2Fcomments&post=44103"}],"version-history":[{"count":1,"href":"http:\/\/www.rtvnoticias.com.ar\/index.php?rest_route=\/wp\/v2\/posts\/44103\/revisions"}],"predecessor-version":[{"id":44105,"href":"http:\/\/www.rtvnoticias.com.ar\/index.php?rest_route=\/wp\/v2\/posts\/44103\/revisions\/44105"}],"wp:featuredmedia":[{"embeddable":true,"href":"http:\/\/www.rtvnoticias.com.ar\/index.php?rest_route=\/wp\/v2\/media\/44104"}],"wp:attachment":[{"href":"http:\/\/www.rtvnoticias.com.ar\/index.php?rest_route=%2Fwp%2Fv2%2Fmedia&parent=44103"}],"wp:term":[{"taxonomy":"category","embeddable":true,"href":"http:\/\/www.rtvnoticias.com.ar\/index.php?rest_route=%2Fwp%2Fv2%2Fcategories&post=44103"},{"taxonomy":"post_tag","embeddable":true,"href":"http:\/\/www.rtvnoticias.com.ar\/index.php?rest_route=%2Fwp%2Fv2%2Ftags&post=44103"}],"curies":[{"name":"wp","href":"https:\/\/api.w.org\/{rel}","templated":true}]}}