{"id":44109,"date":"2025-02-13T10:24:18","date_gmt":"2025-02-13T13:24:18","guid":{"rendered":"http:\/\/www.rtvnoticias.com.ar\/?p=44109"},"modified":"2025-02-13T10:24:21","modified_gmt":"2025-02-13T13:24:21","slug":"bullrich-el-grupo-ram-va-a-ser-catalogado-como-terrorista","status":"publish","type":"post","link":"http:\/\/www.rtvnoticias.com.ar\/?p=44109","title":{"rendered":"Bullrich: \u00abEl grupo RAM va a ser catalogado como terrorista\u00bb"},"content":{"rendered":"\n<p>La ministra de Seguridad de la Naci\u00f3n, Patricia Bullrich, anunci\u00f3 que el grupo RAM (Resistencia Ancestral Mapuche) va a ser catalogado como terrorista. La decisi\u00f3n se tom\u00f3 despu\u00e9s de una serie de ataques y actos de violencia atribuidos al grupo en la regi\u00f3n de la Patagonia.<\/p>\n\n\n\n<p>\u201cHay gente que, por razones de distinto tipo, psicol\u00f3gicas y dem\u00e1s, genera incendios. Esas personas van a entrar dentro de una categor\u00eda de una ley que el Ejecutivo va a presentar en estos d\u00edas, que ha sucedido en zonas donde no existen este tipo de problemas, por ejemplo, en C\u00f3rdoba el a\u00f1o pasado\u201d, expres\u00f3.<\/p>\n\n\n\n<p>Asimismo, indic\u00f3: \u201cOtro tipo de categor\u00eda es la categor\u00eda de terroristas, que son aquellos que pregonan la lucha armada, que han incendiado, como es el caso de la estancia Mancay, que hace dos d\u00edas, en un procedimiento entre la Polic\u00eda Federal y la Polic\u00eda de Chubut, entre el Ministerio de la Naci\u00f3n y el Ministerio de la Polic\u00eda de Chubut, se hizo un procedimiento\u201d.<\/p>\n\n\n\n<p>\u201cEse procedimiento fue para detener a personas que agreden con toda la intenci\u00f3n, generan hechos de violencia armada, que en este caso no hubo muertos, pero s\u00ed destrucci\u00f3n de maquinarias, o los que incendian con el objetivo de generar caos y p\u00e1nico\u201d, asever\u00f3 a Radio Rivadavia.<\/p>\n\n\n\n<p>En ese sentido, a\u00f1adi\u00f3: \u201cEsos van a entrar dentro de lo que es esta categor\u00eda de declaraci\u00f3n del Grupo RAM como grupo terrorista. Esto va a salir en estos d\u00edas, muy importante, se ha declarado terrorismo a este grupo y eso va a significar que tendr\u00e1n consecuencias muy fuertes si toman estas decisiones\u201d.<\/p>\n\n\n\n<p>Adem\u00e1s, manifest\u00f3: \u00abCuando uno ve quienes eran parte del problema, el dinero que les daban, la aceptaci\u00f3n de las usurpaciones, y hab\u00eda una ley que los proteg\u00eda. Por ellos no se solucion\u00f3 el problema antes\u00bb.<\/p>\n<div class=\"sharedaddy sd-sharing-enabled\"><div class=\"robots-nocontent sd-block sd-social sd-social-icon sd-sharing\"><h3 class=\"sd-title\">Comparte esto:<\/h3><div class=\"sd-content\"><ul><li class=\"share-twitter\"><a rel=\"nofollow noopener noreferrer\" data-shared=\"sharing-twitter-44109\" class=\"share-twitter sd-button share-icon no-text\" href=\"http:\/\/www.rtvnoticias.com.ar\/?p=44109&amp;share=twitter\" target=\"_blank\" title=\"Haz clic para compartir en Twitter\"><span><\/span><span class=\"sharing-screen-reader-text\">Haz clic para compartir en Twitter (Se abre en una ventana nueva)<\/span><\/a><\/li><li class=\"share-facebook\"><a rel=\"nofollow noopener noreferrer\" data-shared=\"sharing-facebook-44109\" class=\"share-facebook sd-button share-icon no-text\" href=\"http:\/\/www.rtvnoticias.com.ar\/?p=44109&amp;share=facebook\" target=\"_blank\" title=\"Haz clic para compartir en Facebook\"><span><\/span><span class=\"sharing-screen-reader-text\">Haz clic para compartir en Facebook (Se abre en una ventana nueva)<\/span><\/a><\/li><li class=\"share-jetpack-whatsapp\"><a rel=\"nofollow noopener noreferrer\" data-shared=\"\" class=\"share-jetpack-whatsapp sd-button share-icon no-text\" href=\"http:\/\/www.rtvnoticias.com.ar\/?p=44109&amp;share=jetpack-whatsapp\" target=\"_blank\" title=\"Haz clic para compartir en WhatsApp\"><span><\/span><span class=\"sharing-screen-reader-text\">Haz clic para compartir en WhatsApp (Se abre en una ventana nueva)<\/span><\/a><\/li><li class=\"share-telegram\"><a rel=\"nofollow noopener noreferrer\" data-shared=\"\" class=\"share-telegram sd-button share-icon no-text\" href=\"http:\/\/www.rtvnoticias.com.ar\/?p=44109&amp;share=telegram\" target=\"_blank\" title=\"Haz clic para compartir en Telegram\"><span><\/span><span class=\"sharing-screen-reader-text\">Haz clic para compartir en Telegram (Se abre en una ventana nueva)<\/span><\/a><\/li><li class=\"share-end\"><\/li><\/ul><\/div><\/div><\/div>","protected":false},"excerpt":{"rendered":"<p>La ministra de Seguridad de la Naci\u00f3n, Patricia Bullrich, anunci\u00f3 que el grupo RAM (Resistencia Ancestral Mapuche) va a ser catalogado como terrorista. La decisi\u00f3n<\/p>\n<div class=\"sharedaddy sd-sharing-enabled\"><div class=\"robots-nocontent sd-block sd-social sd-social-icon sd-sharing\"><h3 class=\"sd-title\">Comparte esto:<\/h3><div class=\"sd-content\"><ul><li class=\"share-twitter\"><a rel=\"nofollow noopener noreferrer\" data-shared=\"sharing-twitter-44109\" class=\"share-twitter sd-button share-icon no-text\" href=\"http:\/\/www.rtvnoticias.com.ar\/?p=44109&amp;share=twitter\" target=\"_blank\" title=\"Haz clic para compartir en Twitter\"><span><\/span><span class=\"sharing-screen-reader-text\">Haz clic para compartir en Twitter (Se abre en una ventana nueva)<\/span><\/a><\/li><li class=\"share-facebook\"><a rel=\"nofollow noopener noreferrer\" data-shared=\"sharing-facebook-44109\" class=\"share-facebook sd-button share-icon no-text\" href=\"http:\/\/www.rtvnoticias.com.ar\/?p=44109&amp;share=facebook\" target=\"_blank\" title=\"Haz clic para compartir en Facebook\"><span><\/span><span class=\"sharing-screen-reader-text\">Haz clic para compartir en Facebook (Se abre en una ventana nueva)<\/span><\/a><\/li><li class=\"share-jetpack-whatsapp\"><a rel=\"nofollow noopener noreferrer\" data-shared=\"\" class=\"share-jetpack-whatsapp sd-button share-icon no-text\" href=\"http:\/\/www.rtvnoticias.com.ar\/?p=44109&amp;share=jetpack-whatsapp\" target=\"_blank\" title=\"Haz clic para compartir en WhatsApp\"><span><\/span><span class=\"sharing-screen-reader-text\">Haz clic para compartir en WhatsApp (Se abre en una ventana nueva)<\/span><\/a><\/li><li class=\"share-telegram\"><a rel=\"nofollow noopener noreferrer\" data-shared=\"\" class=\"share-telegram sd-button share-icon no-text\" href=\"http:\/\/www.rtvnoticias.com.ar\/?p=44109&amp;share=telegram\" target=\"_blank\" title=\"Haz clic para compartir en Telegram\"><span><\/span><span class=\"sharing-screen-reader-text\">Haz clic para compartir en Telegram (Se abre en una ventana nueva)<\/span><\/a><\/li><li class=\"share-end\"><\/li><\/ul><\/div><\/div><\/div>","protected":false},"author":7,"featured_media":44110,"comment_status":"closed","ping_status":"closed","sticky":false,"template":"","format":"standard","meta":{"spay_email":"","jetpack_publicize_message":"","jetpack_is_tweetstorm":false,"jetpack_publicize_feature_enabled":true},"categories":[5],"tags":[],"jetpack_featured_media_url":"http:\/\/www.rtvnoticias.com.ar\/wp-content\/uploads\/2025\/02\/patricia-bullrich-1575844.jpg","jetpack_publicize_connections":[],"jetpack_sharing_enabled":true,"_links":{"self":[{"href":"http:\/\/www.rtvnoticias.com.ar\/index.php?rest_route=\/wp\/v2\/posts\/44109"}],"collection":[{"href":"http:\/\/www.rtvnoticias.com.ar\/index.php?rest_route=\/wp\/v2\/posts"}],"about":[{"href":"http:\/\/www.rtvnoticias.com.ar\/index.php?rest_route=\/wp\/v2\/types\/post"}],"author":[{"embeddable":true,"href":"http:\/\/www.rtvnoticias.com.ar\/index.php?rest_route=\/wp\/v2\/users\/7"}],"replies":[{"embeddable":true,"href":"http:\/\/www.rtvnoticias.com.ar\/index.php?rest_route=%2Fwp%2Fv2%2Fcomments&post=44109"}],"version-history":[{"count":1,"href":"http:\/\/www.rtvnoticias.com.ar\/index.php?rest_route=\/wp\/v2\/posts\/44109\/revisions"}],"predecessor-version":[{"id":44111,"href":"http:\/\/www.rtvnoticias.com.ar\/index.php?rest_route=\/wp\/v2\/posts\/44109\/revisions\/44111"}],"wp:featuredmedia":[{"embeddable":true,"href":"http:\/\/www.rtvnoticias.com.ar\/index.php?rest_route=\/wp\/v2\/media\/44110"}],"wp:attachment":[{"href":"http:\/\/www.rtvnoticias.com.ar\/index.php?rest_route=%2Fwp%2Fv2%2Fmedia&parent=44109"}],"wp:term":[{"taxonomy":"category","embeddable":true,"href":"http:\/\/www.rtvnoticias.com.ar\/index.php?rest_route=%2Fwp%2Fv2%2Fcategories&post=44109"},{"taxonomy":"post_tag","embeddable":true,"href":"http:\/\/www.rtvnoticias.com.ar\/index.php?rest_route=%2Fwp%2Fv2%2Ftags&post=44109"}],"curies":[{"name":"wp","href":"https:\/\/api.w.org\/{rel}","templated":true}]}}