{"id":44115,"date":"2025-02-14T07:23:00","date_gmt":"2025-02-14T10:23:00","guid":{"rendered":"http:\/\/www.rtvnoticias.com.ar\/?p=44115"},"modified":"2025-02-14T08:11:12","modified_gmt":"2025-02-14T11:11:12","slug":"la-inflacion-de-enero-fue-del-22-y-llego-al-845-interanual","status":"publish","type":"post","link":"http:\/\/www.rtvnoticias.com.ar\/?p=44115","title":{"rendered":"La inflaci\u00f3n de enero fue del 2,2% y lleg\u00f3 al 84,5% interanual"},"content":{"rendered":"\n<p>El Indec inform\u00f3 que la inflaci\u00f3n de enero fue de 2,2% y as\u00ed marc\u00f3 una desaceleraci\u00f3n en comparaci\u00f3n con el 2,7% que hab\u00eda registrado diciembre. De esta forma, la suba interanual de precios fue de 84,5 por ciento.<\/p>\n\n\n\n<p>El \u00edndice mensual es el m\u00e1s bajo desde mediados de 2020, un a\u00f1o en que la fuerte recesi\u00f3n derivada de la pandemia hizo caer el ritmo de precios en la econom\u00eda. A su vez, el \u00edndice interanual acumula nueve meses consecutivos en baja y fue el menor desde septiembre de 2022.<\/p>\n\n\n\n<p>En el primer mes del a\u00f1o, las divisiones de mayor aumento fueron Restaurantes y hoteles (5,3%), por subas estacionales del per\u00edodo vacacional, y Vivienda, agua, electricidad, gas y otros combustibles (4,0%), por incrementos en los alquileres. En el otro extremo, los menores aumentos se registraron en Educaci\u00f3n (0,5%) y en Prendas de vestir y calzado, rubro en el que se registr\u00f3 deflaci\u00f3n (-0,7%).<\/p>\n\n\n\n<p>A nivel de las categor\u00edas, \u201clos precios regulados (2,6%) lideraron el incremento, seguidos del IPC n\u00facleo (2,4%), mientras que los Estacionales aumentaron 0,6%\u201d, explic\u00f3 el Indec.<\/p>\n\n\n\n<p>Al igual que los \u00faltimos meses, se mantuvo la fuerte diferencia entre la inflaci\u00f3n de bienes (1,5%) y servicios (3,8%).<\/p>\n\n\n\n<blockquote class=\"twitter-tweet\"><p lang=\"es\" dir=\"ltr\"><a href=\"https:\/\/twitter.com\/hashtag\/DatoINDEC?src=hash&amp;ref_src=twsrc%5Etfw\">#DatoINDEC<\/a><br>Los precios al consumidor (<a href=\"https:\/\/twitter.com\/hashtag\/IPC?src=hash&amp;ref_src=twsrc%5Etfw\">#IPC<\/a>) aumentaron 2,2% en enero de 2025 respecto de diciembre y 84,5% interanual <a href=\"https:\/\/t.co\/A3Ua2uSqZk\">https:\/\/t.co\/A3Ua2uSqZk<\/a> <a href=\"https:\/\/t.co\/Qx79hJUG2p\">pic.twitter.com\/Qx79hJUG2p<\/a><\/p>\u2014 INDEC Argentina (@INDECArgentina) <a href=\"https:\/\/twitter.com\/INDECArgentina\/status\/1890113757491404928?ref_src=twsrc%5Etfw\">February 13, 2025<\/a><\/blockquote> <script async=\"\" src=\"https:\/\/platform.twitter.com\/widgets.js\" charset=\"utf-8\"><\/script>\n\n\n\n<p>Desde el ministerio de Econom\u00eda, destacaron que \u201ceste sendero de reducci\u00f3n en la inflaci\u00f3n se da en un contexto de crecimiento del nivel de actividad (+6,4% acumulado entre abril y noviembre seg\u00fan el EMAE desestacionalizado) y suba en los ingresos de la poblaci\u00f3n, destac\u00e1ndose los incrementos en t\u00e9rminos reales en diciembre de 18% i.a. en el salario promedio del sector privado registrado (SIPA), 12,8% i.a. en el haber jubilatorio y 107% i.a. en la Asignaci\u00f3n Universal por Hijo\u201d.<\/p>\n\n\n\n<p>El \u00edndice de enero es el \u00faltimo que tuvo lugar bajo el esquema cambiario de actualizaci\u00f3n del d\u00f3lar oficial a ritmo de 2% por mes. El Gobierno activ\u00f3 un retoque en el esquema cambiario esta semana luego de haber esperado un trimestre con un IPC cercano a 2,5 por ciento. As\u00ed, el tipo de cambio oficial pasa a moverse a un ritmo de 1% mensual. Esa es la velocidad a la que el Ministerio de Econom\u00eda apunta a que tiendan a converger los bienes, que explican cerca de un 65% de la canasta que toma en consideraci\u00f3n el Indec para elaborar el \u00edndice de precios, m\u00e1s all\u00e1 de los servicios.<\/p>\n<div class=\"sharedaddy sd-sharing-enabled\"><div class=\"robots-nocontent sd-block sd-social sd-social-icon sd-sharing\"><h3 class=\"sd-title\">Comparte esto:<\/h3><div class=\"sd-content\"><ul><li class=\"share-twitter\"><a rel=\"nofollow noopener noreferrer\" data-shared=\"sharing-twitter-44115\" class=\"share-twitter sd-button share-icon no-text\" href=\"http:\/\/www.rtvnoticias.com.ar\/?p=44115&amp;share=twitter\" target=\"_blank\" title=\"Haz clic para compartir en Twitter\"><span><\/span><span class=\"sharing-screen-reader-text\">Haz clic para compartir en Twitter (Se abre en una ventana nueva)<\/span><\/a><\/li><li class=\"share-facebook\"><a rel=\"nofollow noopener noreferrer\" data-shared=\"sharing-facebook-44115\" class=\"share-facebook sd-button share-icon no-text\" href=\"http:\/\/www.rtvnoticias.com.ar\/?p=44115&amp;share=facebook\" target=\"_blank\" title=\"Haz clic para compartir en Facebook\"><span><\/span><span class=\"sharing-screen-reader-text\">Haz clic para compartir en Facebook (Se abre en una ventana nueva)<\/span><\/a><\/li><li class=\"share-jetpack-whatsapp\"><a rel=\"nofollow noopener noreferrer\" data-shared=\"\" class=\"share-jetpack-whatsapp sd-button share-icon no-text\" href=\"http:\/\/www.rtvnoticias.com.ar\/?p=44115&amp;share=jetpack-whatsapp\" target=\"_blank\" title=\"Haz clic para compartir en WhatsApp\"><span><\/span><span class=\"sharing-screen-reader-text\">Haz clic para compartir en WhatsApp (Se abre en una ventana nueva)<\/span><\/a><\/li><li class=\"share-telegram\"><a rel=\"nofollow noopener noreferrer\" data-shared=\"\" class=\"share-telegram sd-button share-icon no-text\" href=\"http:\/\/www.rtvnoticias.com.ar\/?p=44115&amp;share=telegram\" target=\"_blank\" title=\"Haz clic para compartir en Telegram\"><span><\/span><span class=\"sharing-screen-reader-text\">Haz clic para compartir en Telegram (Se abre en una ventana nueva)<\/span><\/a><\/li><li class=\"share-end\"><\/li><\/ul><\/div><\/div><\/div>","protected":false},"excerpt":{"rendered":"<p>El Indec inform\u00f3 que la inflaci\u00f3n de enero fue de 2,2% y as\u00ed marc\u00f3 una desaceleraci\u00f3n en comparaci\u00f3n con el 2,7% que hab\u00eda registrado diciembre.<\/p>\n<div class=\"sharedaddy sd-sharing-enabled\"><div class=\"robots-nocontent sd-block sd-social sd-social-icon sd-sharing\"><h3 class=\"sd-title\">Comparte esto:<\/h3><div class=\"sd-content\"><ul><li class=\"share-twitter\"><a rel=\"nofollow noopener noreferrer\" data-shared=\"sharing-twitter-44115\" class=\"share-twitter sd-button share-icon no-text\" href=\"http:\/\/www.rtvnoticias.com.ar\/?p=44115&amp;share=twitter\" target=\"_blank\" title=\"Haz clic para compartir en Twitter\"><span><\/span><span class=\"sharing-screen-reader-text\">Haz clic para compartir en Twitter (Se abre en una ventana nueva)<\/span><\/a><\/li><li class=\"share-facebook\"><a rel=\"nofollow noopener noreferrer\" data-shared=\"sharing-facebook-44115\" class=\"share-facebook sd-button share-icon no-text\" href=\"http:\/\/www.rtvnoticias.com.ar\/?p=44115&amp;share=facebook\" target=\"_blank\" title=\"Haz clic para compartir en Facebook\"><span><\/span><span class=\"sharing-screen-reader-text\">Haz clic para compartir en Facebook (Se abre en una ventana nueva)<\/span><\/a><\/li><li class=\"share-jetpack-whatsapp\"><a rel=\"nofollow noopener noreferrer\" data-shared=\"\" class=\"share-jetpack-whatsapp sd-button share-icon no-text\" href=\"http:\/\/www.rtvnoticias.com.ar\/?p=44115&amp;share=jetpack-whatsapp\" target=\"_blank\" title=\"Haz clic para compartir en WhatsApp\"><span><\/span><span class=\"sharing-screen-reader-text\">Haz clic para compartir en WhatsApp (Se abre en una ventana nueva)<\/span><\/a><\/li><li class=\"share-telegram\"><a rel=\"nofollow noopener noreferrer\" data-shared=\"\" class=\"share-telegram sd-button share-icon no-text\" href=\"http:\/\/www.rtvnoticias.com.ar\/?p=44115&amp;share=telegram\" target=\"_blank\" title=\"Haz clic para compartir en Telegram\"><span><\/span><span class=\"sharing-screen-reader-text\">Haz clic para compartir en Telegram (Se abre en una ventana nueva)<\/span><\/a><\/li><li class=\"share-end\"><\/li><\/ul><\/div><\/div><\/div>","protected":false},"author":7,"featured_media":44116,"comment_status":"closed","ping_status":"closed","sticky":false,"template":"","format":"standard","meta":{"spay_email":"","jetpack_publicize_message":"","jetpack_is_tweetstorm":false,"jetpack_publicize_feature_enabled":true},"categories":[5],"tags":[],"jetpack_featured_media_url":"http:\/\/www.rtvnoticias.com.ar\/wp-content\/uploads\/2025\/02\/2d3b3b4b-c4f1-41e4-a265-7a9997ae7582.jpg","jetpack_publicize_connections":[],"jetpack_sharing_enabled":true,"_links":{"self":[{"href":"http:\/\/www.rtvnoticias.com.ar\/index.php?rest_route=\/wp\/v2\/posts\/44115"}],"collection":[{"href":"http:\/\/www.rtvnoticias.com.ar\/index.php?rest_route=\/wp\/v2\/posts"}],"about":[{"href":"http:\/\/www.rtvnoticias.com.ar\/index.php?rest_route=\/wp\/v2\/types\/post"}],"author":[{"embeddable":true,"href":"http:\/\/www.rtvnoticias.com.ar\/index.php?rest_route=\/wp\/v2\/users\/7"}],"replies":[{"embeddable":true,"href":"http:\/\/www.rtvnoticias.com.ar\/index.php?rest_route=%2Fwp%2Fv2%2Fcomments&post=44115"}],"version-history":[{"count":2,"href":"http:\/\/www.rtvnoticias.com.ar\/index.php?rest_route=\/wp\/v2\/posts\/44115\/revisions"}],"predecessor-version":[{"id":44128,"href":"http:\/\/www.rtvnoticias.com.ar\/index.php?rest_route=\/wp\/v2\/posts\/44115\/revisions\/44128"}],"wp:featuredmedia":[{"embeddable":true,"href":"http:\/\/www.rtvnoticias.com.ar\/index.php?rest_route=\/wp\/v2\/media\/44116"}],"wp:attachment":[{"href":"http:\/\/www.rtvnoticias.com.ar\/index.php?rest_route=%2Fwp%2Fv2%2Fmedia&parent=44115"}],"wp:term":[{"taxonomy":"category","embeddable":true,"href":"http:\/\/www.rtvnoticias.com.ar\/index.php?rest_route=%2Fwp%2Fv2%2Fcategories&post=44115"},{"taxonomy":"post_tag","embeddable":true,"href":"http:\/\/www.rtvnoticias.com.ar\/index.php?rest_route=%2Fwp%2Fv2%2Ftags&post=44115"}],"curies":[{"name":"wp","href":"https:\/\/api.w.org\/{rel}","templated":true}]}}