{"id":44124,"date":"2025-02-14T08:07:36","date_gmt":"2025-02-14T11:07:36","guid":{"rendered":"http:\/\/www.rtvnoticias.com.ar\/?p=44124"},"modified":"2025-02-14T08:07:41","modified_gmt":"2025-02-14T11:07:41","slug":"utelpa-exige-recomposicion-salarial-urgente-y-convoca-a-congreso-extraordinario","status":"publish","type":"post","link":"http:\/\/www.rtvnoticias.com.ar\/?p=44124","title":{"rendered":"Utelpa exige recomposici\u00f3n salarial urgente y convoca a Congreso Extraordinario"},"content":{"rendered":"\n<p>La Uni\u00f3n de Trabajadores de la Educaci\u00f3n de La Pampa (Utelpa) exigi\u00f3 una recomposici\u00f3n salarial urgente previo a la paritaria y convoc\u00f3 a un Congreso Extraordinario. El mismo se realizar\u00e1 el 21 de febrero.<\/p>\n\n\n\n<p>Seg\u00fan informaron a trav\u00e9s de un comunicado, \u00abante la postergaci\u00f3n de la mesa paritaria salarial docente, UTELPa realiz\u00f3 un Plenario Provincial el 13 de febrero para analizar la situaci\u00f3n y definir acciones. La principal demanda del encuentro fue la recomposici\u00f3n salarial urgente, considerando la inflaci\u00f3n y el contexto econ\u00f3mico de las y los trabajadores de la educaci\u00f3n\u00bb.<\/p>\n\n\n\n<p>En esa l\u00ednea, indicaron que el plenario ratific\u00f3 los ejes establecidos en las mesas pre-paritarias. Entre ellos mencionaron: recomposici\u00f3n salarial superior al IPC, acorde a la jerarqu\u00eda y antig\u00fcedad docente; correcci\u00f3n del desfasaje salarial en escuelas de jornada completa y hogar; salario remunerativo y bonificable para activos y jubilados; liquidaci\u00f3n a fin de mes con mayor impacto y tramos cortos con revisi\u00f3n peri\u00f3dica; pase de sumas adicionales al salario remunerativo y bonificable; mejora del material did\u00e1ctico; t revisi\u00f3n de los nomencladores salariales.<\/p>\n\n\n\n<p>En relaci\u00f3n a las condiciones laborales, pidieron retomar la agenda presentada por UTELPa en diciembre de 2024, que incluye \u00absobrecarga laboral y burocratizaci\u00f3n de la tarea docente; acceso al puesto de trabajo; tem\u00e1ticas espec\u00edficas de cada nivel y modalidad\u00bb.<\/p>\n\n\n\n<p>Congreso.<\/p>\n\n\n\n<p>El gremio convoc\u00f3 a un Congreso Extraordinario Provincial para el 21 de febrero. El objetivo es \u00abanalizar la situaci\u00f3n nacional y provincial, ratificar el cumplimiento de la ley de financiamiento educativo, exigir la restituci\u00f3n del Fonid y apoyar la campa\u00f1a en defensa de medicamentos gratuitos y jubilaciones nacionales\u00bb.<\/p>\n\n\n\n<p>\u00abUTELPa se mantiene firme en su lucha por una recomposici\u00f3n salarial justa y por mejores condiciones laborales para los docentes. El Congreso Extraordinario Provincial ser\u00e1 un espacio clave para definir las pr\u00f3ximas acciones a seguir\u00bb, concluyeron.<\/p>\n<div class=\"sharedaddy sd-sharing-enabled\"><div class=\"robots-nocontent sd-block sd-social sd-social-icon sd-sharing\"><h3 class=\"sd-title\">Comparte esto:<\/h3><div class=\"sd-content\"><ul><li class=\"share-twitter\"><a rel=\"nofollow noopener noreferrer\" data-shared=\"sharing-twitter-44124\" class=\"share-twitter sd-button share-icon no-text\" href=\"http:\/\/www.rtvnoticias.com.ar\/?p=44124&amp;share=twitter\" target=\"_blank\" title=\"Haz clic para compartir en Twitter\"><span><\/span><span class=\"sharing-screen-reader-text\">Haz clic para compartir en Twitter (Se abre en una ventana nueva)<\/span><\/a><\/li><li class=\"share-facebook\"><a rel=\"nofollow noopener noreferrer\" data-shared=\"sharing-facebook-44124\" class=\"share-facebook sd-button share-icon no-text\" href=\"http:\/\/www.rtvnoticias.com.ar\/?p=44124&amp;share=facebook\" target=\"_blank\" title=\"Haz clic para compartir en Facebook\"><span><\/span><span class=\"sharing-screen-reader-text\">Haz clic para compartir en Facebook (Se abre en una ventana nueva)<\/span><\/a><\/li><li class=\"share-jetpack-whatsapp\"><a rel=\"nofollow noopener noreferrer\" data-shared=\"\" class=\"share-jetpack-whatsapp sd-button share-icon no-text\" href=\"http:\/\/www.rtvnoticias.com.ar\/?p=44124&amp;share=jetpack-whatsapp\" target=\"_blank\" title=\"Haz clic para compartir en WhatsApp\"><span><\/span><span class=\"sharing-screen-reader-text\">Haz clic para compartir en WhatsApp (Se abre en una ventana nueva)<\/span><\/a><\/li><li class=\"share-telegram\"><a rel=\"nofollow noopener noreferrer\" data-shared=\"\" class=\"share-telegram sd-button share-icon no-text\" href=\"http:\/\/www.rtvnoticias.com.ar\/?p=44124&amp;share=telegram\" target=\"_blank\" title=\"Haz clic para compartir en Telegram\"><span><\/span><span class=\"sharing-screen-reader-text\">Haz clic para compartir en Telegram (Se abre en una ventana nueva)<\/span><\/a><\/li><li class=\"share-end\"><\/li><\/ul><\/div><\/div><\/div>","protected":false},"excerpt":{"rendered":"<p>La Uni\u00f3n de Trabajadores de la Educaci\u00f3n de La Pampa (Utelpa) exigi\u00f3 una recomposici\u00f3n salarial urgente previo a la paritaria y convoc\u00f3 a un Congreso<\/p>\n<div class=\"sharedaddy sd-sharing-enabled\"><div class=\"robots-nocontent sd-block sd-social sd-social-icon sd-sharing\"><h3 class=\"sd-title\">Comparte esto:<\/h3><div class=\"sd-content\"><ul><li class=\"share-twitter\"><a rel=\"nofollow noopener noreferrer\" data-shared=\"sharing-twitter-44124\" class=\"share-twitter sd-button share-icon no-text\" href=\"http:\/\/www.rtvnoticias.com.ar\/?p=44124&amp;share=twitter\" target=\"_blank\" title=\"Haz clic para compartir en Twitter\"><span><\/span><span class=\"sharing-screen-reader-text\">Haz clic para compartir en Twitter (Se abre en una ventana nueva)<\/span><\/a><\/li><li class=\"share-facebook\"><a rel=\"nofollow noopener noreferrer\" data-shared=\"sharing-facebook-44124\" class=\"share-facebook sd-button share-icon no-text\" href=\"http:\/\/www.rtvnoticias.com.ar\/?p=44124&amp;share=facebook\" target=\"_blank\" title=\"Haz clic para compartir en Facebook\"><span><\/span><span class=\"sharing-screen-reader-text\">Haz clic para compartir en Facebook (Se abre en una ventana nueva)<\/span><\/a><\/li><li class=\"share-jetpack-whatsapp\"><a rel=\"nofollow noopener noreferrer\" data-shared=\"\" class=\"share-jetpack-whatsapp sd-button share-icon no-text\" href=\"http:\/\/www.rtvnoticias.com.ar\/?p=44124&amp;share=jetpack-whatsapp\" target=\"_blank\" title=\"Haz clic para compartir en WhatsApp\"><span><\/span><span class=\"sharing-screen-reader-text\">Haz clic para compartir en WhatsApp (Se abre en una ventana nueva)<\/span><\/a><\/li><li class=\"share-telegram\"><a rel=\"nofollow noopener noreferrer\" data-shared=\"\" class=\"share-telegram sd-button share-icon no-text\" href=\"http:\/\/www.rtvnoticias.com.ar\/?p=44124&amp;share=telegram\" target=\"_blank\" title=\"Haz clic para compartir en Telegram\"><span><\/span><span class=\"sharing-screen-reader-text\">Haz clic para compartir en Telegram (Se abre en una ventana nueva)<\/span><\/a><\/li><li class=\"share-end\"><\/li><\/ul><\/div><\/div><\/div>","protected":false},"author":7,"featured_media":43254,"comment_status":"closed","ping_status":"closed","sticky":false,"template":"","format":"standard","meta":{"spay_email":"","jetpack_publicize_message":"","jetpack_is_tweetstorm":false,"jetpack_publicize_feature_enabled":true},"categories":[4],"tags":[],"jetpack_featured_media_url":"http:\/\/www.rtvnoticias.com.ar\/wp-content\/uploads\/2024\/12\/utelpaplenario2024-09.jpg","jetpack_publicize_connections":[],"jetpack_sharing_enabled":true,"_links":{"self":[{"href":"http:\/\/www.rtvnoticias.com.ar\/index.php?rest_route=\/wp\/v2\/posts\/44124"}],"collection":[{"href":"http:\/\/www.rtvnoticias.com.ar\/index.php?rest_route=\/wp\/v2\/posts"}],"about":[{"href":"http:\/\/www.rtvnoticias.com.ar\/index.php?rest_route=\/wp\/v2\/types\/post"}],"author":[{"embeddable":true,"href":"http:\/\/www.rtvnoticias.com.ar\/index.php?rest_route=\/wp\/v2\/users\/7"}],"replies":[{"embeddable":true,"href":"http:\/\/www.rtvnoticias.com.ar\/index.php?rest_route=%2Fwp%2Fv2%2Fcomments&post=44124"}],"version-history":[{"count":1,"href":"http:\/\/www.rtvnoticias.com.ar\/index.php?rest_route=\/wp\/v2\/posts\/44124\/revisions"}],"predecessor-version":[{"id":44125,"href":"http:\/\/www.rtvnoticias.com.ar\/index.php?rest_route=\/wp\/v2\/posts\/44124\/revisions\/44125"}],"wp:featuredmedia":[{"embeddable":true,"href":"http:\/\/www.rtvnoticias.com.ar\/index.php?rest_route=\/wp\/v2\/media\/43254"}],"wp:attachment":[{"href":"http:\/\/www.rtvnoticias.com.ar\/index.php?rest_route=%2Fwp%2Fv2%2Fmedia&parent=44124"}],"wp:term":[{"taxonomy":"category","embeddable":true,"href":"http:\/\/www.rtvnoticias.com.ar\/index.php?rest_route=%2Fwp%2Fv2%2Fcategories&post=44124"},{"taxonomy":"post_tag","embeddable":true,"href":"http:\/\/www.rtvnoticias.com.ar\/index.php?rest_route=%2Fwp%2Fv2%2Ftags&post=44124"}],"curies":[{"name":"wp","href":"https:\/\/api.w.org\/{rel}","templated":true}]}}