{"id":44129,"date":"2025-02-14T11:19:05","date_gmt":"2025-02-14T14:19:05","guid":{"rendered":"http:\/\/www.rtvnoticias.com.ar\/?p=44129"},"modified":"2025-02-14T11:19:10","modified_gmt":"2025-02-14T14:19:10","slug":"el-gobierno-declaro-a-la-ram-como-organizacion-terrorista","status":"publish","type":"post","link":"http:\/\/www.rtvnoticias.com.ar\/?p=44129","title":{"rendered":"El Gobierno declar\u00f3 a la RAM como \u00aborganizaci\u00f3n terrorista\u00bb"},"content":{"rendered":"\n<p>El Ministerio de Seguridad Nacional registr\u00f3 a la Resistencia Ancestral Mapuche\u00a0(RAM) \u00a0en el Registro P\u00fablico de Personas y Entidades Vinculadas a Actos de Terrorismo y su Financiamiento (RePET). La medida se fundamenta en un informe t\u00e9cnico-jur\u00eddico que detalla las actividades de la organizaci\u00f3n en el pa\u00eds y su impacto en la seguridad nacional.<\/p>\n\n\n\n<p>La inscripci\u00f3n de la RAM en el RePET se ampara en la Ley de Ministerios N\u00b0 22.520 y la Ley de Seguridad Interior N\u00b0 24.059, que establecen la responsabilidad del Ministerio de Seguridad Nacional en la preservaci\u00f3n del orden p\u00fablico.&nbsp;<\/p>\n\n\n\n<p>Adem\u00e1s, el Decreto N\u00b0 918\/2012 regula la inclusi\u00f3n en este registro de personas o entidades vinculadas a actos que puedan representar una amenaza para la seguridad nacional.<\/p>\n\n\n\n<p>La RAM ha operado en Argentina por m\u00e1s de 15 a\u00f1os, con presencia en Neuqu\u00e9n, R\u00edo Negro y Chubut, y conexiones con la Coordinadora Arauco Malleco (CAM) de Chile. Sus acciones incluyen incendios, ataques con armas, usurpaciones, sabotajes a infraestructuras y amenazas a la poblaci\u00f3n.<\/p>\n\n\n\n<p>El informe menciona que la agrupaci\u00f3n ha cometido delitos contra la propiedad y la seguridad p\u00fablica, promoviendo la resistencia violenta contra el Estado y la propiedad privada. Se ha identificado a Facundo Jones Huala como uno de los l\u00edderes del movimiento, con antecedentes en la justicia chilena por su participaci\u00f3n en actividades similares.<\/p>\n\n\n\n<p>El documento detalla que la RAM ha afectado la producci\u00f3n, el comercio y el turismo en la Patagonia, adem\u00e1s de haber provocado incendios forestales con consecuencias ambientales y econ\u00f3micas significativas. La organizaci\u00f3n es se\u00f1alada por generar temor en las comunidades mediante acciones violentas y bloqueos de rutas.<\/p>\n<div class=\"sharedaddy sd-sharing-enabled\"><div class=\"robots-nocontent sd-block sd-social sd-social-icon sd-sharing\"><h3 class=\"sd-title\">Comparte esto:<\/h3><div class=\"sd-content\"><ul><li class=\"share-twitter\"><a rel=\"nofollow noopener noreferrer\" data-shared=\"sharing-twitter-44129\" class=\"share-twitter sd-button share-icon no-text\" href=\"http:\/\/www.rtvnoticias.com.ar\/?p=44129&amp;share=twitter\" target=\"_blank\" title=\"Haz clic para compartir en Twitter\"><span><\/span><span class=\"sharing-screen-reader-text\">Haz clic para compartir en Twitter (Se abre en una ventana nueva)<\/span><\/a><\/li><li class=\"share-facebook\"><a rel=\"nofollow noopener noreferrer\" data-shared=\"sharing-facebook-44129\" class=\"share-facebook sd-button share-icon no-text\" href=\"http:\/\/www.rtvnoticias.com.ar\/?p=44129&amp;share=facebook\" target=\"_blank\" title=\"Haz clic para compartir en Facebook\"><span><\/span><span class=\"sharing-screen-reader-text\">Haz clic para compartir en Facebook (Se abre en una ventana nueva)<\/span><\/a><\/li><li class=\"share-jetpack-whatsapp\"><a rel=\"nofollow noopener noreferrer\" data-shared=\"\" class=\"share-jetpack-whatsapp sd-button share-icon no-text\" href=\"http:\/\/www.rtvnoticias.com.ar\/?p=44129&amp;share=jetpack-whatsapp\" target=\"_blank\" title=\"Haz clic para compartir en WhatsApp\"><span><\/span><span class=\"sharing-screen-reader-text\">Haz clic para compartir en WhatsApp (Se abre en una ventana nueva)<\/span><\/a><\/li><li class=\"share-telegram\"><a rel=\"nofollow noopener noreferrer\" data-shared=\"\" class=\"share-telegram sd-button share-icon no-text\" href=\"http:\/\/www.rtvnoticias.com.ar\/?p=44129&amp;share=telegram\" target=\"_blank\" title=\"Haz clic para compartir en Telegram\"><span><\/span><span class=\"sharing-screen-reader-text\">Haz clic para compartir en Telegram (Se abre en una ventana nueva)<\/span><\/a><\/li><li class=\"share-end\"><\/li><\/ul><\/div><\/div><\/div>","protected":false},"excerpt":{"rendered":"<p>El Ministerio de Seguridad Nacional registr\u00f3 a la Resistencia Ancestral Mapuche\u00a0(RAM) \u00a0en el Registro P\u00fablico de Personas y Entidades Vinculadas a Actos de Terrorismo y<\/p>\n<div class=\"sharedaddy sd-sharing-enabled\"><div class=\"robots-nocontent sd-block sd-social sd-social-icon sd-sharing\"><h3 class=\"sd-title\">Comparte esto:<\/h3><div class=\"sd-content\"><ul><li class=\"share-twitter\"><a rel=\"nofollow noopener noreferrer\" data-shared=\"sharing-twitter-44129\" class=\"share-twitter sd-button share-icon no-text\" href=\"http:\/\/www.rtvnoticias.com.ar\/?p=44129&amp;share=twitter\" target=\"_blank\" title=\"Haz clic para compartir en Twitter\"><span><\/span><span class=\"sharing-screen-reader-text\">Haz clic para compartir en Twitter (Se abre en una ventana nueva)<\/span><\/a><\/li><li class=\"share-facebook\"><a rel=\"nofollow noopener noreferrer\" data-shared=\"sharing-facebook-44129\" class=\"share-facebook sd-button share-icon no-text\" href=\"http:\/\/www.rtvnoticias.com.ar\/?p=44129&amp;share=facebook\" target=\"_blank\" title=\"Haz clic para compartir en Facebook\"><span><\/span><span class=\"sharing-screen-reader-text\">Haz clic para compartir en Facebook (Se abre en una ventana nueva)<\/span><\/a><\/li><li class=\"share-jetpack-whatsapp\"><a rel=\"nofollow noopener noreferrer\" data-shared=\"\" class=\"share-jetpack-whatsapp sd-button share-icon no-text\" href=\"http:\/\/www.rtvnoticias.com.ar\/?p=44129&amp;share=jetpack-whatsapp\" target=\"_blank\" title=\"Haz clic para compartir en WhatsApp\"><span><\/span><span class=\"sharing-screen-reader-text\">Haz clic para compartir en WhatsApp (Se abre en una ventana nueva)<\/span><\/a><\/li><li class=\"share-telegram\"><a rel=\"nofollow noopener noreferrer\" data-shared=\"\" class=\"share-telegram sd-button share-icon no-text\" href=\"http:\/\/www.rtvnoticias.com.ar\/?p=44129&amp;share=telegram\" target=\"_blank\" title=\"Haz clic para compartir en Telegram\"><span><\/span><span class=\"sharing-screen-reader-text\">Haz clic para compartir en Telegram (Se abre en una ventana nueva)<\/span><\/a><\/li><li class=\"share-end\"><\/li><\/ul><\/div><\/div><\/div>","protected":false},"author":7,"featured_media":44130,"comment_status":"closed","ping_status":"closed","sticky":false,"template":"","format":"standard","meta":{"spay_email":"","jetpack_publicize_message":"","jetpack_is_tweetstorm":false,"jetpack_publicize_feature_enabled":true},"categories":[5],"tags":[],"jetpack_featured_media_url":"http:\/\/www.rtvnoticias.com.ar\/wp-content\/uploads\/2025\/02\/Sin-titulo-7.png","jetpack_publicize_connections":[],"jetpack_sharing_enabled":true,"_links":{"self":[{"href":"http:\/\/www.rtvnoticias.com.ar\/index.php?rest_route=\/wp\/v2\/posts\/44129"}],"collection":[{"href":"http:\/\/www.rtvnoticias.com.ar\/index.php?rest_route=\/wp\/v2\/posts"}],"about":[{"href":"http:\/\/www.rtvnoticias.com.ar\/index.php?rest_route=\/wp\/v2\/types\/post"}],"author":[{"embeddable":true,"href":"http:\/\/www.rtvnoticias.com.ar\/index.php?rest_route=\/wp\/v2\/users\/7"}],"replies":[{"embeddable":true,"href":"http:\/\/www.rtvnoticias.com.ar\/index.php?rest_route=%2Fwp%2Fv2%2Fcomments&post=44129"}],"version-history":[{"count":1,"href":"http:\/\/www.rtvnoticias.com.ar\/index.php?rest_route=\/wp\/v2\/posts\/44129\/revisions"}],"predecessor-version":[{"id":44131,"href":"http:\/\/www.rtvnoticias.com.ar\/index.php?rest_route=\/wp\/v2\/posts\/44129\/revisions\/44131"}],"wp:featuredmedia":[{"embeddable":true,"href":"http:\/\/www.rtvnoticias.com.ar\/index.php?rest_route=\/wp\/v2\/media\/44130"}],"wp:attachment":[{"href":"http:\/\/www.rtvnoticias.com.ar\/index.php?rest_route=%2Fwp%2Fv2%2Fmedia&parent=44129"}],"wp:term":[{"taxonomy":"category","embeddable":true,"href":"http:\/\/www.rtvnoticias.com.ar\/index.php?rest_route=%2Fwp%2Fv2%2Fcategories&post=44129"},{"taxonomy":"post_tag","embeddable":true,"href":"http:\/\/www.rtvnoticias.com.ar\/index.php?rest_route=%2Fwp%2Fv2%2Ftags&post=44129"}],"curies":[{"name":"wp","href":"https:\/\/api.w.org\/{rel}","templated":true}]}}