{"id":44132,"date":"2025-02-14T15:47:03","date_gmt":"2025-02-14T18:47:03","guid":{"rendered":"http:\/\/www.rtvnoticias.com.ar\/?p=44132"},"modified":"2025-02-14T15:47:06","modified_gmt":"2025-02-14T18:47:06","slug":"cuatro-empresas-pampeanas-estaran-en-la-feria-internacional-gulfood-2025-en-dubai","status":"publish","type":"post","link":"http:\/\/www.rtvnoticias.com.ar\/?p=44132","title":{"rendered":"Cuatro empresas pampeanas estar\u00e1n en la feria internacional Gulfood 2025 en Dubai"},"content":{"rendered":"\n<p>Las empresas El Campo S.A, Lartirigoyen, Frigor\u00edfico Pico y Carnes Pampeanas representar\u00e1n a la provincia en la feria Gulfood 2025, el evento m\u00e1s importante de la industria alimentaria en Medio Oriente y \u00c1frica que este a\u00f1o celebra su 30\u00b0 aniversario, que se desarrollar\u00e1 desde el 17 al 21 de febrero en Dubai, Emiratos \u00c1rabes Unidos.<\/p>\n\n\n\n<p>Esta acci\u00f3n cuenta con el acompa\u00f1amiento del Gobierno de La Pampa, el financiamiento del Consejo Federal de Inversiones (CFI) y la participaci\u00f3n de la agencia I-Comex, el Banco de La Pampa y el ministerio de la Producci\u00f3n.<\/p>\n\n\n\n<p>La participaci\u00f3n en Gulfood 2025, al igual que las dem\u00e1s iniciativas de proyecci\u00f3n internacional impulsadas por I-COMEX, se enmarca en el Programa de Promoci\u00f3n de las Exportaciones Pampeanas desarrollado por el gobernador Sergio Ziliotto a trav\u00e9s de la Agencia. Este programa es esencial para establecer un v\u00ednculo directo entre las empresas pampeanas y compradores de todo el mundo, con el prop\u00f3sito fundamental de incrementar las ventas al exterior de las empresas y generar nuevas oportunidades de empleo genuino.<\/p>\n\n\n\n<p>La agenda de la misi\u00f3n comercial incluye, adem\u00e1s de la participaci\u00f3n en la feria, una nutrida serie de actividades de vinculaci\u00f3n para empresas e instituciones coordinadas desde la Agencia I-COMEX La Pampa con la Embajada Argentina en Emiratos \u00c1rabes, Canciller\u00eda Argentina y la C\u00e1mara Argentina de Comercio y Servicios para EAU.<\/p>\n\n\n\n<p>Como parte de esta estrategia, las firmas participar\u00e1n con stands dentro de la feria donde presentar\u00e1n sus productos a potenciales compradores. Adem\u00e1s, los frigor\u00edficos pampeanos participar\u00e1n en el stand del Instituto de Promoci\u00f3n de la Carne Vacuna Argentina (IPCVA), reforzando la presencia de la provincia con un producto tan emblem\u00e1tico para La Pampa en un mercado clave con presencia de importadores de todo el mundo.<\/p>\n<div class=\"sharedaddy sd-sharing-enabled\"><div class=\"robots-nocontent sd-block sd-social sd-social-icon sd-sharing\"><h3 class=\"sd-title\">Comparte esto:<\/h3><div class=\"sd-content\"><ul><li class=\"share-twitter\"><a rel=\"nofollow noopener noreferrer\" data-shared=\"sharing-twitter-44132\" class=\"share-twitter sd-button share-icon no-text\" href=\"http:\/\/www.rtvnoticias.com.ar\/?p=44132&amp;share=twitter\" target=\"_blank\" title=\"Haz clic para compartir en Twitter\"><span><\/span><span class=\"sharing-screen-reader-text\">Haz clic para compartir en Twitter (Se abre en una ventana nueva)<\/span><\/a><\/li><li class=\"share-facebook\"><a rel=\"nofollow noopener noreferrer\" data-shared=\"sharing-facebook-44132\" class=\"share-facebook sd-button share-icon no-text\" href=\"http:\/\/www.rtvnoticias.com.ar\/?p=44132&amp;share=facebook\" target=\"_blank\" title=\"Haz clic para compartir en Facebook\"><span><\/span><span class=\"sharing-screen-reader-text\">Haz clic para compartir en Facebook (Se abre en una ventana nueva)<\/span><\/a><\/li><li class=\"share-jetpack-whatsapp\"><a rel=\"nofollow noopener noreferrer\" data-shared=\"\" class=\"share-jetpack-whatsapp sd-button share-icon no-text\" href=\"http:\/\/www.rtvnoticias.com.ar\/?p=44132&amp;share=jetpack-whatsapp\" target=\"_blank\" title=\"Haz clic para compartir en WhatsApp\"><span><\/span><span class=\"sharing-screen-reader-text\">Haz clic para compartir en WhatsApp (Se abre en una ventana nueva)<\/span><\/a><\/li><li class=\"share-telegram\"><a rel=\"nofollow noopener noreferrer\" data-shared=\"\" class=\"share-telegram sd-button share-icon no-text\" href=\"http:\/\/www.rtvnoticias.com.ar\/?p=44132&amp;share=telegram\" target=\"_blank\" title=\"Haz clic para compartir en Telegram\"><span><\/span><span class=\"sharing-screen-reader-text\">Haz clic para compartir en Telegram (Se abre en una ventana nueva)<\/span><\/a><\/li><li class=\"share-end\"><\/li><\/ul><\/div><\/div><\/div>","protected":false},"excerpt":{"rendered":"<p>Las empresas El Campo S.A, Lartirigoyen, Frigor\u00edfico Pico y Carnes Pampeanas representar\u00e1n a la provincia en la feria Gulfood 2025, el evento m\u00e1s importante de<\/p>\n<div class=\"sharedaddy sd-sharing-enabled\"><div class=\"robots-nocontent sd-block sd-social sd-social-icon sd-sharing\"><h3 class=\"sd-title\">Comparte esto:<\/h3><div class=\"sd-content\"><ul><li class=\"share-twitter\"><a rel=\"nofollow noopener noreferrer\" data-shared=\"sharing-twitter-44132\" class=\"share-twitter sd-button share-icon no-text\" href=\"http:\/\/www.rtvnoticias.com.ar\/?p=44132&amp;share=twitter\" target=\"_blank\" title=\"Haz clic para compartir en Twitter\"><span><\/span><span class=\"sharing-screen-reader-text\">Haz clic para compartir en Twitter (Se abre en una ventana nueva)<\/span><\/a><\/li><li class=\"share-facebook\"><a rel=\"nofollow noopener noreferrer\" data-shared=\"sharing-facebook-44132\" class=\"share-facebook sd-button share-icon no-text\" href=\"http:\/\/www.rtvnoticias.com.ar\/?p=44132&amp;share=facebook\" target=\"_blank\" title=\"Haz clic para compartir en Facebook\"><span><\/span><span class=\"sharing-screen-reader-text\">Haz clic para compartir en Facebook (Se abre en una ventana nueva)<\/span><\/a><\/li><li class=\"share-jetpack-whatsapp\"><a rel=\"nofollow noopener noreferrer\" data-shared=\"\" class=\"share-jetpack-whatsapp sd-button share-icon no-text\" href=\"http:\/\/www.rtvnoticias.com.ar\/?p=44132&amp;share=jetpack-whatsapp\" target=\"_blank\" title=\"Haz clic para compartir en WhatsApp\"><span><\/span><span class=\"sharing-screen-reader-text\">Haz clic para compartir en WhatsApp (Se abre en una ventana nueva)<\/span><\/a><\/li><li class=\"share-telegram\"><a rel=\"nofollow noopener noreferrer\" data-shared=\"\" class=\"share-telegram sd-button share-icon no-text\" href=\"http:\/\/www.rtvnoticias.com.ar\/?p=44132&amp;share=telegram\" target=\"_blank\" title=\"Haz clic para compartir en Telegram\"><span><\/span><span class=\"sharing-screen-reader-text\">Haz clic para compartir en Telegram (Se abre en una ventana nueva)<\/span><\/a><\/li><li class=\"share-end\"><\/li><\/ul><\/div><\/div><\/div>","protected":false},"author":7,"featured_media":44133,"comment_status":"closed","ping_status":"closed","sticky":false,"template":"","format":"standard","meta":{"spay_email":"","jetpack_publicize_message":"","jetpack_is_tweetstorm":false,"jetpack_publicize_feature_enabled":true},"categories":[4],"tags":[],"jetpack_featured_media_url":"http:\/\/www.rtvnoticias.com.ar\/wp-content\/uploads\/2025\/02\/gulfood2205-1.jpg","jetpack_publicize_connections":[],"jetpack_sharing_enabled":true,"_links":{"self":[{"href":"http:\/\/www.rtvnoticias.com.ar\/index.php?rest_route=\/wp\/v2\/posts\/44132"}],"collection":[{"href":"http:\/\/www.rtvnoticias.com.ar\/index.php?rest_route=\/wp\/v2\/posts"}],"about":[{"href":"http:\/\/www.rtvnoticias.com.ar\/index.php?rest_route=\/wp\/v2\/types\/post"}],"author":[{"embeddable":true,"href":"http:\/\/www.rtvnoticias.com.ar\/index.php?rest_route=\/wp\/v2\/users\/7"}],"replies":[{"embeddable":true,"href":"http:\/\/www.rtvnoticias.com.ar\/index.php?rest_route=%2Fwp%2Fv2%2Fcomments&post=44132"}],"version-history":[{"count":1,"href":"http:\/\/www.rtvnoticias.com.ar\/index.php?rest_route=\/wp\/v2\/posts\/44132\/revisions"}],"predecessor-version":[{"id":44134,"href":"http:\/\/www.rtvnoticias.com.ar\/index.php?rest_route=\/wp\/v2\/posts\/44132\/revisions\/44134"}],"wp:featuredmedia":[{"embeddable":true,"href":"http:\/\/www.rtvnoticias.com.ar\/index.php?rest_route=\/wp\/v2\/media\/44133"}],"wp:attachment":[{"href":"http:\/\/www.rtvnoticias.com.ar\/index.php?rest_route=%2Fwp%2Fv2%2Fmedia&parent=44132"}],"wp:term":[{"taxonomy":"category","embeddable":true,"href":"http:\/\/www.rtvnoticias.com.ar\/index.php?rest_route=%2Fwp%2Fv2%2Fcategories&post=44132"},{"taxonomy":"post_tag","embeddable":true,"href":"http:\/\/www.rtvnoticias.com.ar\/index.php?rest_route=%2Fwp%2Fv2%2Ftags&post=44132"}],"curies":[{"name":"wp","href":"https:\/\/api.w.org\/{rel}","templated":true}]}}