{"id":44135,"date":"2025-02-14T16:10:00","date_gmt":"2025-02-14T19:10:00","guid":{"rendered":"http:\/\/www.rtvnoticias.com.ar\/?p=44135"},"modified":"2025-02-14T15:49:32","modified_gmt":"2025-02-14T18:49:32","slug":"el-gobierno-confirma-la-privatizacion-de-corredores-viales","status":"publish","type":"post","link":"http:\/\/www.rtvnoticias.com.ar\/?p=44135","title":{"rendered":"El Gobierno confirma la privatizaci\u00f3n de Corredores Viales"},"content":{"rendered":"\n<p>En una conferencia de prensa, el vocero presidencial Manuel Adorni anunci\u00f3 oficialmente que el Gobierno ha decidido privatizar Corredores Viales S.A. La medida implica que la empresa estatal encargada de la gesti\u00f3n de rutas y autopistas ser\u00e1 ahora operada bajo la modalidad de concesi\u00f3n de obra p\u00fablica por peaje. A trav\u00e9s de este modelo, se promover\u00e1 la participaci\u00f3n del sector privado en la ejecuci\u00f3n de obras y la gesti\u00f3n de la infraestructura vial, asumiendo el riesgo y a cambio del derecho de cobrar peajes a los usuarios.<\/p>\n\n\n\n<p>El comunicado oficial del Gobierno resalta que la decisi\u00f3n forma parte de una pol\u00edtica m\u00e1s amplia de reducci\u00f3n del tama\u00f1o del Estado. Desde el 10 de diciembre de 2023, la Administraci\u00f3n P\u00fablica Nacional ha concentrado esfuerzos en fomentar un Estado m\u00e1s \u00e1gil, cuyo rol principal sea facilitar la inversi\u00f3n privada en sectores clave de la econom\u00eda y la infraestructura nacional.<\/p>\n\n\n\n<p>Adorni explic\u00f3 que, a pesar de que existen rutas y autopistas en Argentina que ya est\u00e1n bajo la gesti\u00f3n privada, anteriores gobiernos se resistieron a privatizar Corredores Viales, a pesar de que la empresa presentaba p\u00e9rdidas significativas. Seg\u00fan cifras oficiales, en 2023 la empresa cost\u00f3 al pa\u00eds aproximadamente 301 mil millones de pesos.<\/p>\n\n\n\n<p>El Gobierno tambi\u00e9n detall\u00f3 que, como resultado de relevamientos realizados, se detectaron 3.400 kil\u00f3metros de traza vial, que representan el 45% de la red vial del pa\u00eds, los cuales no se encontraban en condiciones adecuadas para la circulaci\u00f3n vehicular. Este hallazgo evidenci\u00f3 que la gesti\u00f3n estatal de la red vial no estaba funcionando correctamente, y que, por lo tanto, el Estado no deber\u00eda seguir siendo responsable de la administraci\u00f3n de las autov\u00edas.<\/p>\n\n\n\n<p>Con la privatizaci\u00f3n, ser\u00e1 el concesionario quien asuma la responsabilidad de realizar las obras necesarias para asegurar la operatividad de las rutas y, en consecuencia, el cobro de peajes, garantizando la mejora de la infraestructura vial.<\/p>\n\n\n\n<p>El comunicado concluye subrayando que este proceso es parte de la estrategia del Gobierno de promover un Estado m\u00e1s peque\u00f1o y eficiente, cuyo objetivo es facilitar la participaci\u00f3n del sector privado en el desarrollo econ\u00f3mico del pa\u00eds.<\/p>\n<div class=\"sharedaddy sd-sharing-enabled\"><div class=\"robots-nocontent sd-block sd-social sd-social-icon sd-sharing\"><h3 class=\"sd-title\">Comparte esto:<\/h3><div class=\"sd-content\"><ul><li class=\"share-twitter\"><a rel=\"nofollow noopener noreferrer\" data-shared=\"sharing-twitter-44135\" class=\"share-twitter sd-button share-icon no-text\" href=\"http:\/\/www.rtvnoticias.com.ar\/?p=44135&amp;share=twitter\" target=\"_blank\" title=\"Haz clic para compartir en Twitter\"><span><\/span><span class=\"sharing-screen-reader-text\">Haz clic para compartir en Twitter (Se abre en una ventana nueva)<\/span><\/a><\/li><li class=\"share-facebook\"><a rel=\"nofollow noopener noreferrer\" data-shared=\"sharing-facebook-44135\" class=\"share-facebook sd-button share-icon no-text\" href=\"http:\/\/www.rtvnoticias.com.ar\/?p=44135&amp;share=facebook\" target=\"_blank\" title=\"Haz clic para compartir en Facebook\"><span><\/span><span class=\"sharing-screen-reader-text\">Haz clic para compartir en Facebook (Se abre en una ventana nueva)<\/span><\/a><\/li><li class=\"share-jetpack-whatsapp\"><a rel=\"nofollow noopener noreferrer\" data-shared=\"\" class=\"share-jetpack-whatsapp sd-button share-icon no-text\" href=\"http:\/\/www.rtvnoticias.com.ar\/?p=44135&amp;share=jetpack-whatsapp\" target=\"_blank\" title=\"Haz clic para compartir en WhatsApp\"><span><\/span><span class=\"sharing-screen-reader-text\">Haz clic para compartir en WhatsApp (Se abre en una ventana nueva)<\/span><\/a><\/li><li class=\"share-telegram\"><a rel=\"nofollow noopener noreferrer\" data-shared=\"\" class=\"share-telegram sd-button share-icon no-text\" href=\"http:\/\/www.rtvnoticias.com.ar\/?p=44135&amp;share=telegram\" target=\"_blank\" title=\"Haz clic para compartir en Telegram\"><span><\/span><span class=\"sharing-screen-reader-text\">Haz clic para compartir en Telegram (Se abre en una ventana nueva)<\/span><\/a><\/li><li class=\"share-end\"><\/li><\/ul><\/div><\/div><\/div>","protected":false},"excerpt":{"rendered":"<p>En una conferencia de prensa, el vocero presidencial Manuel Adorni anunci\u00f3 oficialmente que el Gobierno ha decidido privatizar Corredores Viales S.A. La medida implica que<\/p>\n<div class=\"sharedaddy sd-sharing-enabled\"><div class=\"robots-nocontent sd-block sd-social sd-social-icon sd-sharing\"><h3 class=\"sd-title\">Comparte esto:<\/h3><div class=\"sd-content\"><ul><li class=\"share-twitter\"><a rel=\"nofollow noopener noreferrer\" data-shared=\"sharing-twitter-44135\" class=\"share-twitter sd-button share-icon no-text\" href=\"http:\/\/www.rtvnoticias.com.ar\/?p=44135&amp;share=twitter\" target=\"_blank\" title=\"Haz clic para compartir en Twitter\"><span><\/span><span class=\"sharing-screen-reader-text\">Haz clic para compartir en Twitter (Se abre en una ventana nueva)<\/span><\/a><\/li><li class=\"share-facebook\"><a rel=\"nofollow noopener noreferrer\" data-shared=\"sharing-facebook-44135\" class=\"share-facebook sd-button share-icon no-text\" href=\"http:\/\/www.rtvnoticias.com.ar\/?p=44135&amp;share=facebook\" target=\"_blank\" title=\"Haz clic para compartir en Facebook\"><span><\/span><span class=\"sharing-screen-reader-text\">Haz clic para compartir en Facebook (Se abre en una ventana nueva)<\/span><\/a><\/li><li class=\"share-jetpack-whatsapp\"><a rel=\"nofollow noopener noreferrer\" data-shared=\"\" class=\"share-jetpack-whatsapp sd-button share-icon no-text\" href=\"http:\/\/www.rtvnoticias.com.ar\/?p=44135&amp;share=jetpack-whatsapp\" target=\"_blank\" title=\"Haz clic para compartir en WhatsApp\"><span><\/span><span class=\"sharing-screen-reader-text\">Haz clic para compartir en WhatsApp (Se abre en una ventana nueva)<\/span><\/a><\/li><li class=\"share-telegram\"><a rel=\"nofollow noopener noreferrer\" data-shared=\"\" class=\"share-telegram sd-button share-icon no-text\" href=\"http:\/\/www.rtvnoticias.com.ar\/?p=44135&amp;share=telegram\" target=\"_blank\" title=\"Haz clic para compartir en Telegram\"><span><\/span><span class=\"sharing-screen-reader-text\">Haz clic para compartir en Telegram (Se abre en una ventana nueva)<\/span><\/a><\/li><li class=\"share-end\"><\/li><\/ul><\/div><\/div><\/div>","protected":false},"author":7,"featured_media":44136,"comment_status":"closed","ping_status":"closed","sticky":false,"template":"","format":"standard","meta":{"spay_email":"","jetpack_publicize_message":"","jetpack_is_tweetstorm":false,"jetpack_publicize_feature_enabled":true},"categories":[5],"tags":[],"jetpack_featured_media_url":"http:\/\/www.rtvnoticias.com.ar\/wp-content\/uploads\/2025\/02\/adorni.jpg","jetpack_publicize_connections":[],"jetpack_sharing_enabled":true,"_links":{"self":[{"href":"http:\/\/www.rtvnoticias.com.ar\/index.php?rest_route=\/wp\/v2\/posts\/44135"}],"collection":[{"href":"http:\/\/www.rtvnoticias.com.ar\/index.php?rest_route=\/wp\/v2\/posts"}],"about":[{"href":"http:\/\/www.rtvnoticias.com.ar\/index.php?rest_route=\/wp\/v2\/types\/post"}],"author":[{"embeddable":true,"href":"http:\/\/www.rtvnoticias.com.ar\/index.php?rest_route=\/wp\/v2\/users\/7"}],"replies":[{"embeddable":true,"href":"http:\/\/www.rtvnoticias.com.ar\/index.php?rest_route=%2Fwp%2Fv2%2Fcomments&post=44135"}],"version-history":[{"count":1,"href":"http:\/\/www.rtvnoticias.com.ar\/index.php?rest_route=\/wp\/v2\/posts\/44135\/revisions"}],"predecessor-version":[{"id":44137,"href":"http:\/\/www.rtvnoticias.com.ar\/index.php?rest_route=\/wp\/v2\/posts\/44135\/revisions\/44137"}],"wp:featuredmedia":[{"embeddable":true,"href":"http:\/\/www.rtvnoticias.com.ar\/index.php?rest_route=\/wp\/v2\/media\/44136"}],"wp:attachment":[{"href":"http:\/\/www.rtvnoticias.com.ar\/index.php?rest_route=%2Fwp%2Fv2%2Fmedia&parent=44135"}],"wp:term":[{"taxonomy":"category","embeddable":true,"href":"http:\/\/www.rtvnoticias.com.ar\/index.php?rest_route=%2Fwp%2Fv2%2Fcategories&post=44135"},{"taxonomy":"post_tag","embeddable":true,"href":"http:\/\/www.rtvnoticias.com.ar\/index.php?rest_route=%2Fwp%2Fv2%2Ftags&post=44135"}],"curies":[{"name":"wp","href":"https:\/\/api.w.org\/{rel}","templated":true}]}}