{"id":44142,"date":"2025-02-16T11:51:19","date_gmt":"2025-02-16T14:51:19","guid":{"rendered":"http:\/\/www.rtvnoticias.com.ar\/?p=44142"},"modified":"2025-02-16T11:51:24","modified_gmt":"2025-02-16T14:51:24","slug":"la-oposicion-solicito-investigar-al-presidente-milei-por-la-promocion-de-libra","status":"publish","type":"post","link":"http:\/\/www.rtvnoticias.com.ar\/?p=44142","title":{"rendered":"La oposici\u00f3n solicit\u00f3 investigar al presidente Milei por la promoci\u00f3n de $LIBRA"},"content":{"rendered":"\n<p>El bloque de Uni\u00f3n por la Patria (UxP) de la C\u00e1mara de Diputados presentar\u00e1 un pedido de Juicio Pol\u00edtico contra el presidente Javier Milei por promocionar la criptomoneda $LIBRA y denunciaron una posible \u00abestafa\u00bb por parte del mandatario nacional.<\/p>\n\n\n\n<p>\u00abLa participaci\u00f3n de (Javier) Milei en un delito de estafa cripto es de enorme gravedad. Es un esc\u00e1ndalo sin precedentes, consideraron desde el bloque opositor, al tiempo que anticiparon que van a \u00abavanzar en la presentaci\u00f3n de un pedido de Juicio Pol\u00edtico contra el Presidente de la Naci\u00f3n\u00bb.<\/p>\n\n\n\n<p>Asimismo, desde el Frente de Izquierda (FIT) impulsan un proyecto de resoluci\u00f3n para exigir en \u00abforma inmediata\u00bb la presencia Milei en la C\u00e1mara Baja para brindar \u00abinformes verbales\u00bb acerca de la \u00abescandalosa promoci\u00f3n de una estafa millonaria desde sus redes sociales el pasado viernes\u00bb, seg\u00fan describe el documento.<\/p>\n\n\n\n<p>Adem\u00e1s, reclaman a las autoridades que \u00abdispongan de todos los medios y recursos a los efectos de garantizar que dicha interpelaci\u00f3n sea transmitida por cadena nacional para que toda la poblaci\u00f3n pueda conocer las explicaciones\u00bb.<\/p>\n\n\n\n<p>Maximiliano Ferraro, presidente de la Coalici\u00f3n C\u00edvica, sostuvo que Milei podr\u00eda haber incurrido en delitos tipificados en las leyes de \u00c9tica P\u00fablica y de Entidades Financieras.<\/p>\n\n\n\n<p>\u201cEn lo referido a la publicidad para la captaci\u00f3n de recursos (art. 19). Adem\u00e1s, lo sucedido podr\u00eda configurar delitos de lavado de dinero, defraudaci\u00f3n y\/o estafa, que la UIF no puede ignorar\u201d, escribi\u00f3 en su cuenta de la red social X; un texto que lleva como t\u00edtulo \u201cMilei debe ser investigado en el Congreso\u201d.<\/p>\n<div class=\"sharedaddy sd-sharing-enabled\"><div class=\"robots-nocontent sd-block sd-social sd-social-icon sd-sharing\"><h3 class=\"sd-title\">Comparte esto:<\/h3><div class=\"sd-content\"><ul><li class=\"share-twitter\"><a rel=\"nofollow noopener noreferrer\" data-shared=\"sharing-twitter-44142\" class=\"share-twitter sd-button share-icon no-text\" href=\"http:\/\/www.rtvnoticias.com.ar\/?p=44142&amp;share=twitter\" target=\"_blank\" title=\"Haz clic para compartir en Twitter\"><span><\/span><span class=\"sharing-screen-reader-text\">Haz clic para compartir en Twitter (Se abre en una ventana nueva)<\/span><\/a><\/li><li class=\"share-facebook\"><a rel=\"nofollow noopener noreferrer\" data-shared=\"sharing-facebook-44142\" class=\"share-facebook sd-button share-icon no-text\" href=\"http:\/\/www.rtvnoticias.com.ar\/?p=44142&amp;share=facebook\" target=\"_blank\" title=\"Haz clic para compartir en Facebook\"><span><\/span><span class=\"sharing-screen-reader-text\">Haz clic para compartir en Facebook (Se abre en una ventana nueva)<\/span><\/a><\/li><li class=\"share-jetpack-whatsapp\"><a rel=\"nofollow noopener noreferrer\" data-shared=\"\" class=\"share-jetpack-whatsapp sd-button share-icon no-text\" href=\"http:\/\/www.rtvnoticias.com.ar\/?p=44142&amp;share=jetpack-whatsapp\" target=\"_blank\" title=\"Haz clic para compartir en WhatsApp\"><span><\/span><span class=\"sharing-screen-reader-text\">Haz clic para compartir en WhatsApp (Se abre en una ventana nueva)<\/span><\/a><\/li><li class=\"share-telegram\"><a rel=\"nofollow noopener noreferrer\" data-shared=\"\" class=\"share-telegram sd-button share-icon no-text\" href=\"http:\/\/www.rtvnoticias.com.ar\/?p=44142&amp;share=telegram\" target=\"_blank\" title=\"Haz clic para compartir en Telegram\"><span><\/span><span class=\"sharing-screen-reader-text\">Haz clic para compartir en Telegram (Se abre en una ventana nueva)<\/span><\/a><\/li><li class=\"share-end\"><\/li><\/ul><\/div><\/div><\/div>","protected":false},"excerpt":{"rendered":"<p>El bloque de Uni\u00f3n por la Patria (UxP) de la C\u00e1mara de Diputados presentar\u00e1 un pedido de Juicio Pol\u00edtico contra el presidente Javier Milei por<\/p>\n<div class=\"sharedaddy sd-sharing-enabled\"><div class=\"robots-nocontent sd-block sd-social sd-social-icon sd-sharing\"><h3 class=\"sd-title\">Comparte esto:<\/h3><div class=\"sd-content\"><ul><li class=\"share-twitter\"><a rel=\"nofollow noopener noreferrer\" data-shared=\"sharing-twitter-44142\" class=\"share-twitter sd-button share-icon no-text\" href=\"http:\/\/www.rtvnoticias.com.ar\/?p=44142&amp;share=twitter\" target=\"_blank\" title=\"Haz clic para compartir en Twitter\"><span><\/span><span class=\"sharing-screen-reader-text\">Haz clic para compartir en Twitter (Se abre en una ventana nueva)<\/span><\/a><\/li><li class=\"share-facebook\"><a rel=\"nofollow noopener noreferrer\" data-shared=\"sharing-facebook-44142\" class=\"share-facebook sd-button share-icon no-text\" href=\"http:\/\/www.rtvnoticias.com.ar\/?p=44142&amp;share=facebook\" target=\"_blank\" title=\"Haz clic para compartir en Facebook\"><span><\/span><span class=\"sharing-screen-reader-text\">Haz clic para compartir en Facebook (Se abre en una ventana nueva)<\/span><\/a><\/li><li class=\"share-jetpack-whatsapp\"><a rel=\"nofollow noopener noreferrer\" data-shared=\"\" class=\"share-jetpack-whatsapp sd-button share-icon no-text\" href=\"http:\/\/www.rtvnoticias.com.ar\/?p=44142&amp;share=jetpack-whatsapp\" target=\"_blank\" title=\"Haz clic para compartir en WhatsApp\"><span><\/span><span class=\"sharing-screen-reader-text\">Haz clic para compartir en WhatsApp (Se abre en una ventana nueva)<\/span><\/a><\/li><li class=\"share-telegram\"><a rel=\"nofollow noopener noreferrer\" data-shared=\"\" class=\"share-telegram sd-button share-icon no-text\" href=\"http:\/\/www.rtvnoticias.com.ar\/?p=44142&amp;share=telegram\" target=\"_blank\" title=\"Haz clic para compartir en Telegram\"><span><\/span><span class=\"sharing-screen-reader-text\">Haz clic para compartir en Telegram (Se abre en una ventana nueva)<\/span><\/a><\/li><li class=\"share-end\"><\/li><\/ul><\/div><\/div><\/div>","protected":false},"author":7,"featured_media":44143,"comment_status":"closed","ping_status":"closed","sticky":false,"template":"","format":"standard","meta":{"spay_email":"","jetpack_publicize_message":"","jetpack_is_tweetstorm":false,"jetpack_publicize_feature_enabled":true},"categories":[5],"tags":[],"jetpack_featured_media_url":"http:\/\/www.rtvnoticias.com.ar\/wp-content\/uploads\/2025\/02\/7ee2f294-18a6-4d16-a3c4-6abe0587d313.jpg","jetpack_publicize_connections":[],"jetpack_sharing_enabled":true,"_links":{"self":[{"href":"http:\/\/www.rtvnoticias.com.ar\/index.php?rest_route=\/wp\/v2\/posts\/44142"}],"collection":[{"href":"http:\/\/www.rtvnoticias.com.ar\/index.php?rest_route=\/wp\/v2\/posts"}],"about":[{"href":"http:\/\/www.rtvnoticias.com.ar\/index.php?rest_route=\/wp\/v2\/types\/post"}],"author":[{"embeddable":true,"href":"http:\/\/www.rtvnoticias.com.ar\/index.php?rest_route=\/wp\/v2\/users\/7"}],"replies":[{"embeddable":true,"href":"http:\/\/www.rtvnoticias.com.ar\/index.php?rest_route=%2Fwp%2Fv2%2Fcomments&post=44142"}],"version-history":[{"count":1,"href":"http:\/\/www.rtvnoticias.com.ar\/index.php?rest_route=\/wp\/v2\/posts\/44142\/revisions"}],"predecessor-version":[{"id":44144,"href":"http:\/\/www.rtvnoticias.com.ar\/index.php?rest_route=\/wp\/v2\/posts\/44142\/revisions\/44144"}],"wp:featuredmedia":[{"embeddable":true,"href":"http:\/\/www.rtvnoticias.com.ar\/index.php?rest_route=\/wp\/v2\/media\/44143"}],"wp:attachment":[{"href":"http:\/\/www.rtvnoticias.com.ar\/index.php?rest_route=%2Fwp%2Fv2%2Fmedia&parent=44142"}],"wp:term":[{"taxonomy":"category","embeddable":true,"href":"http:\/\/www.rtvnoticias.com.ar\/index.php?rest_route=%2Fwp%2Fv2%2Fcategories&post=44142"},{"taxonomy":"post_tag","embeddable":true,"href":"http:\/\/www.rtvnoticias.com.ar\/index.php?rest_route=%2Fwp%2Fv2%2Ftags&post=44142"}],"curies":[{"name":"wp","href":"https:\/\/api.w.org\/{rel}","templated":true}]}}