{"id":44145,"date":"2025-02-16T05:53:00","date_gmt":"2025-02-16T08:53:00","guid":{"rendered":"http:\/\/www.rtvnoticias.com.ar\/?p=44145"},"modified":"2025-02-16T11:56:23","modified_gmt":"2025-02-16T14:56:23","slug":"general-pico-fallecio-el-hombre-que-habia-caido-de-un-altillo","status":"publish","type":"post","link":"http:\/\/www.rtvnoticias.com.ar\/?p=44145","title":{"rendered":"General Pico: Falleci\u00f3 el hombre que hab\u00eda ca\u00eddo de un altillo"},"content":{"rendered":"\n<p>El hombre que sufri\u00f3 una ca\u00edda desde un altillo el pasado 27 de enero en un galp\u00f3n de General Pico, falleci\u00f3 ayer a los 72 a\u00f1os. El accidente hab\u00eda ocurrido hace 19 d\u00edas en una casa de repuesto ubicada en la calle 37 entre 14 y 16.<\/p>\n\n\n\n<p>El hombre permaneci\u00f3 en terapia intensiva por el traumatismo de cr\u00e1neo con fractura.<\/p>\n\n\n\n<p>Fuentes policiales dijeron que el accidente ocurri\u00f3 cuando el hombre, propietario de un importante comercio local, se encontraba acomodando mercader\u00eda (repuestos) en el altillo y, por motivos que a\u00fan se trataban de establecer, perdi\u00f3 el equilibrio y cay\u00f3 al piso.<\/p>\n\n\n\n<p>El Servicio de Emergencias M\u00e9dicas acudi\u00f3 al domicilio para atender al accidentado. Mientras se aguardaba que arribe el personal de salud, un efectivo policial que se encontraba en las inmediaciones le practic\u00f3 maniobras de reanimaci\u00f3n cardiopulmonar (RCP).<\/p>\n\n\n\n<p>El hombre fue trasladado al hospital Gobernador Centeno, donde permaneci\u00f3 bajo cuidado m\u00e9dico, en el sector de terapia intensiva por unos 19 d\u00edas.<\/p>\n<div class=\"sharedaddy sd-sharing-enabled\"><div class=\"robots-nocontent sd-block sd-social sd-social-icon sd-sharing\"><h3 class=\"sd-title\">Comparte esto:<\/h3><div class=\"sd-content\"><ul><li class=\"share-twitter\"><a rel=\"nofollow noopener noreferrer\" data-shared=\"sharing-twitter-44145\" class=\"share-twitter sd-button share-icon no-text\" href=\"http:\/\/www.rtvnoticias.com.ar\/?p=44145&amp;share=twitter\" target=\"_blank\" title=\"Haz clic para compartir en Twitter\"><span><\/span><span class=\"sharing-screen-reader-text\">Haz clic para compartir en Twitter (Se abre en una ventana nueva)<\/span><\/a><\/li><li class=\"share-facebook\"><a rel=\"nofollow noopener noreferrer\" data-shared=\"sharing-facebook-44145\" class=\"share-facebook sd-button share-icon no-text\" href=\"http:\/\/www.rtvnoticias.com.ar\/?p=44145&amp;share=facebook\" target=\"_blank\" title=\"Haz clic para compartir en Facebook\"><span><\/span><span class=\"sharing-screen-reader-text\">Haz clic para compartir en Facebook (Se abre en una ventana nueva)<\/span><\/a><\/li><li class=\"share-jetpack-whatsapp\"><a rel=\"nofollow noopener noreferrer\" data-shared=\"\" class=\"share-jetpack-whatsapp sd-button share-icon no-text\" href=\"http:\/\/www.rtvnoticias.com.ar\/?p=44145&amp;share=jetpack-whatsapp\" target=\"_blank\" title=\"Haz clic para compartir en WhatsApp\"><span><\/span><span class=\"sharing-screen-reader-text\">Haz clic para compartir en WhatsApp (Se abre en una ventana nueva)<\/span><\/a><\/li><li class=\"share-telegram\"><a rel=\"nofollow noopener noreferrer\" data-shared=\"\" class=\"share-telegram sd-button share-icon no-text\" href=\"http:\/\/www.rtvnoticias.com.ar\/?p=44145&amp;share=telegram\" target=\"_blank\" title=\"Haz clic para compartir en Telegram\"><span><\/span><span class=\"sharing-screen-reader-text\">Haz clic para compartir en Telegram (Se abre en una ventana nueva)<\/span><\/a><\/li><li class=\"share-end\"><\/li><\/ul><\/div><\/div><\/div>","protected":false},"excerpt":{"rendered":"<p>El hombre que sufri\u00f3 una ca\u00edda desde un altillo el pasado 27 de enero en un galp\u00f3n de General Pico, falleci\u00f3 ayer a los 72<\/p>\n<div class=\"sharedaddy sd-sharing-enabled\"><div class=\"robots-nocontent sd-block sd-social sd-social-icon sd-sharing\"><h3 class=\"sd-title\">Comparte esto:<\/h3><div class=\"sd-content\"><ul><li class=\"share-twitter\"><a rel=\"nofollow noopener noreferrer\" data-shared=\"sharing-twitter-44145\" class=\"share-twitter sd-button share-icon no-text\" href=\"http:\/\/www.rtvnoticias.com.ar\/?p=44145&amp;share=twitter\" target=\"_blank\" title=\"Haz clic para compartir en Twitter\"><span><\/span><span class=\"sharing-screen-reader-text\">Haz clic para compartir en Twitter (Se abre en una ventana nueva)<\/span><\/a><\/li><li class=\"share-facebook\"><a rel=\"nofollow noopener noreferrer\" data-shared=\"sharing-facebook-44145\" class=\"share-facebook sd-button share-icon no-text\" href=\"http:\/\/www.rtvnoticias.com.ar\/?p=44145&amp;share=facebook\" target=\"_blank\" title=\"Haz clic para compartir en Facebook\"><span><\/span><span class=\"sharing-screen-reader-text\">Haz clic para compartir en Facebook (Se abre en una ventana nueva)<\/span><\/a><\/li><li class=\"share-jetpack-whatsapp\"><a rel=\"nofollow noopener noreferrer\" data-shared=\"\" class=\"share-jetpack-whatsapp sd-button share-icon no-text\" href=\"http:\/\/www.rtvnoticias.com.ar\/?p=44145&amp;share=jetpack-whatsapp\" target=\"_blank\" title=\"Haz clic para compartir en WhatsApp\"><span><\/span><span class=\"sharing-screen-reader-text\">Haz clic para compartir en WhatsApp (Se abre en una ventana nueva)<\/span><\/a><\/li><li class=\"share-telegram\"><a rel=\"nofollow noopener noreferrer\" data-shared=\"\" class=\"share-telegram sd-button share-icon no-text\" href=\"http:\/\/www.rtvnoticias.com.ar\/?p=44145&amp;share=telegram\" target=\"_blank\" title=\"Haz clic para compartir en Telegram\"><span><\/span><span class=\"sharing-screen-reader-text\">Haz clic para compartir en Telegram (Se abre en una ventana nueva)<\/span><\/a><\/li><li class=\"share-end\"><\/li><\/ul><\/div><\/div><\/div>","protected":false},"author":7,"featured_media":17812,"comment_status":"closed","ping_status":"closed","sticky":false,"template":"","format":"standard","meta":{"spay_email":"","jetpack_publicize_message":"","jetpack_is_tweetstorm":false,"jetpack_publicize_feature_enabled":true},"categories":[3],"tags":[],"jetpack_featured_media_url":"http:\/\/www.rtvnoticias.com.ar\/wp-content\/uploads\/2020\/01\/hospitalcenteno.jpg","jetpack_publicize_connections":[],"jetpack_sharing_enabled":true,"_links":{"self":[{"href":"http:\/\/www.rtvnoticias.com.ar\/index.php?rest_route=\/wp\/v2\/posts\/44145"}],"collection":[{"href":"http:\/\/www.rtvnoticias.com.ar\/index.php?rest_route=\/wp\/v2\/posts"}],"about":[{"href":"http:\/\/www.rtvnoticias.com.ar\/index.php?rest_route=\/wp\/v2\/types\/post"}],"author":[{"embeddable":true,"href":"http:\/\/www.rtvnoticias.com.ar\/index.php?rest_route=\/wp\/v2\/users\/7"}],"replies":[{"embeddable":true,"href":"http:\/\/www.rtvnoticias.com.ar\/index.php?rest_route=%2Fwp%2Fv2%2Fcomments&post=44145"}],"version-history":[{"count":1,"href":"http:\/\/www.rtvnoticias.com.ar\/index.php?rest_route=\/wp\/v2\/posts\/44145\/revisions"}],"predecessor-version":[{"id":44146,"href":"http:\/\/www.rtvnoticias.com.ar\/index.php?rest_route=\/wp\/v2\/posts\/44145\/revisions\/44146"}],"wp:featuredmedia":[{"embeddable":true,"href":"http:\/\/www.rtvnoticias.com.ar\/index.php?rest_route=\/wp\/v2\/media\/17812"}],"wp:attachment":[{"href":"http:\/\/www.rtvnoticias.com.ar\/index.php?rest_route=%2Fwp%2Fv2%2Fmedia&parent=44145"}],"wp:term":[{"taxonomy":"category","embeddable":true,"href":"http:\/\/www.rtvnoticias.com.ar\/index.php?rest_route=%2Fwp%2Fv2%2Fcategories&post=44145"},{"taxonomy":"post_tag","embeddable":true,"href":"http:\/\/www.rtvnoticias.com.ar\/index.php?rest_route=%2Fwp%2Fv2%2Ftags&post=44145"}],"curies":[{"name":"wp","href":"https:\/\/api.w.org\/{rel}","templated":true}]}}