{"id":44147,"date":"2025-02-16T05:57:00","date_gmt":"2025-02-16T08:57:00","guid":{"rendered":"http:\/\/www.rtvnoticias.com.ar\/?p=44147"},"modified":"2025-02-16T12:01:37","modified_gmt":"2025-02-16T15:01:37","slug":"intendente-alvear-avanza-en-el-recambio-de-luminarias-led","status":"publish","type":"post","link":"http:\/\/www.rtvnoticias.com.ar\/?p=44147","title":{"rendered":"Intendente Alvear avanza en el recambio de luminarias LED"},"content":{"rendered":"\n<p>La Secretar\u00eda de Energ\u00eda y Miner\u00eda entreg\u00f3 252 luminarias de tecnolog\u00eda Led al municipio de Intendente Alvear, en el marco del Plan de Alumbrado P\u00fablico Eficiente e Inteligente, con las cuales alcanz\u00f3 el 50 % del recambio de luminarias de alumbrado p\u00fablico. La entrega estuvo acompa\u00f1ada adem\u00e1s de una jornada de trabajo sobre eficiencia energ\u00e9tica.<\/p>\n\n\n\n<p>Firmaron el acta de entrega, la subsecretaria de Energ\u00edas Renovables, Georgina Doroni, la intendenta, Agustina Garc\u00eda, y el presidente de Cooperativa de Electricidad, Obras y Servicios P\u00fablicos de Alvear (COSERIA), Claudio Jos\u00e9 Saffeni. Acompa\u00f1ados por funcionarios de la Secretar\u00eda de Energ\u00eda y Miner\u00eda, municipales, representantes de la COSERIA, personal docente, de bomberos y polic\u00eda de la localidad. <\/p>\n\n\n\n<p>Con esta entrega de 252 luminarias, sumadas a las 389 que se entregaron en la primera etapa del Plan, Intendente Alvear lleg\u00f3 al 50% del recambio de luminarias del sistema de alumbrado p\u00fablico, a trav\u00e9s de un plan de trabajo elaborado de manera coordinada entre la Secretar\u00eda de Energ\u00eda y Miner\u00eda y el municipio.<\/p>\n\n\n\n<p>\u201cAgradecemos al gobernador, Sergio Ziliotto, por impulsar este programa que se lleva adelante de manera equitativa y que es muy necesario para la Provincia\u201d manifest\u00f3 la intendenta anfitriona. Resaltando adem\u00e1s que la seguridad que aportan las luminarias en cada calle \u201ces clave para nuestra comunidad, que sabemos que quedan calles por recambiar y seguimos trabajando en ese sentido\u201d.<\/p>\n\n\n\n<p>Esta pol\u00edtica p\u00fablica colaborativa y solidaria, responde a un modelo de planificaci\u00f3n equitativo y potencia la sinergia entre el Gobierno provincial, los municipios, las Comisiones de Fomento y las Cooperativas. Adem\u00e1s, se busca ofrecer transparencia mediante la presentaci\u00f3n de datos actualizados y din\u00e1micos, adaptados a las necesidades de la ciudadan\u00eda y del sistema.<\/p>\n\n\n\n<p>La subsecretaria de Energ\u00edas Renovables, Georgina Doroni, destac\u00f3 la importancia de llegar a cada localidad con tecnolog\u00eda eficiente, \u201cpara la Secretar\u00eda de Energ\u00eda y Miner\u00eda es muy reconfortante tener este tipo de visitas y encuentros en cada localidad, estamos en la segunda etapa del Plan y con esta segunda entrega que hoy recibe Intendente Alvear va a quedar con el 50% del recambio, que son n\u00fameros que impactan porque tienen muchos beneficios que mejoran la calidad de vida, de visibilidad y tienen un gran ahorro energ\u00e9tico y econ\u00f3mico. <\/p>\n\n\n\n<p>Esto es posible a la continuidad de pol\u00edticas p\u00fablicas promovidas por el gobernador Sergio Ziliotto que tienen vocaci\u00f3n de continuidad y solidaridad \u201d.<\/p>\n\n\n\n<p>En el desarrollo de esta segunda etapa del plan se entregaron hasta la fecha, 8.671 luminarias LED. Las mismas se comenzaron a distribuir a principios de agosto de este a\u00f1o, de manera equitativa y proporcional al alumbrado p\u00fablico de cada localidad. <\/p>\n\n\n\n<p>Una vez finalizadas las entregas, esta etapa del Plan permitir\u00e1 alcanzar el 81% del recambio total de luminarias de tecnolog\u00eda led en el Sistema de alumbrado P\u00fablico Provincial, es decir que 8 de cada 10 luminarias ser\u00e1n de tecnolog\u00eda led. Generar impacto durante la entrega, el equipo de la Secretar\u00eda llev\u00f3 adelante un conversatorio con autoridades y personal del municipio, junto a representantes de diferentes instituciones locales, en donde se abordaron recomendaciones sobre eficiencia energ\u00e9tica para concientizar sobre el uso responsable y comprometido de la energ\u00eda, y los beneficios econ\u00f3micos, sociales y ambientales que genera hacer un buen uso de los recursos.<\/p>\n<div class=\"sharedaddy sd-sharing-enabled\"><div class=\"robots-nocontent sd-block sd-social sd-social-icon sd-sharing\"><h3 class=\"sd-title\">Comparte esto:<\/h3><div class=\"sd-content\"><ul><li class=\"share-twitter\"><a rel=\"nofollow noopener noreferrer\" data-shared=\"sharing-twitter-44147\" class=\"share-twitter sd-button share-icon no-text\" href=\"http:\/\/www.rtvnoticias.com.ar\/?p=44147&amp;share=twitter\" target=\"_blank\" title=\"Haz clic para compartir en Twitter\"><span><\/span><span class=\"sharing-screen-reader-text\">Haz clic para compartir en Twitter (Se abre en una ventana nueva)<\/span><\/a><\/li><li class=\"share-facebook\"><a rel=\"nofollow noopener noreferrer\" data-shared=\"sharing-facebook-44147\" class=\"share-facebook sd-button share-icon no-text\" href=\"http:\/\/www.rtvnoticias.com.ar\/?p=44147&amp;share=facebook\" target=\"_blank\" title=\"Haz clic para compartir en Facebook\"><span><\/span><span class=\"sharing-screen-reader-text\">Haz clic para compartir en Facebook (Se abre en una ventana nueva)<\/span><\/a><\/li><li class=\"share-jetpack-whatsapp\"><a rel=\"nofollow noopener noreferrer\" data-shared=\"\" class=\"share-jetpack-whatsapp sd-button share-icon no-text\" href=\"http:\/\/www.rtvnoticias.com.ar\/?p=44147&amp;share=jetpack-whatsapp\" target=\"_blank\" title=\"Haz clic para compartir en WhatsApp\"><span><\/span><span class=\"sharing-screen-reader-text\">Haz clic para compartir en WhatsApp (Se abre en una ventana nueva)<\/span><\/a><\/li><li class=\"share-telegram\"><a rel=\"nofollow noopener noreferrer\" data-shared=\"\" class=\"share-telegram sd-button share-icon no-text\" href=\"http:\/\/www.rtvnoticias.com.ar\/?p=44147&amp;share=telegram\" target=\"_blank\" title=\"Haz clic para compartir en Telegram\"><span><\/span><span class=\"sharing-screen-reader-text\">Haz clic para compartir en Telegram (Se abre en una ventana nueva)<\/span><\/a><\/li><li class=\"share-end\"><\/li><\/ul><\/div><\/div><\/div>","protected":false},"excerpt":{"rendered":"<p>La Secretar\u00eda de Energ\u00eda y Miner\u00eda entreg\u00f3 252 luminarias de tecnolog\u00eda Led al municipio de Intendente Alvear, en el marco del Plan de Alumbrado P\u00fablico<\/p>\n<div class=\"sharedaddy sd-sharing-enabled\"><div class=\"robots-nocontent sd-block sd-social sd-social-icon sd-sharing\"><h3 class=\"sd-title\">Comparte esto:<\/h3><div class=\"sd-content\"><ul><li class=\"share-twitter\"><a rel=\"nofollow noopener noreferrer\" data-shared=\"sharing-twitter-44147\" class=\"share-twitter sd-button share-icon no-text\" href=\"http:\/\/www.rtvnoticias.com.ar\/?p=44147&amp;share=twitter\" target=\"_blank\" title=\"Haz clic para compartir en Twitter\"><span><\/span><span class=\"sharing-screen-reader-text\">Haz clic para compartir en Twitter (Se abre en una ventana nueva)<\/span><\/a><\/li><li class=\"share-facebook\"><a rel=\"nofollow noopener noreferrer\" data-shared=\"sharing-facebook-44147\" class=\"share-facebook sd-button share-icon no-text\" href=\"http:\/\/www.rtvnoticias.com.ar\/?p=44147&amp;share=facebook\" target=\"_blank\" title=\"Haz clic para compartir en Facebook\"><span><\/span><span class=\"sharing-screen-reader-text\">Haz clic para compartir en Facebook (Se abre en una ventana nueva)<\/span><\/a><\/li><li class=\"share-jetpack-whatsapp\"><a rel=\"nofollow noopener noreferrer\" data-shared=\"\" class=\"share-jetpack-whatsapp sd-button share-icon no-text\" href=\"http:\/\/www.rtvnoticias.com.ar\/?p=44147&amp;share=jetpack-whatsapp\" target=\"_blank\" title=\"Haz clic para compartir en WhatsApp\"><span><\/span><span class=\"sharing-screen-reader-text\">Haz clic para compartir en WhatsApp (Se abre en una ventana nueva)<\/span><\/a><\/li><li class=\"share-telegram\"><a rel=\"nofollow noopener noreferrer\" data-shared=\"\" class=\"share-telegram sd-button share-icon no-text\" href=\"http:\/\/www.rtvnoticias.com.ar\/?p=44147&amp;share=telegram\" target=\"_blank\" title=\"Haz clic para compartir en Telegram\"><span><\/span><span class=\"sharing-screen-reader-text\">Haz clic para compartir en Telegram (Se abre en una ventana nueva)<\/span><\/a><\/li><li class=\"share-end\"><\/li><\/ul><\/div><\/div><\/div>","protected":false},"author":7,"featured_media":44148,"comment_status":"closed","ping_status":"closed","sticky":false,"template":"","format":"standard","meta":{"spay_email":"","jetpack_publicize_message":"","jetpack_is_tweetstorm":false,"jetpack_publicize_feature_enabled":true},"categories":[4],"tags":[],"jetpack_featured_media_url":"http:\/\/www.rtvnoticias.com.ar\/wp-content\/uploads\/2025\/02\/679991_img_2210-1-768x576-1.jpeg","jetpack_publicize_connections":[],"jetpack_sharing_enabled":true,"_links":{"self":[{"href":"http:\/\/www.rtvnoticias.com.ar\/index.php?rest_route=\/wp\/v2\/posts\/44147"}],"collection":[{"href":"http:\/\/www.rtvnoticias.com.ar\/index.php?rest_route=\/wp\/v2\/posts"}],"about":[{"href":"http:\/\/www.rtvnoticias.com.ar\/index.php?rest_route=\/wp\/v2\/types\/post"}],"author":[{"embeddable":true,"href":"http:\/\/www.rtvnoticias.com.ar\/index.php?rest_route=\/wp\/v2\/users\/7"}],"replies":[{"embeddable":true,"href":"http:\/\/www.rtvnoticias.com.ar\/index.php?rest_route=%2Fwp%2Fv2%2Fcomments&post=44147"}],"version-history":[{"count":1,"href":"http:\/\/www.rtvnoticias.com.ar\/index.php?rest_route=\/wp\/v2\/posts\/44147\/revisions"}],"predecessor-version":[{"id":44149,"href":"http:\/\/www.rtvnoticias.com.ar\/index.php?rest_route=\/wp\/v2\/posts\/44147\/revisions\/44149"}],"wp:featuredmedia":[{"embeddable":true,"href":"http:\/\/www.rtvnoticias.com.ar\/index.php?rest_route=\/wp\/v2\/media\/44148"}],"wp:attachment":[{"href":"http:\/\/www.rtvnoticias.com.ar\/index.php?rest_route=%2Fwp%2Fv2%2Fmedia&parent=44147"}],"wp:term":[{"taxonomy":"category","embeddable":true,"href":"http:\/\/www.rtvnoticias.com.ar\/index.php?rest_route=%2Fwp%2Fv2%2Fcategories&post=44147"},{"taxonomy":"post_tag","embeddable":true,"href":"http:\/\/www.rtvnoticias.com.ar\/index.php?rest_route=%2Fwp%2Fv2%2Ftags&post=44147"}],"curies":[{"name":"wp","href":"https:\/\/api.w.org\/{rel}","templated":true}]}}