{"id":44150,"date":"2025-02-17T07:38:45","date_gmt":"2025-02-17T10:38:45","guid":{"rendered":"http:\/\/www.rtvnoticias.com.ar\/?p=44150"},"modified":"2025-02-17T07:38:51","modified_gmt":"2025-02-17T10:38:51","slug":"sin-mencion-a-libra-karina-milei-y-luis-caputo-encabezaron-un-acto-partidario","status":"publish","type":"post","link":"http:\/\/www.rtvnoticias.com.ar\/?p=44150","title":{"rendered":"Sin menci\u00f3n a $LIBRA, Karina Milei y Luis Caputo encabezaron un acto partidario"},"content":{"rendered":"\n<p>La secretaria General de la Presidencia, Karina Milei, y el ministro de Econom\u00eda, Luis Caputo, encabezaron este domingo un acto de afiliaci\u00f3n de La Libertad Avanza (LLA) en el barrio porte\u00f1o de Palermo.<\/p>\n\n\n\n<p>Poco antes de las 17.30, los funcionarios nacionales llegaron a la Plaza Seeber para encabezar la actividad partidaria, en una jornada marcada por la pol\u00e9mica generada a partir del derrumbe de la cripto $LIBRA.<\/p>\n\n\n\n<p>Seg\u00fan pudo constatar la agencia Noticias Argentinas, tambi\u00e9n participaron el bonaerense Sebasti\u00e1n Pareja y el padre del Presidente, Norberto Milei, entre otros dirigentes y legisladores porte\u00f1os.<\/p>\n\n\n\n<p>La hermana del Presidente y el ministro de Econom\u00eda asistieron al evento luego de rumores de cancelaci\u00f3n a ra\u00edz del esc\u00e1ndalo que se despert\u00f3 por la promoci\u00f3n que hizo Milei en sus redes sociales de una cripto, que se capitaliz\u00f3 r\u00e1pidamente y luego se desplom\u00f3, dejando p\u00e9rdidas estimadas en 80 millones de d\u00f3lares.<\/p>\n\n\n\n<p>Los funcionarios estuvieron en todo momento rodeados por un grupo de militantes libertarios, que les sirvi\u00f3 de barrera de contenci\u00f3n para evitar que se acercara la prensa y otros asistentes.<\/p>\n\n\n\n<p>Eso tambi\u00e9n impidi\u00f3 preguntas sobre la criptomoneda que aviv\u00f3 denuncias contra el jefe de Estado y pedidos de juicio pol\u00edtico de parte de la oposici\u00f3n.<\/p>\n\n\n\n<p>Al bajarse del autom\u00f3vil que los traslad\u00f3, la secretaria General de la Presidencia levant\u00f3 un cartel, que le alcanzaron, que dec\u00eda: \u00abLas fuerzas del cielo. Virrey del Pino\u00bb.<\/p>\n\n\n\n<p>Sin referencias a $LIBRA, Karina Milei y Caputo participaron en las actividades de afiliaci\u00f3n y anotaron a quienes quisieron sumarse al partido. Participaron unas 200 personas.<\/p>\n\n\n\n<p>La legisladora porte\u00f1a de La Libertad Avanza, Luc\u00eda Montenegro, asegur\u00f3, en di\u00e1logo con Noticias Argentinas: \u00abEstuvo muy bueno. Siempre acompa\u00f1ando a Karina, donde est\u00e9\u00bb.<\/p>\n<div class=\"sharedaddy sd-sharing-enabled\"><div class=\"robots-nocontent sd-block sd-social sd-social-icon sd-sharing\"><h3 class=\"sd-title\">Comparte esto:<\/h3><div class=\"sd-content\"><ul><li class=\"share-twitter\"><a rel=\"nofollow noopener noreferrer\" data-shared=\"sharing-twitter-44150\" class=\"share-twitter sd-button share-icon no-text\" href=\"http:\/\/www.rtvnoticias.com.ar\/?p=44150&amp;share=twitter\" target=\"_blank\" title=\"Haz clic para compartir en Twitter\"><span><\/span><span class=\"sharing-screen-reader-text\">Haz clic para compartir en Twitter (Se abre en una ventana nueva)<\/span><\/a><\/li><li class=\"share-facebook\"><a rel=\"nofollow noopener noreferrer\" data-shared=\"sharing-facebook-44150\" class=\"share-facebook sd-button share-icon no-text\" href=\"http:\/\/www.rtvnoticias.com.ar\/?p=44150&amp;share=facebook\" target=\"_blank\" title=\"Haz clic para compartir en Facebook\"><span><\/span><span class=\"sharing-screen-reader-text\">Haz clic para compartir en Facebook (Se abre en una ventana nueva)<\/span><\/a><\/li><li class=\"share-jetpack-whatsapp\"><a rel=\"nofollow noopener noreferrer\" data-shared=\"\" class=\"share-jetpack-whatsapp sd-button share-icon no-text\" href=\"http:\/\/www.rtvnoticias.com.ar\/?p=44150&amp;share=jetpack-whatsapp\" target=\"_blank\" title=\"Haz clic para compartir en WhatsApp\"><span><\/span><span class=\"sharing-screen-reader-text\">Haz clic para compartir en WhatsApp (Se abre en una ventana nueva)<\/span><\/a><\/li><li class=\"share-telegram\"><a rel=\"nofollow noopener noreferrer\" data-shared=\"\" class=\"share-telegram sd-button share-icon no-text\" href=\"http:\/\/www.rtvnoticias.com.ar\/?p=44150&amp;share=telegram\" target=\"_blank\" title=\"Haz clic para compartir en Telegram\"><span><\/span><span class=\"sharing-screen-reader-text\">Haz clic para compartir en Telegram (Se abre en una ventana nueva)<\/span><\/a><\/li><li class=\"share-end\"><\/li><\/ul><\/div><\/div><\/div>","protected":false},"excerpt":{"rendered":"<p>La secretaria General de la Presidencia, Karina Milei, y el ministro de Econom\u00eda, Luis Caputo, encabezaron este domingo un acto de afiliaci\u00f3n de La Libertad<\/p>\n<div class=\"sharedaddy sd-sharing-enabled\"><div class=\"robots-nocontent sd-block sd-social sd-social-icon sd-sharing\"><h3 class=\"sd-title\">Comparte esto:<\/h3><div class=\"sd-content\"><ul><li class=\"share-twitter\"><a rel=\"nofollow noopener noreferrer\" data-shared=\"sharing-twitter-44150\" class=\"share-twitter sd-button share-icon no-text\" href=\"http:\/\/www.rtvnoticias.com.ar\/?p=44150&amp;share=twitter\" target=\"_blank\" title=\"Haz clic para compartir en Twitter\"><span><\/span><span class=\"sharing-screen-reader-text\">Haz clic para compartir en Twitter (Se abre en una ventana nueva)<\/span><\/a><\/li><li class=\"share-facebook\"><a rel=\"nofollow noopener noreferrer\" data-shared=\"sharing-facebook-44150\" class=\"share-facebook sd-button share-icon no-text\" href=\"http:\/\/www.rtvnoticias.com.ar\/?p=44150&amp;share=facebook\" target=\"_blank\" title=\"Haz clic para compartir en Facebook\"><span><\/span><span class=\"sharing-screen-reader-text\">Haz clic para compartir en Facebook (Se abre en una ventana nueva)<\/span><\/a><\/li><li class=\"share-jetpack-whatsapp\"><a rel=\"nofollow noopener noreferrer\" data-shared=\"\" class=\"share-jetpack-whatsapp sd-button share-icon no-text\" href=\"http:\/\/www.rtvnoticias.com.ar\/?p=44150&amp;share=jetpack-whatsapp\" target=\"_blank\" title=\"Haz clic para compartir en WhatsApp\"><span><\/span><span class=\"sharing-screen-reader-text\">Haz clic para compartir en WhatsApp (Se abre en una ventana nueva)<\/span><\/a><\/li><li class=\"share-telegram\"><a rel=\"nofollow noopener noreferrer\" data-shared=\"\" class=\"share-telegram sd-button share-icon no-text\" href=\"http:\/\/www.rtvnoticias.com.ar\/?p=44150&amp;share=telegram\" target=\"_blank\" title=\"Haz clic para compartir en Telegram\"><span><\/span><span class=\"sharing-screen-reader-text\">Haz clic para compartir en Telegram (Se abre en una ventana nueva)<\/span><\/a><\/li><li class=\"share-end\"><\/li><\/ul><\/div><\/div><\/div>","protected":false},"author":7,"featured_media":44151,"comment_status":"closed","ping_status":"closed","sticky":false,"template":"","format":"standard","meta":{"spay_email":"","jetpack_publicize_message":"","jetpack_is_tweetstorm":false,"jetpack_publicize_feature_enabled":true},"categories":[5],"tags":[],"jetpack_featured_media_url":"http:\/\/www.rtvnoticias.com.ar\/wp-content\/uploads\/2025\/02\/karina-toto-caputo.jpg","jetpack_publicize_connections":[],"jetpack_sharing_enabled":true,"_links":{"self":[{"href":"http:\/\/www.rtvnoticias.com.ar\/index.php?rest_route=\/wp\/v2\/posts\/44150"}],"collection":[{"href":"http:\/\/www.rtvnoticias.com.ar\/index.php?rest_route=\/wp\/v2\/posts"}],"about":[{"href":"http:\/\/www.rtvnoticias.com.ar\/index.php?rest_route=\/wp\/v2\/types\/post"}],"author":[{"embeddable":true,"href":"http:\/\/www.rtvnoticias.com.ar\/index.php?rest_route=\/wp\/v2\/users\/7"}],"replies":[{"embeddable":true,"href":"http:\/\/www.rtvnoticias.com.ar\/index.php?rest_route=%2Fwp%2Fv2%2Fcomments&post=44150"}],"version-history":[{"count":1,"href":"http:\/\/www.rtvnoticias.com.ar\/index.php?rest_route=\/wp\/v2\/posts\/44150\/revisions"}],"predecessor-version":[{"id":44152,"href":"http:\/\/www.rtvnoticias.com.ar\/index.php?rest_route=\/wp\/v2\/posts\/44150\/revisions\/44152"}],"wp:featuredmedia":[{"embeddable":true,"href":"http:\/\/www.rtvnoticias.com.ar\/index.php?rest_route=\/wp\/v2\/media\/44151"}],"wp:attachment":[{"href":"http:\/\/www.rtvnoticias.com.ar\/index.php?rest_route=%2Fwp%2Fv2%2Fmedia&parent=44150"}],"wp:term":[{"taxonomy":"category","embeddable":true,"href":"http:\/\/www.rtvnoticias.com.ar\/index.php?rest_route=%2Fwp%2Fv2%2Fcategories&post=44150"},{"taxonomy":"post_tag","embeddable":true,"href":"http:\/\/www.rtvnoticias.com.ar\/index.php?rest_route=%2Fwp%2Fv2%2Ftags&post=44150"}],"curies":[{"name":"wp","href":"https:\/\/api.w.org\/{rel}","templated":true}]}}