{"id":44153,"date":"2025-02-17T01:39:00","date_gmt":"2025-02-17T04:39:00","guid":{"rendered":"http:\/\/www.rtvnoticias.com.ar\/?p=44153"},"modified":"2025-02-17T07:41:07","modified_gmt":"2025-02-17T10:41:07","slug":"el-gobierno-provincial-brindara-mas-capacitaciones-en-cuidados-de-personas","status":"publish","type":"post","link":"http:\/\/www.rtvnoticias.com.ar\/?p=44153","title":{"rendered":"El Gobierno provincial brindar\u00e1 m\u00e1s capacitaciones en cuidados de personas"},"content":{"rendered":"\n<p>El Gobierno provincial se encuentra diagramando el plan de capacitaciones en cuidado de personas con el objetivo de sentar bases para el ejercicio profesional de la actividad.<\/p>\n\n\n\n<p>Se est\u00e1n definiendo los ejes y localidades donde se brindar\u00e1n las capacitaciones, en funci\u00f3n de poder hacerlo accesible a la mayor cantidad de personas interesadas. La formaci\u00f3n sentar\u00e1 las bases para el ejercicio profesional de labores de cuidado, dotando de las herramientas necesarias para brindar una atenci\u00f3n acorde a las necesidades particulares de ni\u00f1os, ni\u00f1as, adolescentes, personas mayores y con discapacidad.<\/p>\n\n\n\n<p>En el marco de la capacitaci\u00f3n \u201cCuidado profesional de ni\u00f1as, ni\u00f1os, adolescentes, personas mayores y discapacidad\u201d, se realiz\u00f3 una jornada de trabajo para evaluar y planificar los ejes de la formaci\u00f3n, y coordinar el cronograma 2025 para las cuatro localidades que ser\u00e1n sede. El objetivo es contribuir a consolidar sistemas integrales de cuidado, en las diferentes localidades de la provincia, a partir de un trabajo articulado y organizado en la Mesa de Desarrollo Social, Territorial y Productivo.<\/p>\n\n\n\n<p>Las instrucciones adquiridas a lo largo del curso, brindar\u00e1n herramientas a las personas para desempe\u00f1arse en tareas b\u00e1sicas de cuidado, ya sea en relaci\u00f3n de dependencia en casas particulares o en instituciones p\u00fablicas o privadas, dedicadas a estos servicios. <\/p>\n\n\n\n<p>Estas acciones buscan generar oportunidades para el ascenso social de las personas, acompa\u00f1ando el proceso de desarrollo de nuevos perfiles laborales y econom\u00edas emergentes. En este sentido, implementar acciones de formaci\u00f3n para la atenci\u00f3n de ni\u00f1os, ni\u00f1as, adolescentes, personas mayores y discapacidad, es prioritario para fortalecer los servicios de cuidado de personas.<\/p>\n\n\n\n<p>Participan la Subsecretar\u00eda de Ni\u00f1ez, Adolescencia y Familia, Subsecretar\u00eda de Econom\u00eda Social, la Defensor\u00eda de Ni\u00f1as, Ni\u00f1os y Adolescentes y la Secretar\u00eda de Trabajo y Promoci\u00f3n del Empleo.<\/p>\n<div class=\"sharedaddy sd-sharing-enabled\"><div class=\"robots-nocontent sd-block sd-social sd-social-icon sd-sharing\"><h3 class=\"sd-title\">Comparte esto:<\/h3><div class=\"sd-content\"><ul><li class=\"share-twitter\"><a rel=\"nofollow noopener noreferrer\" data-shared=\"sharing-twitter-44153\" class=\"share-twitter sd-button share-icon no-text\" href=\"http:\/\/www.rtvnoticias.com.ar\/?p=44153&amp;share=twitter\" target=\"_blank\" title=\"Haz clic para compartir en Twitter\"><span><\/span><span class=\"sharing-screen-reader-text\">Haz clic para compartir en Twitter (Se abre en una ventana nueva)<\/span><\/a><\/li><li class=\"share-facebook\"><a rel=\"nofollow noopener noreferrer\" data-shared=\"sharing-facebook-44153\" class=\"share-facebook sd-button share-icon no-text\" href=\"http:\/\/www.rtvnoticias.com.ar\/?p=44153&amp;share=facebook\" target=\"_blank\" title=\"Haz clic para compartir en Facebook\"><span><\/span><span class=\"sharing-screen-reader-text\">Haz clic para compartir en Facebook (Se abre en una ventana nueva)<\/span><\/a><\/li><li class=\"share-jetpack-whatsapp\"><a rel=\"nofollow noopener noreferrer\" data-shared=\"\" class=\"share-jetpack-whatsapp sd-button share-icon no-text\" href=\"http:\/\/www.rtvnoticias.com.ar\/?p=44153&amp;share=jetpack-whatsapp\" target=\"_blank\" title=\"Haz clic para compartir en WhatsApp\"><span><\/span><span class=\"sharing-screen-reader-text\">Haz clic para compartir en WhatsApp (Se abre en una ventana nueva)<\/span><\/a><\/li><li class=\"share-telegram\"><a rel=\"nofollow noopener noreferrer\" data-shared=\"\" class=\"share-telegram sd-button share-icon no-text\" href=\"http:\/\/www.rtvnoticias.com.ar\/?p=44153&amp;share=telegram\" target=\"_blank\" title=\"Haz clic para compartir en Telegram\"><span><\/span><span class=\"sharing-screen-reader-text\">Haz clic para compartir en Telegram (Se abre en una ventana nueva)<\/span><\/a><\/li><li class=\"share-end\"><\/li><\/ul><\/div><\/div><\/div>","protected":false},"excerpt":{"rendered":"<p>El Gobierno provincial se encuentra diagramando el plan de capacitaciones en cuidado de personas con el objetivo de sentar bases para el ejercicio profesional de<\/p>\n<div class=\"sharedaddy sd-sharing-enabled\"><div class=\"robots-nocontent sd-block sd-social sd-social-icon sd-sharing\"><h3 class=\"sd-title\">Comparte esto:<\/h3><div class=\"sd-content\"><ul><li class=\"share-twitter\"><a rel=\"nofollow noopener noreferrer\" data-shared=\"sharing-twitter-44153\" class=\"share-twitter sd-button share-icon no-text\" href=\"http:\/\/www.rtvnoticias.com.ar\/?p=44153&amp;share=twitter\" target=\"_blank\" title=\"Haz clic para compartir en Twitter\"><span><\/span><span class=\"sharing-screen-reader-text\">Haz clic para compartir en Twitter (Se abre en una ventana nueva)<\/span><\/a><\/li><li class=\"share-facebook\"><a rel=\"nofollow noopener noreferrer\" data-shared=\"sharing-facebook-44153\" class=\"share-facebook sd-button share-icon no-text\" href=\"http:\/\/www.rtvnoticias.com.ar\/?p=44153&amp;share=facebook\" target=\"_blank\" title=\"Haz clic para compartir en Facebook\"><span><\/span><span class=\"sharing-screen-reader-text\">Haz clic para compartir en Facebook (Se abre en una ventana nueva)<\/span><\/a><\/li><li class=\"share-jetpack-whatsapp\"><a rel=\"nofollow noopener noreferrer\" data-shared=\"\" class=\"share-jetpack-whatsapp sd-button share-icon no-text\" href=\"http:\/\/www.rtvnoticias.com.ar\/?p=44153&amp;share=jetpack-whatsapp\" target=\"_blank\" title=\"Haz clic para compartir en WhatsApp\"><span><\/span><span class=\"sharing-screen-reader-text\">Haz clic para compartir en WhatsApp (Se abre en una ventana nueva)<\/span><\/a><\/li><li class=\"share-telegram\"><a rel=\"nofollow noopener noreferrer\" data-shared=\"\" class=\"share-telegram sd-button share-icon no-text\" href=\"http:\/\/www.rtvnoticias.com.ar\/?p=44153&amp;share=telegram\" target=\"_blank\" title=\"Haz clic para compartir en Telegram\"><span><\/span><span class=\"sharing-screen-reader-text\">Haz clic para compartir en Telegram (Se abre en una ventana nueva)<\/span><\/a><\/li><li class=\"share-end\"><\/li><\/ul><\/div><\/div><\/div>","protected":false},"author":7,"featured_media":44154,"comment_status":"closed","ping_status":"closed","sticky":false,"template":"","format":"standard","meta":{"spay_email":"","jetpack_publicize_message":"","jetpack_is_tweetstorm":false,"jetpack_publicize_feature_enabled":true},"categories":[4],"tags":[],"jetpack_featured_media_url":"http:\/\/www.rtvnoticias.com.ar\/wp-content\/uploads\/2025\/02\/67af4de4463ac.jpg","jetpack_publicize_connections":[],"jetpack_sharing_enabled":true,"_links":{"self":[{"href":"http:\/\/www.rtvnoticias.com.ar\/index.php?rest_route=\/wp\/v2\/posts\/44153"}],"collection":[{"href":"http:\/\/www.rtvnoticias.com.ar\/index.php?rest_route=\/wp\/v2\/posts"}],"about":[{"href":"http:\/\/www.rtvnoticias.com.ar\/index.php?rest_route=\/wp\/v2\/types\/post"}],"author":[{"embeddable":true,"href":"http:\/\/www.rtvnoticias.com.ar\/index.php?rest_route=\/wp\/v2\/users\/7"}],"replies":[{"embeddable":true,"href":"http:\/\/www.rtvnoticias.com.ar\/index.php?rest_route=%2Fwp%2Fv2%2Fcomments&post=44153"}],"version-history":[{"count":1,"href":"http:\/\/www.rtvnoticias.com.ar\/index.php?rest_route=\/wp\/v2\/posts\/44153\/revisions"}],"predecessor-version":[{"id":44155,"href":"http:\/\/www.rtvnoticias.com.ar\/index.php?rest_route=\/wp\/v2\/posts\/44153\/revisions\/44155"}],"wp:featuredmedia":[{"embeddable":true,"href":"http:\/\/www.rtvnoticias.com.ar\/index.php?rest_route=\/wp\/v2\/media\/44154"}],"wp:attachment":[{"href":"http:\/\/www.rtvnoticias.com.ar\/index.php?rest_route=%2Fwp%2Fv2%2Fmedia&parent=44153"}],"wp:term":[{"taxonomy":"category","embeddable":true,"href":"http:\/\/www.rtvnoticias.com.ar\/index.php?rest_route=%2Fwp%2Fv2%2Fcategories&post=44153"},{"taxonomy":"post_tag","embeddable":true,"href":"http:\/\/www.rtvnoticias.com.ar\/index.php?rest_route=%2Fwp%2Fv2%2Ftags&post=44153"}],"curies":[{"name":"wp","href":"https:\/\/api.w.org\/{rel}","templated":true}]}}