{"id":44156,"date":"2025-02-17T03:42:00","date_gmt":"2025-02-17T06:42:00","guid":{"rendered":"http:\/\/www.rtvnoticias.com.ar\/?p=44156"},"modified":"2025-02-17T07:46:26","modified_gmt":"2025-02-17T10:46:26","slug":"el-pro-no-apoya-el-juicio-politico-a-javier-milei","status":"publish","type":"post","link":"http:\/\/www.rtvnoticias.com.ar\/?p=44156","title":{"rendered":"El PRO no apoya el juicio pol\u00edtico a Javier Milei"},"content":{"rendered":"\n<p><br>Desde el PRO aseguran  que fue \u201cgrave\u201d lo sucedido con el lanzamiento de la cripto $Libra, que involucr\u00f3 al presidente Javier Milei, y reclam\u00f3 una \u201cinvestigaci\u00f3n profunda y transparente\u201d para dilucidar c\u00f3mo ocurri\u00f3 la estafa.<\/p>\n\n\n\n<p>\u201cDesde el PRO expresamos nuestra preocupaci\u00f3n por los hechos que sucedieron en las \u00faltimas horas y que afectaron a la confianza en nuestro pa\u00eds. Lo que pas\u00f3 es grave. No solo por el impacto econ\u00f3mico en quienes creyeron en esta inversi\u00f3n, sino tambi\u00e9n por la credibilidad del pa\u00eds y la responsabilidad del entorno que rodea a la figura presidencial\u201d, subray\u00f3 el espacio.<\/p>\n\n\n\n<p>\u201cEs fundamental que se investigue a fondo c\u00f3mo pudo suceder esto y que se esclarezcan todas las dudas\u201d, agreg\u00f3 en un comunicado. \u201cEl Gobierno anunci\u00f3 una investigaci\u00f3n profunda, lo cual es un paso necesario, pero esperamos que este proceso sea riguroso y transparente, que responda todas las preguntas que hoy se hacen los argentinos y que se asuman las responsabilidades pol\u00edticas que correspondan\u201d, resalt\u00f3 el Pro.<\/p>\n\n\n\n<p>Luego del esc\u00e1ndalo, las primeras denuncias penales y los reclamos de juicio pol\u00edtico, el partido de lidera Mauricio Macri aclar\u00f3 que no acompa\u00f1ar\u00e1 esas iniciativas. \u201cEn esto queremos ser claros: denunciamos la utilizaci\u00f3n oportunista de esta situaci\u00f3n por parte del kirchnerismo, que no tiene ninguna credibilidad para dar lecciones de moral y transparencia\u201d, enfatiz\u00f3 el espacio.<\/p>\n\n\n\n<p>\u201cNo estamos a favor de un juicio pol\u00edtico en esta instancia. Argentina no necesita m\u00e1s grieta ni maniobras pol\u00edticas irresponsables, sino respuestas claras y justicia para quienes fueron afectados\u201d, finaliz\u00f3.<\/p>\n<div class=\"sharedaddy sd-sharing-enabled\"><div class=\"robots-nocontent sd-block sd-social sd-social-icon sd-sharing\"><h3 class=\"sd-title\">Comparte esto:<\/h3><div class=\"sd-content\"><ul><li class=\"share-twitter\"><a rel=\"nofollow noopener noreferrer\" data-shared=\"sharing-twitter-44156\" class=\"share-twitter sd-button share-icon no-text\" href=\"http:\/\/www.rtvnoticias.com.ar\/?p=44156&amp;share=twitter\" target=\"_blank\" title=\"Haz clic para compartir en Twitter\"><span><\/span><span class=\"sharing-screen-reader-text\">Haz clic para compartir en Twitter (Se abre en una ventana nueva)<\/span><\/a><\/li><li class=\"share-facebook\"><a rel=\"nofollow noopener noreferrer\" data-shared=\"sharing-facebook-44156\" class=\"share-facebook sd-button share-icon no-text\" href=\"http:\/\/www.rtvnoticias.com.ar\/?p=44156&amp;share=facebook\" target=\"_blank\" title=\"Haz clic para compartir en Facebook\"><span><\/span><span class=\"sharing-screen-reader-text\">Haz clic para compartir en Facebook (Se abre en una ventana nueva)<\/span><\/a><\/li><li class=\"share-jetpack-whatsapp\"><a rel=\"nofollow noopener noreferrer\" data-shared=\"\" class=\"share-jetpack-whatsapp sd-button share-icon no-text\" href=\"http:\/\/www.rtvnoticias.com.ar\/?p=44156&amp;share=jetpack-whatsapp\" target=\"_blank\" title=\"Haz clic para compartir en WhatsApp\"><span><\/span><span class=\"sharing-screen-reader-text\">Haz clic para compartir en WhatsApp (Se abre en una ventana nueva)<\/span><\/a><\/li><li class=\"share-telegram\"><a rel=\"nofollow noopener noreferrer\" data-shared=\"\" class=\"share-telegram sd-button share-icon no-text\" href=\"http:\/\/www.rtvnoticias.com.ar\/?p=44156&amp;share=telegram\" target=\"_blank\" title=\"Haz clic para compartir en Telegram\"><span><\/span><span class=\"sharing-screen-reader-text\">Haz clic para compartir en Telegram (Se abre en una ventana nueva)<\/span><\/a><\/li><li class=\"share-end\"><\/li><\/ul><\/div><\/div><\/div>","protected":false},"excerpt":{"rendered":"<p>Desde el PRO aseguran que fue \u201cgrave\u201d lo sucedido con el lanzamiento de la cripto $Libra, que involucr\u00f3 al presidente Javier Milei, y reclam\u00f3 una<\/p>\n<div class=\"sharedaddy sd-sharing-enabled\"><div class=\"robots-nocontent sd-block sd-social sd-social-icon sd-sharing\"><h3 class=\"sd-title\">Comparte esto:<\/h3><div class=\"sd-content\"><ul><li class=\"share-twitter\"><a rel=\"nofollow noopener noreferrer\" data-shared=\"sharing-twitter-44156\" class=\"share-twitter sd-button share-icon no-text\" href=\"http:\/\/www.rtvnoticias.com.ar\/?p=44156&amp;share=twitter\" target=\"_blank\" title=\"Haz clic para compartir en Twitter\"><span><\/span><span class=\"sharing-screen-reader-text\">Haz clic para compartir en Twitter (Se abre en una ventana nueva)<\/span><\/a><\/li><li class=\"share-facebook\"><a rel=\"nofollow noopener noreferrer\" data-shared=\"sharing-facebook-44156\" class=\"share-facebook sd-button share-icon no-text\" href=\"http:\/\/www.rtvnoticias.com.ar\/?p=44156&amp;share=facebook\" target=\"_blank\" title=\"Haz clic para compartir en Facebook\"><span><\/span><span class=\"sharing-screen-reader-text\">Haz clic para compartir en Facebook (Se abre en una ventana nueva)<\/span><\/a><\/li><li class=\"share-jetpack-whatsapp\"><a rel=\"nofollow noopener noreferrer\" data-shared=\"\" class=\"share-jetpack-whatsapp sd-button share-icon no-text\" href=\"http:\/\/www.rtvnoticias.com.ar\/?p=44156&amp;share=jetpack-whatsapp\" target=\"_blank\" title=\"Haz clic para compartir en WhatsApp\"><span><\/span><span class=\"sharing-screen-reader-text\">Haz clic para compartir en WhatsApp (Se abre en una ventana nueva)<\/span><\/a><\/li><li class=\"share-telegram\"><a rel=\"nofollow noopener noreferrer\" data-shared=\"\" class=\"share-telegram sd-button share-icon no-text\" href=\"http:\/\/www.rtvnoticias.com.ar\/?p=44156&amp;share=telegram\" target=\"_blank\" title=\"Haz clic para compartir en Telegram\"><span><\/span><span class=\"sharing-screen-reader-text\">Haz clic para compartir en Telegram (Se abre en una ventana nueva)<\/span><\/a><\/li><li class=\"share-end\"><\/li><\/ul><\/div><\/div><\/div>","protected":false},"author":7,"featured_media":12660,"comment_status":"closed","ping_status":"closed","sticky":false,"template":"","format":"standard","meta":{"spay_email":"","jetpack_publicize_message":"","jetpack_is_tweetstorm":false,"jetpack_publicize_feature_enabled":true},"categories":[5],"tags":[],"jetpack_featured_media_url":"http:\/\/www.rtvnoticias.com.ar\/wp-content\/uploads\/2019\/06\/macri-niunamenos.jpg","jetpack_publicize_connections":[],"jetpack_sharing_enabled":true,"_links":{"self":[{"href":"http:\/\/www.rtvnoticias.com.ar\/index.php?rest_route=\/wp\/v2\/posts\/44156"}],"collection":[{"href":"http:\/\/www.rtvnoticias.com.ar\/index.php?rest_route=\/wp\/v2\/posts"}],"about":[{"href":"http:\/\/www.rtvnoticias.com.ar\/index.php?rest_route=\/wp\/v2\/types\/post"}],"author":[{"embeddable":true,"href":"http:\/\/www.rtvnoticias.com.ar\/index.php?rest_route=\/wp\/v2\/users\/7"}],"replies":[{"embeddable":true,"href":"http:\/\/www.rtvnoticias.com.ar\/index.php?rest_route=%2Fwp%2Fv2%2Fcomments&post=44156"}],"version-history":[{"count":1,"href":"http:\/\/www.rtvnoticias.com.ar\/index.php?rest_route=\/wp\/v2\/posts\/44156\/revisions"}],"predecessor-version":[{"id":44157,"href":"http:\/\/www.rtvnoticias.com.ar\/index.php?rest_route=\/wp\/v2\/posts\/44156\/revisions\/44157"}],"wp:featuredmedia":[{"embeddable":true,"href":"http:\/\/www.rtvnoticias.com.ar\/index.php?rest_route=\/wp\/v2\/media\/12660"}],"wp:attachment":[{"href":"http:\/\/www.rtvnoticias.com.ar\/index.php?rest_route=%2Fwp%2Fv2%2Fmedia&parent=44156"}],"wp:term":[{"taxonomy":"category","embeddable":true,"href":"http:\/\/www.rtvnoticias.com.ar\/index.php?rest_route=%2Fwp%2Fv2%2Fcategories&post=44156"},{"taxonomy":"post_tag","embeddable":true,"href":"http:\/\/www.rtvnoticias.com.ar\/index.php?rest_route=%2Fwp%2Fv2%2Ftags&post=44156"}],"curies":[{"name":"wp","href":"https:\/\/api.w.org\/{rel}","templated":true}]}}