{"id":44165,"date":"2025-02-17T09:43:31","date_gmt":"2025-02-17T12:43:31","guid":{"rendered":"http:\/\/www.rtvnoticias.com.ar\/?p=44165"},"modified":"2025-02-17T09:43:39","modified_gmt":"2025-02-17T12:43:39","slug":"hallaron-muerto-al-joven-que-habia-desaparecido-tras-meterse-al-mar-con-sus-amigos-en-necochea","status":"publish","type":"post","link":"http:\/\/www.rtvnoticias.com.ar\/?p=44165","title":{"rendered":"Hallaron muerto al joven que hab\u00eda desaparecido tras meterse al mar con sus amigos en Necochea"},"content":{"rendered":"\n<p>El joven que desapareci\u00f3 tras meterse al mar con sus amigos en Necochea, fue hallado\u00a0muerto\u00a0tras una intensa b\u00fasqueda. Se pudo saber que el joven ingres\u00f3 al agua en el momento en el que\u00a0no hab\u00eda guardavidas y hab\u00eda tomado alcohol.<\/p>\n\n\n\n<p>La desaparici\u00f3n de\u00a0Santiago Alejandro Haedo, de 22 a\u00f1os, sucedi\u00f3 en la ma\u00f1ana del s\u00e1bado cuando, junto con sus amigos,\u00a0fueron hasta la playa despu\u00e9s de jugar un partido de f\u00fatbol, disfrutar de un asado y tomar alcohol.<\/p>\n\n\n\n<p>En medio de la reuni\u00f3n\u00a0se metieron al mar y de un momento al otro Haedo se perdi\u00f3, por lo que sus amigos dieron aviso a las autoridades para dar inicio a la\u00a0exhaustiva b\u00fasqueda, la cual concluy\u00f3 este domingo.<\/p>\n\n\n\n<p>Durante el fin de semana se despleg\u00f3 un\u00a0amplio operativo\u00a0por parte de\u00a0personal de la Prefectura, Polic\u00eda bonaerense, Defensa Civil de Necochea y guardavidas en servicio.<\/p>\n\n\n\n<p>Luego de varias horas de rastrillajes, informaron que encontraron sin vida a Haedo a\u00a050 metros de donde se hab\u00eda metido al mar con sus amigos.<\/p>\n\n\n\n<p>Se detall\u00f3 que al momento en el que el joven ingres\u00f3 al mar, pasadas las 7.00,\u00a0todav\u00eda no hab\u00eda guardavidas ya que cumplen horario de 8 a 19 hs.<\/p>\n\n\n\n<p>El cuerpo de Haedo fue derivado hasta el\u00a0Hospital Municipal Doctor Emilio Ferreyra\u00a0donde le realizaron las pericias correspondientes.<\/p>\n\n\n\n<p>La causa qued\u00f3 en manos de la\u00a0UFI N\u00ba1 de Necochea, a cargo de\u00a0Jos\u00e9 Chipoletti, quien dispuso la realizaci\u00f3n de todas las labores para concluir el caso.<\/p>\n<div class=\"sharedaddy sd-sharing-enabled\"><div class=\"robots-nocontent sd-block sd-social sd-social-icon sd-sharing\"><h3 class=\"sd-title\">Comparte esto:<\/h3><div class=\"sd-content\"><ul><li class=\"share-twitter\"><a rel=\"nofollow noopener noreferrer\" data-shared=\"sharing-twitter-44165\" class=\"share-twitter sd-button share-icon no-text\" href=\"http:\/\/www.rtvnoticias.com.ar\/?p=44165&amp;share=twitter\" target=\"_blank\" title=\"Haz clic para compartir en Twitter\"><span><\/span><span class=\"sharing-screen-reader-text\">Haz clic para compartir en Twitter (Se abre en una ventana nueva)<\/span><\/a><\/li><li class=\"share-facebook\"><a rel=\"nofollow noopener noreferrer\" data-shared=\"sharing-facebook-44165\" class=\"share-facebook sd-button share-icon no-text\" href=\"http:\/\/www.rtvnoticias.com.ar\/?p=44165&amp;share=facebook\" target=\"_blank\" title=\"Haz clic para compartir en Facebook\"><span><\/span><span class=\"sharing-screen-reader-text\">Haz clic para compartir en Facebook (Se abre en una ventana nueva)<\/span><\/a><\/li><li class=\"share-jetpack-whatsapp\"><a rel=\"nofollow noopener noreferrer\" data-shared=\"\" class=\"share-jetpack-whatsapp sd-button share-icon no-text\" href=\"http:\/\/www.rtvnoticias.com.ar\/?p=44165&amp;share=jetpack-whatsapp\" target=\"_blank\" title=\"Haz clic para compartir en WhatsApp\"><span><\/span><span class=\"sharing-screen-reader-text\">Haz clic para compartir en WhatsApp (Se abre en una ventana nueva)<\/span><\/a><\/li><li class=\"share-telegram\"><a rel=\"nofollow noopener noreferrer\" data-shared=\"\" class=\"share-telegram sd-button share-icon no-text\" href=\"http:\/\/www.rtvnoticias.com.ar\/?p=44165&amp;share=telegram\" target=\"_blank\" title=\"Haz clic para compartir en Telegram\"><span><\/span><span class=\"sharing-screen-reader-text\">Haz clic para compartir en Telegram (Se abre en una ventana nueva)<\/span><\/a><\/li><li class=\"share-end\"><\/li><\/ul><\/div><\/div><\/div>","protected":false},"excerpt":{"rendered":"<p>El joven que desapareci\u00f3 tras meterse al mar con sus amigos en Necochea, fue hallado\u00a0muerto\u00a0tras una intensa b\u00fasqueda. Se pudo saber que el joven ingres\u00f3<\/p>\n<div class=\"sharedaddy sd-sharing-enabled\"><div class=\"robots-nocontent sd-block sd-social sd-social-icon sd-sharing\"><h3 class=\"sd-title\">Comparte esto:<\/h3><div class=\"sd-content\"><ul><li class=\"share-twitter\"><a rel=\"nofollow noopener noreferrer\" data-shared=\"sharing-twitter-44165\" class=\"share-twitter sd-button share-icon no-text\" href=\"http:\/\/www.rtvnoticias.com.ar\/?p=44165&amp;share=twitter\" target=\"_blank\" title=\"Haz clic para compartir en Twitter\"><span><\/span><span class=\"sharing-screen-reader-text\">Haz clic para compartir en Twitter (Se abre en una ventana nueva)<\/span><\/a><\/li><li class=\"share-facebook\"><a rel=\"nofollow noopener noreferrer\" data-shared=\"sharing-facebook-44165\" class=\"share-facebook sd-button share-icon no-text\" href=\"http:\/\/www.rtvnoticias.com.ar\/?p=44165&amp;share=facebook\" target=\"_blank\" title=\"Haz clic para compartir en Facebook\"><span><\/span><span class=\"sharing-screen-reader-text\">Haz clic para compartir en Facebook (Se abre en una ventana nueva)<\/span><\/a><\/li><li class=\"share-jetpack-whatsapp\"><a rel=\"nofollow noopener noreferrer\" data-shared=\"\" class=\"share-jetpack-whatsapp sd-button share-icon no-text\" href=\"http:\/\/www.rtvnoticias.com.ar\/?p=44165&amp;share=jetpack-whatsapp\" target=\"_blank\" title=\"Haz clic para compartir en WhatsApp\"><span><\/span><span class=\"sharing-screen-reader-text\">Haz clic para compartir en WhatsApp (Se abre en una ventana nueva)<\/span><\/a><\/li><li class=\"share-telegram\"><a rel=\"nofollow noopener noreferrer\" data-shared=\"\" class=\"share-telegram sd-button share-icon no-text\" href=\"http:\/\/www.rtvnoticias.com.ar\/?p=44165&amp;share=telegram\" target=\"_blank\" title=\"Haz clic para compartir en Telegram\"><span><\/span><span class=\"sharing-screen-reader-text\">Haz clic para compartir en Telegram (Se abre en una ventana nueva)<\/span><\/a><\/li><li class=\"share-end\"><\/li><\/ul><\/div><\/div><\/div>","protected":false},"author":5,"featured_media":44166,"comment_status":"closed","ping_status":"closed","sticky":false,"template":"","format":"standard","meta":{"spay_email":"","jetpack_publicize_message":"","jetpack_is_tweetstorm":false,"jetpack_publicize_feature_enabled":true},"categories":[5],"tags":[5226],"jetpack_featured_media_url":"http:\/\/www.rtvnoticias.com.ar\/wp-content\/uploads\/2025\/02\/necochea-nadador.jpg","jetpack_publicize_connections":[],"jetpack_sharing_enabled":true,"_links":{"self":[{"href":"http:\/\/www.rtvnoticias.com.ar\/index.php?rest_route=\/wp\/v2\/posts\/44165"}],"collection":[{"href":"http:\/\/www.rtvnoticias.com.ar\/index.php?rest_route=\/wp\/v2\/posts"}],"about":[{"href":"http:\/\/www.rtvnoticias.com.ar\/index.php?rest_route=\/wp\/v2\/types\/post"}],"author":[{"embeddable":true,"href":"http:\/\/www.rtvnoticias.com.ar\/index.php?rest_route=\/wp\/v2\/users\/5"}],"replies":[{"embeddable":true,"href":"http:\/\/www.rtvnoticias.com.ar\/index.php?rest_route=%2Fwp%2Fv2%2Fcomments&post=44165"}],"version-history":[{"count":1,"href":"http:\/\/www.rtvnoticias.com.ar\/index.php?rest_route=\/wp\/v2\/posts\/44165\/revisions"}],"predecessor-version":[{"id":44167,"href":"http:\/\/www.rtvnoticias.com.ar\/index.php?rest_route=\/wp\/v2\/posts\/44165\/revisions\/44167"}],"wp:featuredmedia":[{"embeddable":true,"href":"http:\/\/www.rtvnoticias.com.ar\/index.php?rest_route=\/wp\/v2\/media\/44166"}],"wp:attachment":[{"href":"http:\/\/www.rtvnoticias.com.ar\/index.php?rest_route=%2Fwp%2Fv2%2Fmedia&parent=44165"}],"wp:term":[{"taxonomy":"category","embeddable":true,"href":"http:\/\/www.rtvnoticias.com.ar\/index.php?rest_route=%2Fwp%2Fv2%2Fcategories&post=44165"},{"taxonomy":"post_tag","embeddable":true,"href":"http:\/\/www.rtvnoticias.com.ar\/index.php?rest_route=%2Fwp%2Fv2%2Ftags&post=44165"}],"curies":[{"name":"wp","href":"https:\/\/api.w.org\/{rel}","templated":true}]}}