{"id":44175,"date":"2025-02-18T10:09:08","date_gmt":"2025-02-18T13:09:08","guid":{"rendered":"http:\/\/www.rtvnoticias.com.ar\/?p=44175"},"modified":"2025-02-18T10:09:14","modified_gmt":"2025-02-18T13:09:14","slug":"procesaron-a-alberto-fernandez-por-violencia-de-genero-contra-fabiola-yanez","status":"publish","type":"post","link":"http:\/\/www.rtvnoticias.com.ar\/?p=44175","title":{"rendered":"Procesaron a Alberto Fern\u00e1ndez por violencia de g\u00e9nero contra Fabiola Ya\u00f1ez"},"content":{"rendered":"\n<p>El juez federal\u00a0Juli\u00e1n Ercolini\u00a0proces\u00f3 hoy al expresidente\u00a0Alberto Fern\u00e1ndez\u00a0por lesiones leves y graves contra la ex primera dama\u00a0Fabiola Y\u00e1\u00f1ez\u00a0y lo embarg\u00f3 por diez millones de pesos. As\u00ed lo dispuso el magistrado seg\u00fan la resoluci\u00f3n a la que tuvo acceso la\u00a0Agencia Noticias Argentinas.<\/p>\n\n\n\n<p>Se trata de\u00a0delitos que, en conjunto, prev\u00e9n un m\u00e1ximo de 18 a\u00f1os de prisi\u00f3n\u00a0en caso de una eventual condena.<\/p>\n\n\n\n<p>La abogada de Fern\u00e1ndez,\u00a0Silvina Carreira, intent\u00f3 ya sin \u00e9xito apartar al magistrado del caso, en base a un presunto\u00a0\u201ctemor de parcialidad\u201d.<\/p>\n\n\n\n<p>El juez le atribuy\u00f3 a Fern\u00e1ndez\u00a0hechos cometidos en un \u00abcontexto de violencia de g\u00e9nero\u00bb, signado por la\u00a0particular relaci\u00f3n asim\u00e9trica de poder con Fabiola Andrea Y\u00e1\u00f1ez, por lo menos desde el a\u00f1o\u00a02016 hasta el 6 de agosto de 2024.<\/p>\n\n\n\n<p>Y\u00e1\u00f1ez declar\u00f3\u00a0por videoconferencia desde Madrid, Espa\u00f1a, donde vive con\u00a0Francisco, el hijo de ambos.<\/p>\n\n\n\n<p>\u201cEl an\u00e1lisis de toda la prueba reunida en el caso permiti\u00f3 acreditar que el ex presidente Fern\u00e1ndez ejerci\u00f3 distintos tipos de violencia contra su pareja, pr\u00e1cticamente, desde el inicio de su relaci\u00f3n. De acuerdo a las definiciones de la ley 26.485 de Protecci\u00f3n Integral a la Mujer, se pudo detectar violencia psicol\u00f3gica, f\u00edsica y econ\u00f3mica\u201d, consign\u00f3 la fiscal\u00eda.<\/p>\n<div class=\"sharedaddy sd-sharing-enabled\"><div class=\"robots-nocontent sd-block sd-social sd-social-icon sd-sharing\"><h3 class=\"sd-title\">Comparte esto:<\/h3><div class=\"sd-content\"><ul><li class=\"share-twitter\"><a rel=\"nofollow noopener noreferrer\" data-shared=\"sharing-twitter-44175\" class=\"share-twitter sd-button share-icon no-text\" href=\"http:\/\/www.rtvnoticias.com.ar\/?p=44175&amp;share=twitter\" target=\"_blank\" title=\"Haz clic para compartir en Twitter\"><span><\/span><span class=\"sharing-screen-reader-text\">Haz clic para compartir en Twitter (Se abre en una ventana nueva)<\/span><\/a><\/li><li class=\"share-facebook\"><a rel=\"nofollow noopener noreferrer\" data-shared=\"sharing-facebook-44175\" class=\"share-facebook sd-button share-icon no-text\" href=\"http:\/\/www.rtvnoticias.com.ar\/?p=44175&amp;share=facebook\" target=\"_blank\" title=\"Haz clic para compartir en Facebook\"><span><\/span><span class=\"sharing-screen-reader-text\">Haz clic para compartir en Facebook (Se abre en una ventana nueva)<\/span><\/a><\/li><li class=\"share-jetpack-whatsapp\"><a rel=\"nofollow noopener noreferrer\" data-shared=\"\" class=\"share-jetpack-whatsapp sd-button share-icon no-text\" href=\"http:\/\/www.rtvnoticias.com.ar\/?p=44175&amp;share=jetpack-whatsapp\" target=\"_blank\" title=\"Haz clic para compartir en WhatsApp\"><span><\/span><span class=\"sharing-screen-reader-text\">Haz clic para compartir en WhatsApp (Se abre en una ventana nueva)<\/span><\/a><\/li><li class=\"share-telegram\"><a rel=\"nofollow noopener noreferrer\" data-shared=\"\" class=\"share-telegram sd-button share-icon no-text\" href=\"http:\/\/www.rtvnoticias.com.ar\/?p=44175&amp;share=telegram\" target=\"_blank\" title=\"Haz clic para compartir en Telegram\"><span><\/span><span class=\"sharing-screen-reader-text\">Haz clic para compartir en Telegram (Se abre en una ventana nueva)<\/span><\/a><\/li><li class=\"share-end\"><\/li><\/ul><\/div><\/div><\/div>","protected":false},"excerpt":{"rendered":"<p>El juez federal\u00a0Juli\u00e1n Ercolini\u00a0proces\u00f3 hoy al expresidente\u00a0Alberto Fern\u00e1ndez\u00a0por lesiones leves y graves contra la ex primera dama\u00a0Fabiola Y\u00e1\u00f1ez\u00a0y lo embarg\u00f3 por diez millones de pesos.<\/p>\n<div class=\"sharedaddy sd-sharing-enabled\"><div class=\"robots-nocontent sd-block sd-social sd-social-icon sd-sharing\"><h3 class=\"sd-title\">Comparte esto:<\/h3><div class=\"sd-content\"><ul><li class=\"share-twitter\"><a rel=\"nofollow noopener noreferrer\" data-shared=\"sharing-twitter-44175\" class=\"share-twitter sd-button share-icon no-text\" href=\"http:\/\/www.rtvnoticias.com.ar\/?p=44175&amp;share=twitter\" target=\"_blank\" title=\"Haz clic para compartir en Twitter\"><span><\/span><span class=\"sharing-screen-reader-text\">Haz clic para compartir en Twitter (Se abre en una ventana nueva)<\/span><\/a><\/li><li class=\"share-facebook\"><a rel=\"nofollow noopener noreferrer\" data-shared=\"sharing-facebook-44175\" class=\"share-facebook sd-button share-icon no-text\" href=\"http:\/\/www.rtvnoticias.com.ar\/?p=44175&amp;share=facebook\" target=\"_blank\" title=\"Haz clic para compartir en Facebook\"><span><\/span><span class=\"sharing-screen-reader-text\">Haz clic para compartir en Facebook (Se abre en una ventana nueva)<\/span><\/a><\/li><li class=\"share-jetpack-whatsapp\"><a rel=\"nofollow noopener noreferrer\" data-shared=\"\" class=\"share-jetpack-whatsapp sd-button share-icon no-text\" href=\"http:\/\/www.rtvnoticias.com.ar\/?p=44175&amp;share=jetpack-whatsapp\" target=\"_blank\" title=\"Haz clic para compartir en WhatsApp\"><span><\/span><span class=\"sharing-screen-reader-text\">Haz clic para compartir en WhatsApp (Se abre en una ventana nueva)<\/span><\/a><\/li><li class=\"share-telegram\"><a rel=\"nofollow noopener noreferrer\" data-shared=\"\" class=\"share-telegram sd-button share-icon no-text\" href=\"http:\/\/www.rtvnoticias.com.ar\/?p=44175&amp;share=telegram\" target=\"_blank\" title=\"Haz clic para compartir en Telegram\"><span><\/span><span class=\"sharing-screen-reader-text\">Haz clic para compartir en Telegram (Se abre en una ventana nueva)<\/span><\/a><\/li><li class=\"share-end\"><\/li><\/ul><\/div><\/div><\/div>","protected":false},"author":5,"featured_media":18803,"comment_status":"closed","ping_status":"closed","sticky":false,"template":"","format":"standard","meta":{"spay_email":"","jetpack_publicize_message":"","jetpack_is_tweetstorm":false,"jetpack_publicize_feature_enabled":true},"categories":[5],"tags":[5229],"jetpack_featured_media_url":"http:\/\/www.rtvnoticias.com.ar\/wp-content\/uploads\/2020\/03\/fernandez-legislatura.jpg","jetpack_publicize_connections":[],"jetpack_sharing_enabled":true,"_links":{"self":[{"href":"http:\/\/www.rtvnoticias.com.ar\/index.php?rest_route=\/wp\/v2\/posts\/44175"}],"collection":[{"href":"http:\/\/www.rtvnoticias.com.ar\/index.php?rest_route=\/wp\/v2\/posts"}],"about":[{"href":"http:\/\/www.rtvnoticias.com.ar\/index.php?rest_route=\/wp\/v2\/types\/post"}],"author":[{"embeddable":true,"href":"http:\/\/www.rtvnoticias.com.ar\/index.php?rest_route=\/wp\/v2\/users\/5"}],"replies":[{"embeddable":true,"href":"http:\/\/www.rtvnoticias.com.ar\/index.php?rest_route=%2Fwp%2Fv2%2Fcomments&post=44175"}],"version-history":[{"count":1,"href":"http:\/\/www.rtvnoticias.com.ar\/index.php?rest_route=\/wp\/v2\/posts\/44175\/revisions"}],"predecessor-version":[{"id":44176,"href":"http:\/\/www.rtvnoticias.com.ar\/index.php?rest_route=\/wp\/v2\/posts\/44175\/revisions\/44176"}],"wp:featuredmedia":[{"embeddable":true,"href":"http:\/\/www.rtvnoticias.com.ar\/index.php?rest_route=\/wp\/v2\/media\/18803"}],"wp:attachment":[{"href":"http:\/\/www.rtvnoticias.com.ar\/index.php?rest_route=%2Fwp%2Fv2%2Fmedia&parent=44175"}],"wp:term":[{"taxonomy":"category","embeddable":true,"href":"http:\/\/www.rtvnoticias.com.ar\/index.php?rest_route=%2Fwp%2Fv2%2Fcategories&post=44175"},{"taxonomy":"post_tag","embeddable":true,"href":"http:\/\/www.rtvnoticias.com.ar\/index.php?rest_route=%2Fwp%2Fv2%2Ftags&post=44175"}],"curies":[{"name":"wp","href":"https:\/\/api.w.org\/{rel}","templated":true}]}}