{"id":44180,"date":"2025-02-18T17:49:46","date_gmt":"2025-02-18T20:49:46","guid":{"rendered":"http:\/\/www.rtvnoticias.com.ar\/?p=44180"},"modified":"2025-02-18T17:49:52","modified_gmt":"2025-02-18T20:49:52","slug":"el-vaticano-confirmo-que-el-papa-francisco-padece-una-neumonia-bilateral","status":"publish","type":"post","link":"http:\/\/www.rtvnoticias.com.ar\/?p=44180","title":{"rendered":"El Vaticano confirm\u00f3 que el Papa Francisco padece una \u00abneumon\u00eda bilateral\u00bb"},"content":{"rendered":"\n<p>El papa Francisco atraviesa un delicado estado de salud tras ser diagnosticado con neumon\u00eda bilateral, seg\u00fan confirm\u00f3 este martes el Vaticano. Su cuadro sigue siendo \u00abcomplejo\u00bb y permanece internado en el hospital Gemelli de Roma desde el 14 de febrero.<\/p>\n\n\n\n<p>El pont\u00edfice, de 88 a\u00f1os, padece una infecci\u00f3n respiratoria desde hace m\u00e1s de una semana, lo que oblig\u00f3 a los m\u00e9dicos a intensificar los cuidados y evaluar su evoluci\u00f3n d\u00eda a d\u00eda.<\/p>\n\n\n\n<p>\u00abLa infecci\u00f3n polimicrobiana, surgida sobre un fondo de bronquiectasias y bronquitis asm\u00e1tica, y que ha requerido el uso de antibioterapia con cortisona, hace m\u00e1s complejo el tratamiento terap\u00e9utico\u00bb, indic\u00f3 el parte m\u00e9dico.<\/p>\n\n\n\n<p>En las \u00faltimas horas, el Sumo Pont\u00edfice presentaba un estado cl\u00ednico estable, pero como se prev\u00e9 que la internaci\u00f3n contin\u00faa ya se cancelaron sus compromisos programados para el pr\u00f3ximo fin de semana.<\/p>\n\n\n\n<p>En el quinto d\u00eda de hospitalizaci\u00f3n del pont\u00edfice, de 88 a\u00f1os, el Vaticano inform\u00f3 el Sumo Pont\u00edfice qued\u00f3 conmovido \u00abpor los numerosos mensajes de afecto y cercan\u00eda\u00bb que recibi\u00f3 en las \u00faltimas horas y no present\u00f3 fiebre.<\/p>\n\n\n\n<p>\u00abEl Santo Padre sigue sin fiebre y contin\u00faa con la terapia prescrita. Su estado cl\u00ednico es estable\u00bb, indica un comunicado de la Santa Sede.<\/p>\n\n\n\n<p>Adem\u00e1s, recibi\u00f3 la Eucarist\u00eda y ley\u00f3 diferentes textos, de acuerdo con las informaciones del sitio Vatican News.<\/p>\n\n\n\n<p>Con respecto a su estado de \u00e1nimo agradeci\u00f3 \u00aba los que se encuentran hospitalizados, por el afecto y el cari\u00f1o que le expresan a trav\u00e9s de dibujos y mensajes de buenos deseos\u00bb.<\/p>\n\n\n\n<p>\u00abReza por ellos y pide que recen por \u00e9l\u00bb, se\u00f1al\u00f3 un comunicado de prensa emitido en las \u00faltimas horas.<\/p>\n\n\n\n<p>El papa Francisco fue ingresado al Policl\u00ednico Agostino Gemelli de Roma el pasado 14 de febrero para realizar algunas pruebas m\u00e9dicas y continuar en ambiente hospitalario su tratamiento para la bronquitis.<\/p>\n\n\n\n<p>\u00abDebido al estado de salud del Santo Padre, la audiencia jubilar del s\u00e1bado 22 de febrero queda cancelada\u00bb y Francisco no podr\u00e1 presidir la misa del domingo, anunci\u00f3 la Santa Sede en un comunicado.<\/p>\n\n\n\n<p>El Vaticano anunci\u00f3 el lunes que el papa, ingresado desde el viernes, padec\u00eda una \u00abinfecci\u00f3n polimicrobiana de las v\u00edas respiratorias\u00bb y mostraba un \u00abcuadro cl\u00ednico complejo\u00bb, dando a entender que permanecer\u00eda hospitalizado hasta al menos el mi\u00e9rcoles, el d\u00eda de su audiencia general que ya fue cancelada.<\/p>\n\n\n\n<p>Los obispos invitan a rezar por la pronta recuperaci\u00f3n del Papa Francisco<\/p>\n\n\n\n<p>La Conferencia Episcopal Argentina hizo un llamado a todas las comunidades del pa\u00eds a unirse en oraci\u00f3n por la salud del Papa Francisco, quien se encuentra hospitalizado desde el viernes pasado en el Policl\u00ednico Agostino Gemelli de Roma.<\/p>\n\n\n\n<p>En su comunicado, los obispos invitan a los fieles a elevar sus oraciones al Se\u00f1or, pidiendo por la pronta recuperaci\u00f3n del pont\u00edfice, quien sigue recibiendo tratamiento m\u00e9dico.<\/p>\n<div class=\"sharedaddy sd-sharing-enabled\"><div class=\"robots-nocontent sd-block sd-social sd-social-icon sd-sharing\"><h3 class=\"sd-title\">Comparte esto:<\/h3><div class=\"sd-content\"><ul><li class=\"share-twitter\"><a rel=\"nofollow noopener noreferrer\" data-shared=\"sharing-twitter-44180\" class=\"share-twitter sd-button share-icon no-text\" href=\"http:\/\/www.rtvnoticias.com.ar\/?p=44180&amp;share=twitter\" target=\"_blank\" title=\"Haz clic para compartir en Twitter\"><span><\/span><span class=\"sharing-screen-reader-text\">Haz clic para compartir en Twitter (Se abre en una ventana nueva)<\/span><\/a><\/li><li class=\"share-facebook\"><a rel=\"nofollow noopener noreferrer\" data-shared=\"sharing-facebook-44180\" class=\"share-facebook sd-button share-icon no-text\" href=\"http:\/\/www.rtvnoticias.com.ar\/?p=44180&amp;share=facebook\" target=\"_blank\" title=\"Haz clic para compartir en Facebook\"><span><\/span><span class=\"sharing-screen-reader-text\">Haz clic para compartir en Facebook (Se abre en una ventana nueva)<\/span><\/a><\/li><li class=\"share-jetpack-whatsapp\"><a rel=\"nofollow noopener noreferrer\" data-shared=\"\" class=\"share-jetpack-whatsapp sd-button share-icon no-text\" href=\"http:\/\/www.rtvnoticias.com.ar\/?p=44180&amp;share=jetpack-whatsapp\" target=\"_blank\" title=\"Haz clic para compartir en WhatsApp\"><span><\/span><span class=\"sharing-screen-reader-text\">Haz clic para compartir en WhatsApp (Se abre en una ventana nueva)<\/span><\/a><\/li><li class=\"share-telegram\"><a rel=\"nofollow noopener noreferrer\" data-shared=\"\" class=\"share-telegram sd-button share-icon no-text\" href=\"http:\/\/www.rtvnoticias.com.ar\/?p=44180&amp;share=telegram\" target=\"_blank\" title=\"Haz clic para compartir en Telegram\"><span><\/span><span class=\"sharing-screen-reader-text\">Haz clic para compartir en Telegram (Se abre en una ventana nueva)<\/span><\/a><\/li><li class=\"share-end\"><\/li><\/ul><\/div><\/div><\/div>","protected":false},"excerpt":{"rendered":"<p>El papa Francisco atraviesa un delicado estado de salud tras ser diagnosticado con neumon\u00eda bilateral, seg\u00fan confirm\u00f3 este martes el Vaticano. Su cuadro sigue siendo<\/p>\n<div class=\"sharedaddy sd-sharing-enabled\"><div class=\"robots-nocontent sd-block sd-social sd-social-icon sd-sharing\"><h3 class=\"sd-title\">Comparte esto:<\/h3><div class=\"sd-content\"><ul><li class=\"share-twitter\"><a rel=\"nofollow noopener noreferrer\" data-shared=\"sharing-twitter-44180\" class=\"share-twitter sd-button share-icon no-text\" href=\"http:\/\/www.rtvnoticias.com.ar\/?p=44180&amp;share=twitter\" target=\"_blank\" title=\"Haz clic para compartir en Twitter\"><span><\/span><span class=\"sharing-screen-reader-text\">Haz clic para compartir en Twitter (Se abre en una ventana nueva)<\/span><\/a><\/li><li class=\"share-facebook\"><a rel=\"nofollow noopener noreferrer\" data-shared=\"sharing-facebook-44180\" class=\"share-facebook sd-button share-icon no-text\" href=\"http:\/\/www.rtvnoticias.com.ar\/?p=44180&amp;share=facebook\" target=\"_blank\" title=\"Haz clic para compartir en Facebook\"><span><\/span><span class=\"sharing-screen-reader-text\">Haz clic para compartir en Facebook (Se abre en una ventana nueva)<\/span><\/a><\/li><li class=\"share-jetpack-whatsapp\"><a rel=\"nofollow noopener noreferrer\" data-shared=\"\" class=\"share-jetpack-whatsapp sd-button share-icon no-text\" href=\"http:\/\/www.rtvnoticias.com.ar\/?p=44180&amp;share=jetpack-whatsapp\" target=\"_blank\" title=\"Haz clic para compartir en WhatsApp\"><span><\/span><span class=\"sharing-screen-reader-text\">Haz clic para compartir en WhatsApp (Se abre en una ventana nueva)<\/span><\/a><\/li><li class=\"share-telegram\"><a rel=\"nofollow noopener noreferrer\" data-shared=\"\" class=\"share-telegram sd-button share-icon no-text\" href=\"http:\/\/www.rtvnoticias.com.ar\/?p=44180&amp;share=telegram\" target=\"_blank\" title=\"Haz clic para compartir en Telegram\"><span><\/span><span class=\"sharing-screen-reader-text\">Haz clic para compartir en Telegram (Se abre en una ventana nueva)<\/span><\/a><\/li><li class=\"share-end\"><\/li><\/ul><\/div><\/div><\/div>","protected":false},"author":7,"featured_media":44181,"comment_status":"closed","ping_status":"closed","sticky":false,"template":"","format":"standard","meta":{"spay_email":"","jetpack_publicize_message":"","jetpack_is_tweetstorm":false,"jetpack_publicize_feature_enabled":true},"categories":[1],"tags":[],"jetpack_featured_media_url":"http:\/\/www.rtvnoticias.com.ar\/wp-content\/uploads\/2025\/02\/ARCHI_1056376.jpg","jetpack_publicize_connections":[],"jetpack_sharing_enabled":true,"_links":{"self":[{"href":"http:\/\/www.rtvnoticias.com.ar\/index.php?rest_route=\/wp\/v2\/posts\/44180"}],"collection":[{"href":"http:\/\/www.rtvnoticias.com.ar\/index.php?rest_route=\/wp\/v2\/posts"}],"about":[{"href":"http:\/\/www.rtvnoticias.com.ar\/index.php?rest_route=\/wp\/v2\/types\/post"}],"author":[{"embeddable":true,"href":"http:\/\/www.rtvnoticias.com.ar\/index.php?rest_route=\/wp\/v2\/users\/7"}],"replies":[{"embeddable":true,"href":"http:\/\/www.rtvnoticias.com.ar\/index.php?rest_route=%2Fwp%2Fv2%2Fcomments&post=44180"}],"version-history":[{"count":1,"href":"http:\/\/www.rtvnoticias.com.ar\/index.php?rest_route=\/wp\/v2\/posts\/44180\/revisions"}],"predecessor-version":[{"id":44182,"href":"http:\/\/www.rtvnoticias.com.ar\/index.php?rest_route=\/wp\/v2\/posts\/44180\/revisions\/44182"}],"wp:featuredmedia":[{"embeddable":true,"href":"http:\/\/www.rtvnoticias.com.ar\/index.php?rest_route=\/wp\/v2\/media\/44181"}],"wp:attachment":[{"href":"http:\/\/www.rtvnoticias.com.ar\/index.php?rest_route=%2Fwp%2Fv2%2Fmedia&parent=44180"}],"wp:term":[{"taxonomy":"category","embeddable":true,"href":"http:\/\/www.rtvnoticias.com.ar\/index.php?rest_route=%2Fwp%2Fv2%2Fcategories&post=44180"},{"taxonomy":"post_tag","embeddable":true,"href":"http:\/\/www.rtvnoticias.com.ar\/index.php?rest_route=%2Fwp%2Fv2%2Ftags&post=44180"}],"curies":[{"name":"wp","href":"https:\/\/api.w.org\/{rel}","templated":true}]}}