{"id":44195,"date":"2025-02-19T09:07:24","date_gmt":"2025-02-19T12:07:24","guid":{"rendered":"http:\/\/www.rtvnoticias.com.ar\/?p=44195"},"modified":"2025-02-19T09:07:27","modified_gmt":"2025-02-19T12:07:27","slug":"en-medio-del-criptogate-milei-viaja-a-estados-unidos","status":"publish","type":"post","link":"http:\/\/www.rtvnoticias.com.ar\/?p=44195","title":{"rendered":"En medio del \u00abCriptogate\u00bb Milei viaja a Estados Unidos"},"content":{"rendered":"\n<p>El presidente Javier Milei viajar\u00e1 en la madrugada del jueves rumbo a los Estados Unidos, donde participar\u00e1 de una nueva cumbre de la CPAC. Hasta el momento no est\u00e1 previsto que mantenga una reuni\u00f3n con Donald Trump, en medio del esc\u00e1ndalo cripto que compromete al gobierno de La Libertad Avanza.<\/p>\n\n\n\n<p>El vocero presidencial, Manuel Adorni, anunci\u00f3 que Milei se reunir\u00e1 el jueves con el empresario y titular del Departamento para la Eficiencia Gubernamental de Estados Unidos, Elon Musk. Luego, se encontrar\u00e1 con la directora gerente del Fondo Monetario Internacional (FMI), Kristalina Georgieva.<\/p>\n\n\n\n<p>En una conferencia de prensa en la Casa Rosada, Adorni confirm\u00f3 la agenda de Milei en Estados Unidos: \u00abEl Presidente partir\u00e1 con la comitiva en un vuelo especial rumbo a Washington DC el jueves a las 0:10 y llegar\u00e1 a las 10:10. A las 17:15 va a tener una reuni\u00f3n con el empresario estadounidense y flamante administrador del Departamento de Eficiencia de la Casa Blanca, Elon Musk\u00bb.<\/p>\n\n\n\n<p>\u00abA las 19 va a ir a la sede del Fondo Monetario Internacional y se va a encontrar con la directora general del organismo, Kristalina Georgieva. El viernes a las 13 brindar\u00e1 un discurso titulado &#8216;el modelo econ\u00f3mico argentino&#8217; en el Banco Interamericano de Desarrollo\u00bb, a\u00f1adi\u00f3 en esta l\u00ednea. La reuni\u00f3n con la titular del FMI se llevar\u00e1 a cabo mientras el Gobierno busca destrabar el acuerdo con ese organismo.<\/p>\n\n\n\n<p>En tanto, Adorni tambi\u00e9n confirm\u00f3 que Milei se reunir\u00e1 el viernes a las 15 con el presidente del Banco Mundial, Ajay Benga. En este marco, adem\u00e1s se\u00f1al\u00f3 que \u00abel s\u00e1bado a las 13 va a dar un discurso en la Conferencia de Acci\u00f3n Conservadora, donde tambi\u00e9n participar\u00e1 el mismo d\u00eda el presidente de Estados Unidos, Donald Trump\u00bb.<\/p>\n\n\n\n<p>\u00abEsa misma noche, a las 22, parte el vuelo que traer\u00e1 al Presidente de la Naci\u00f3n de nuevo a la Argentina y arribar\u00e1 a la Argentina en Aeroparque Jorge Newbery a las 8:20 del domingo\u00bb<\/p>\n<div class=\"sharedaddy sd-sharing-enabled\"><div class=\"robots-nocontent sd-block sd-social sd-social-icon sd-sharing\"><h3 class=\"sd-title\">Comparte esto:<\/h3><div class=\"sd-content\"><ul><li class=\"share-twitter\"><a rel=\"nofollow noopener noreferrer\" data-shared=\"sharing-twitter-44195\" class=\"share-twitter sd-button share-icon no-text\" href=\"http:\/\/www.rtvnoticias.com.ar\/?p=44195&amp;share=twitter\" target=\"_blank\" title=\"Haz clic para compartir en Twitter\"><span><\/span><span class=\"sharing-screen-reader-text\">Haz clic para compartir en Twitter (Se abre en una ventana nueva)<\/span><\/a><\/li><li class=\"share-facebook\"><a rel=\"nofollow noopener noreferrer\" data-shared=\"sharing-facebook-44195\" class=\"share-facebook sd-button share-icon no-text\" href=\"http:\/\/www.rtvnoticias.com.ar\/?p=44195&amp;share=facebook\" target=\"_blank\" title=\"Haz clic para compartir en Facebook\"><span><\/span><span class=\"sharing-screen-reader-text\">Haz clic para compartir en Facebook (Se abre en una ventana nueva)<\/span><\/a><\/li><li class=\"share-jetpack-whatsapp\"><a rel=\"nofollow noopener noreferrer\" data-shared=\"\" class=\"share-jetpack-whatsapp sd-button share-icon no-text\" href=\"http:\/\/www.rtvnoticias.com.ar\/?p=44195&amp;share=jetpack-whatsapp\" target=\"_blank\" title=\"Haz clic para compartir en WhatsApp\"><span><\/span><span class=\"sharing-screen-reader-text\">Haz clic para compartir en WhatsApp (Se abre en una ventana nueva)<\/span><\/a><\/li><li class=\"share-telegram\"><a rel=\"nofollow noopener noreferrer\" data-shared=\"\" class=\"share-telegram sd-button share-icon no-text\" href=\"http:\/\/www.rtvnoticias.com.ar\/?p=44195&amp;share=telegram\" target=\"_blank\" title=\"Haz clic para compartir en Telegram\"><span><\/span><span class=\"sharing-screen-reader-text\">Haz clic para compartir en Telegram (Se abre en una ventana nueva)<\/span><\/a><\/li><li class=\"share-end\"><\/li><\/ul><\/div><\/div><\/div>","protected":false},"excerpt":{"rendered":"<p>El presidente Javier Milei viajar\u00e1 en la madrugada del jueves rumbo a los Estados Unidos, donde participar\u00e1 de una nueva cumbre de la CPAC. Hasta<\/p>\n<div class=\"sharedaddy sd-sharing-enabled\"><div class=\"robots-nocontent sd-block sd-social sd-social-icon sd-sharing\"><h3 class=\"sd-title\">Comparte esto:<\/h3><div class=\"sd-content\"><ul><li class=\"share-twitter\"><a rel=\"nofollow noopener noreferrer\" data-shared=\"sharing-twitter-44195\" class=\"share-twitter sd-button share-icon no-text\" href=\"http:\/\/www.rtvnoticias.com.ar\/?p=44195&amp;share=twitter\" target=\"_blank\" title=\"Haz clic para compartir en Twitter\"><span><\/span><span class=\"sharing-screen-reader-text\">Haz clic para compartir en Twitter (Se abre en una ventana nueva)<\/span><\/a><\/li><li class=\"share-facebook\"><a rel=\"nofollow noopener noreferrer\" data-shared=\"sharing-facebook-44195\" class=\"share-facebook sd-button share-icon no-text\" href=\"http:\/\/www.rtvnoticias.com.ar\/?p=44195&amp;share=facebook\" target=\"_blank\" title=\"Haz clic para compartir en Facebook\"><span><\/span><span class=\"sharing-screen-reader-text\">Haz clic para compartir en Facebook (Se abre en una ventana nueva)<\/span><\/a><\/li><li class=\"share-jetpack-whatsapp\"><a rel=\"nofollow noopener noreferrer\" data-shared=\"\" class=\"share-jetpack-whatsapp sd-button share-icon no-text\" href=\"http:\/\/www.rtvnoticias.com.ar\/?p=44195&amp;share=jetpack-whatsapp\" target=\"_blank\" title=\"Haz clic para compartir en WhatsApp\"><span><\/span><span class=\"sharing-screen-reader-text\">Haz clic para compartir en WhatsApp (Se abre en una ventana nueva)<\/span><\/a><\/li><li class=\"share-telegram\"><a rel=\"nofollow noopener noreferrer\" data-shared=\"\" class=\"share-telegram sd-button share-icon no-text\" href=\"http:\/\/www.rtvnoticias.com.ar\/?p=44195&amp;share=telegram\" target=\"_blank\" title=\"Haz clic para compartir en Telegram\"><span><\/span><span class=\"sharing-screen-reader-text\">Haz clic para compartir en Telegram (Se abre en una ventana nueva)<\/span><\/a><\/li><li class=\"share-end\"><\/li><\/ul><\/div><\/div><\/div>","protected":false},"author":7,"featured_media":44197,"comment_status":"closed","ping_status":"closed","sticky":false,"template":"","format":"standard","meta":{"spay_email":"","jetpack_publicize_message":"","jetpack_is_tweetstorm":false,"jetpack_publicize_feature_enabled":true},"categories":[5],"tags":[],"jetpack_featured_media_url":"http:\/\/www.rtvnoticias.com.ar\/wp-content\/uploads\/2025\/02\/javier-milei-alianza-1.jpg","jetpack_publicize_connections":[],"jetpack_sharing_enabled":true,"_links":{"self":[{"href":"http:\/\/www.rtvnoticias.com.ar\/index.php?rest_route=\/wp\/v2\/posts\/44195"}],"collection":[{"href":"http:\/\/www.rtvnoticias.com.ar\/index.php?rest_route=\/wp\/v2\/posts"}],"about":[{"href":"http:\/\/www.rtvnoticias.com.ar\/index.php?rest_route=\/wp\/v2\/types\/post"}],"author":[{"embeddable":true,"href":"http:\/\/www.rtvnoticias.com.ar\/index.php?rest_route=\/wp\/v2\/users\/7"}],"replies":[{"embeddable":true,"href":"http:\/\/www.rtvnoticias.com.ar\/index.php?rest_route=%2Fwp%2Fv2%2Fcomments&post=44195"}],"version-history":[{"count":1,"href":"http:\/\/www.rtvnoticias.com.ar\/index.php?rest_route=\/wp\/v2\/posts\/44195\/revisions"}],"predecessor-version":[{"id":44198,"href":"http:\/\/www.rtvnoticias.com.ar\/index.php?rest_route=\/wp\/v2\/posts\/44195\/revisions\/44198"}],"wp:featuredmedia":[{"embeddable":true,"href":"http:\/\/www.rtvnoticias.com.ar\/index.php?rest_route=\/wp\/v2\/media\/44197"}],"wp:attachment":[{"href":"http:\/\/www.rtvnoticias.com.ar\/index.php?rest_route=%2Fwp%2Fv2%2Fmedia&parent=44195"}],"wp:term":[{"taxonomy":"category","embeddable":true,"href":"http:\/\/www.rtvnoticias.com.ar\/index.php?rest_route=%2Fwp%2Fv2%2Fcategories&post=44195"},{"taxonomy":"post_tag","embeddable":true,"href":"http:\/\/www.rtvnoticias.com.ar\/index.php?rest_route=%2Fwp%2Fv2%2Ftags&post=44195"}],"curies":[{"name":"wp","href":"https:\/\/api.w.org\/{rel}","templated":true}]}}