{"id":44202,"date":"2025-02-19T12:25:00","date_gmt":"2025-02-19T15:25:00","guid":{"rendered":"http:\/\/www.rtvnoticias.com.ar\/?p=44202"},"modified":"2025-02-19T12:25:46","modified_gmt":"2025-02-19T15:25:46","slug":"ahora-la-vtv-caduca-cada-cinco-anos-se-puede-realizar-en-talleres-privados-y-concesionarias-habilitadas","status":"publish","type":"post","link":"http:\/\/www.rtvnoticias.com.ar\/?p=44202","title":{"rendered":"Ahora la VTV caduca cada cinco a\u00f1os. Se puede realizar en talleres privados y concesionarias habilitadas"},"content":{"rendered":"\n<p>La\u00a0Verificaci\u00f3n T\u00e9cnica Vehicular (VTV)\u00a0es un control necesario que hay que hacerle a los\u00a0veh\u00edculos\u00a0para saber si est\u00e1n en condiciones de poder\u00a0circular\u00a0o si hay que ingresarlos al taller para corregir anomal\u00edas o arreglar partes que den la seguridad para circular por calles,\u00a0rutas y autopistas del pa\u00eds.<\/p>\n\n\n\n<p>Justamente,\u00a0un punto importante y un reclamo permanente del usuario es que las cintas asf\u00e1lticas en todas sus variantes est\u00e9n en condiciones para poder circular\u00a0por ellas, lo cual, mejorar el andar vehicular y protege de roturas y accidentes a los automovilistas. Sobre este punto, el gobierno ya lanz\u00f3 la privatizaci\u00f3n de unos\u00a06.000 kil\u00f3metros\u00a0de rutas y autopistas.<\/p>\n\n\n\n<p>A trav\u00e9s de su vocero, en las \u00faltimas 24 horas,\u00a0el\u00a0gobierno\u00a0anunci\u00f3 los cambios introducidos en la VTV.\u00a0Mayor cantidad de a\u00f1os de vigencia\u00a0y permiso para\u00a0realizar controles en taller privados autorizados, son los puntos m\u00e1s destacados.<\/p>\n\n\n\n<p>A partir de tal comunicaci\u00f3n,\u00a0los\u00a0veh\u00edculos 0 km reci\u00e9n tendr\u00e1n la obligaci\u00f3n de realizar la\u00a0VTV\u00a0a partir de los cinco a\u00f1os cumplidos desde el momento de su\u00a0patentamiento.<\/p>\n\n\n\n<h5 class=\"wp-block-heading\"><strong>Cambios en tiempos y espacios de verificaci\u00f3n&nbsp;<\/strong><\/h5>\n\n\n\n<p><strong>Tiempos<\/strong><\/p>\n\n\n\n<ul><li>Ampliaci\u00f3n de plazos para someter al veh\u00edculo al control.<\/li><li>Los autos 0 km tendr\u00e1n que hacerlo en cinco y no tres como era antes para los particulares y, en el caso de los profesionales se llev\u00f3 a 24 meses.&nbsp;<\/li><li>En el caso de los veh\u00edculos particulares mayores a los 10 a\u00f1os de antig\u00fcedad, deber\u00e1n recibir la VTV tambi\u00e9n cada dos a\u00f1os<\/li><\/ul>\n\n\n\n<p><strong>Lugares&nbsp;<\/strong><\/p>\n\n\n\n<ul><li>El segundo cambio tiene que ver con el lugar de la verificaci\u00f3n que, desde ahora, se podr\u00e1 hacer en talleres privados y concesionarias habilitadas y, en cualquier distrito del pa\u00eds.&nbsp;<\/li><\/ul>\n\n\n\n<h5 class=\"wp-block-heading\"><strong>\u00bfQu\u00e9 otra medida tom\u00f3 el gobierno en el rubro?<\/strong><\/h5>\n\n\n\n<p>Entre los cambios en la VTV,\u00a0tambi\u00e9n se anunci\u00f3 la eliminaci\u00f3n de la Licencia Nacional de Transporte Interjurisdiccional (LiNTI), documento que habilitaba el\u00a0transporte\u00a0de cargas o pasajeros entre jurisdicciones del pa\u00eds, con el objetivo de facilitar el tr\u00e1mite de las licencias de conducir.<\/p>\n\n\n\n<h5 class=\"wp-block-heading\">As\u00ed qued\u00f3 el nuevo r\u00e9gimen temporal para hacer la VTV<\/h5>\n\n\n\n<ul><li>Los autos particulares 0KM. tendr\u00e1n que realizar la VTV reci\u00e9n a los 5 a\u00f1os desde que se patenta.<\/li><li>En el caso de los veh\u00edculos comerciales, la primera VTV tiene que hacerse a los 2 a\u00f1os desde el patentamiento.<\/li><li>Mientras que los autos de entre 5 y 10 a\u00f1os de antig\u00fcedad, los particulares tienen que hacer la VTV cada 5 a\u00f1os. Y dos para los comerciales.<\/li><li>Ahora, aquellos autos de m\u00e1s de 10 a\u00f1os de utilidad tendr\u00e1n que hacerse cada dos a\u00f1os en los particulares.<\/li><\/ul>\n\n\n\n<h5 class=\"wp-block-heading\">\u00bfCu\u00e1les son los objetivos de la medida?<\/h5>\n\n\n\n<ul><li>Optimizar tr\u00e1mites de la VTV.<\/li><li>Mejorar la seguridad vial.<\/li><li>Unificar y extender los plazos, beneficiando a los propietarios con veh\u00edculos m\u00e1s nuevos.<\/li><\/ul>\n\n\n\n<p>Los cambios aplican a veh\u00edculos patentados a partir de este\u00a0a\u00f1o 2025, mientras que, para aquellos autos patentados antes de esta fecha, las normativas anteriores siguen vigentes.\u00a0<\/p>\n<div class=\"sharedaddy sd-sharing-enabled\"><div class=\"robots-nocontent sd-block sd-social sd-social-icon sd-sharing\"><h3 class=\"sd-title\">Comparte esto:<\/h3><div class=\"sd-content\"><ul><li class=\"share-twitter\"><a rel=\"nofollow noopener noreferrer\" data-shared=\"sharing-twitter-44202\" class=\"share-twitter sd-button share-icon no-text\" href=\"http:\/\/www.rtvnoticias.com.ar\/?p=44202&amp;share=twitter\" target=\"_blank\" title=\"Haz clic para compartir en Twitter\"><span><\/span><span class=\"sharing-screen-reader-text\">Haz clic para compartir en Twitter (Se abre en una ventana nueva)<\/span><\/a><\/li><li class=\"share-facebook\"><a rel=\"nofollow noopener noreferrer\" data-shared=\"sharing-facebook-44202\" class=\"share-facebook sd-button share-icon no-text\" href=\"http:\/\/www.rtvnoticias.com.ar\/?p=44202&amp;share=facebook\" target=\"_blank\" title=\"Haz clic para compartir en Facebook\"><span><\/span><span class=\"sharing-screen-reader-text\">Haz clic para compartir en Facebook (Se abre en una ventana nueva)<\/span><\/a><\/li><li class=\"share-jetpack-whatsapp\"><a rel=\"nofollow noopener noreferrer\" data-shared=\"\" class=\"share-jetpack-whatsapp sd-button share-icon no-text\" href=\"http:\/\/www.rtvnoticias.com.ar\/?p=44202&amp;share=jetpack-whatsapp\" target=\"_blank\" title=\"Haz clic para compartir en WhatsApp\"><span><\/span><span class=\"sharing-screen-reader-text\">Haz clic para compartir en WhatsApp (Se abre en una ventana nueva)<\/span><\/a><\/li><li class=\"share-telegram\"><a rel=\"nofollow noopener noreferrer\" data-shared=\"\" class=\"share-telegram sd-button share-icon no-text\" href=\"http:\/\/www.rtvnoticias.com.ar\/?p=44202&amp;share=telegram\" target=\"_blank\" title=\"Haz clic para compartir en Telegram\"><span><\/span><span class=\"sharing-screen-reader-text\">Haz clic para compartir en Telegram (Se abre en una ventana nueva)<\/span><\/a><\/li><li class=\"share-end\"><\/li><\/ul><\/div><\/div><\/div>","protected":false},"excerpt":{"rendered":"<p>La\u00a0Verificaci\u00f3n T\u00e9cnica Vehicular (VTV)\u00a0es un control necesario que hay que hacerle a los\u00a0veh\u00edculos\u00a0para saber si est\u00e1n en condiciones de poder\u00a0circular\u00a0o si hay que ingresarlos al<\/p>\n<div class=\"sharedaddy sd-sharing-enabled\"><div class=\"robots-nocontent sd-block sd-social sd-social-icon sd-sharing\"><h3 class=\"sd-title\">Comparte esto:<\/h3><div class=\"sd-content\"><ul><li class=\"share-twitter\"><a rel=\"nofollow noopener noreferrer\" data-shared=\"sharing-twitter-44202\" class=\"share-twitter sd-button share-icon no-text\" href=\"http:\/\/www.rtvnoticias.com.ar\/?p=44202&amp;share=twitter\" target=\"_blank\" title=\"Haz clic para compartir en Twitter\"><span><\/span><span class=\"sharing-screen-reader-text\">Haz clic para compartir en Twitter (Se abre en una ventana nueva)<\/span><\/a><\/li><li class=\"share-facebook\"><a rel=\"nofollow noopener noreferrer\" data-shared=\"sharing-facebook-44202\" class=\"share-facebook sd-button share-icon no-text\" href=\"http:\/\/www.rtvnoticias.com.ar\/?p=44202&amp;share=facebook\" target=\"_blank\" title=\"Haz clic para compartir en Facebook\"><span><\/span><span class=\"sharing-screen-reader-text\">Haz clic para compartir en Facebook (Se abre en una ventana nueva)<\/span><\/a><\/li><li class=\"share-jetpack-whatsapp\"><a rel=\"nofollow noopener noreferrer\" data-shared=\"\" class=\"share-jetpack-whatsapp sd-button share-icon no-text\" href=\"http:\/\/www.rtvnoticias.com.ar\/?p=44202&amp;share=jetpack-whatsapp\" target=\"_blank\" title=\"Haz clic para compartir en WhatsApp\"><span><\/span><span class=\"sharing-screen-reader-text\">Haz clic para compartir en WhatsApp (Se abre en una ventana nueva)<\/span><\/a><\/li><li class=\"share-telegram\"><a rel=\"nofollow noopener noreferrer\" data-shared=\"\" class=\"share-telegram sd-button share-icon no-text\" href=\"http:\/\/www.rtvnoticias.com.ar\/?p=44202&amp;share=telegram\" target=\"_blank\" title=\"Haz clic para compartir en Telegram\"><span><\/span><span class=\"sharing-screen-reader-text\">Haz clic para compartir en Telegram (Se abre en una ventana nueva)<\/span><\/a><\/li><li class=\"share-end\"><\/li><\/ul><\/div><\/div><\/div>","protected":false},"author":5,"featured_media":44203,"comment_status":"closed","ping_status":"closed","sticky":false,"template":"","format":"standard","meta":{"spay_email":"","jetpack_publicize_message":"","jetpack_is_tweetstorm":false,"jetpack_publicize_feature_enabled":true},"categories":[5],"tags":[5234],"jetpack_featured_media_url":"http:\/\/www.rtvnoticias.com.ar\/wp-content\/uploads\/2025\/02\/vtv.jpg","jetpack_publicize_connections":[],"jetpack_sharing_enabled":true,"_links":{"self":[{"href":"http:\/\/www.rtvnoticias.com.ar\/index.php?rest_route=\/wp\/v2\/posts\/44202"}],"collection":[{"href":"http:\/\/www.rtvnoticias.com.ar\/index.php?rest_route=\/wp\/v2\/posts"}],"about":[{"href":"http:\/\/www.rtvnoticias.com.ar\/index.php?rest_route=\/wp\/v2\/types\/post"}],"author":[{"embeddable":true,"href":"http:\/\/www.rtvnoticias.com.ar\/index.php?rest_route=\/wp\/v2\/users\/5"}],"replies":[{"embeddable":true,"href":"http:\/\/www.rtvnoticias.com.ar\/index.php?rest_route=%2Fwp%2Fv2%2Fcomments&post=44202"}],"version-history":[{"count":2,"href":"http:\/\/www.rtvnoticias.com.ar\/index.php?rest_route=\/wp\/v2\/posts\/44202\/revisions"}],"predecessor-version":[{"id":44205,"href":"http:\/\/www.rtvnoticias.com.ar\/index.php?rest_route=\/wp\/v2\/posts\/44202\/revisions\/44205"}],"wp:featuredmedia":[{"embeddable":true,"href":"http:\/\/www.rtvnoticias.com.ar\/index.php?rest_route=\/wp\/v2\/media\/44203"}],"wp:attachment":[{"href":"http:\/\/www.rtvnoticias.com.ar\/index.php?rest_route=%2Fwp%2Fv2%2Fmedia&parent=44202"}],"wp:term":[{"taxonomy":"category","embeddable":true,"href":"http:\/\/www.rtvnoticias.com.ar\/index.php?rest_route=%2Fwp%2Fv2%2Fcategories&post=44202"},{"taxonomy":"post_tag","embeddable":true,"href":"http:\/\/www.rtvnoticias.com.ar\/index.php?rest_route=%2Fwp%2Fv2%2Ftags&post=44202"}],"curies":[{"name":"wp","href":"https:\/\/api.w.org\/{rel}","templated":true}]}}