{"id":44218,"date":"2025-02-20T11:26:43","date_gmt":"2025-02-20T14:26:43","guid":{"rendered":"http:\/\/www.rtvnoticias.com.ar\/?p=44218"},"modified":"2025-02-20T11:50:40","modified_gmt":"2025-02-20T14:50:40","slug":"un-muerto-y-varios-heridos-en-picada-fatal-seis-personas-detenidos","status":"publish","type":"post","link":"http:\/\/www.rtvnoticias.com.ar\/?p=44218","title":{"rendered":"Un muerto y varios heridos en picada fatal. Seis personas detenidas"},"content":{"rendered":"\n<p>Un joven de 19 a\u00f1os muri\u00f3 este jueves por la madrugada en un choque m\u00faltiple ocurrido en cercan\u00edas del Aeropuerto Internacional Ambrosio Taravella de\u00a0C\u00f3rdoba, donde varios auto, tres por lo menos,  y dos motos corr\u00edan una picada.<\/p>\n\n\n\n<p>Seis detenidos en la investigaci\u00f3n por la picada fatal en la avenida La Voz del Interior. La Fiscal\u00eda a cargo de Patricia Garc\u00eda Ram\u00edrez confirm\u00f3 que los arrestados son los conductores de los veh\u00edculos involucrados en el incidente.<\/p>\n\n\n\n<p>Los detenidos enfrentan acusaciones por homicidio culposo agravado, lesiones culposas agravadas y participaci\u00f3n ilegal en prueba de velocidad. La fiscal Garc\u00eda Ram\u00edrez destac\u00f3 la gravedad de los delitos y la necesidad de una respuesta contundente ante este tipo de conductas irresponsables.<\/p>\n\n\n\n<p>Adem\u00e1s, la fiscal solicit\u00f3 la colaboraci\u00f3n de la Fiscal\u00eda Antidroga, dado que se logr\u00f3 el secuestro de estupefacientes durante la investigaci\u00f3n. Este aspecto agrega una nueva dimensi\u00f3n al caso, subrayando la complejidad de la situaci\u00f3n.<\/p>\n\n\n\n<p>El impactante accidente ocurri\u00f3 en la madrugada en la Av. La Voz del Interior N\u00b0 8500, en cercan\u00edas del Aeropuerto C\u00f3rdoba, involucrando a varios veh\u00edculos y dejando un saldo de un fallecido y cinco heridos.<\/p>\n\n\n\n<p>Uno de los autom\u00f3viles implicados fue un Chevrolet Corsa gris, conducido por Fabio Albarrac\u00edn de 24 a\u00f1os, quien afortunadamente result\u00f3 ileso. Otro de los veh\u00edculos involucrados fue un Chevrolet Cruze gris, manejado por Facundo Carlos Veinzaga, de 23 a\u00f1os, quien viajaba con Leonardo Godoy, de 19 a\u00f1os, y Bianca Godoy, de 15. Ambos pasajeros fueron atendidos por el servicio de emergencias Ecco, y Bianca tuvo que ser trasladada al Hospital Elpidio Torres con politraumatismos.<\/p>\n\n\n\n<p>Otro de los veh\u00edculos accidentados fue una VW Saveiro blanca, conducido por Maximiliano P\u00e9rez, de 18, quien estaba acompa\u00f1ado por Virginia Orellana, de 20. Esta \u00faltima sufri\u00f3 una posible fractura de h\u00famero derecho y fue trasladada al Hospital Elpidio Torres para su atenci\u00f3n.<\/p>\n\n\n\n<p>En el tr\u00e1gico siniestro tambi\u00e9n se vio involucrado un Chevrolet Corsa rojo, conducido por Facundo Fabi\u00e1n Donat, de 19, quien lamentablemente perdi\u00f3 la vida en el lugar.<\/p>\n\n\n\n<figure class=\"wp-block-image\"><img decoding=\"async\" src=\"https:\/\/www.cadena3.com\/admin\/playerswf\/fotos\/ARCHI_1342119.jpg\" alt=\"\"\/><\/figure>\n\n\n\n<p>Adem\u00e1s, participaron dos motos en el accidente. La primera, una Honda Biz 125 cc conducida por Enzo Pfister, de 25 a\u00f1os, quien viajaba con Samira Pino, de 20. Ambos fueron trasladados al Hospital de Urgencias con diagn\u00f3sticos de traumatismo lumbosacro y trauma de cr\u00e1neo, respectivamente. La segunda moto, una Honda Wave negra era manejada por Mat\u00edas Albarrac\u00edn de 20, quien no sufri\u00f3 lesiones.<\/p>\n<div class=\"sharedaddy sd-sharing-enabled\"><div class=\"robots-nocontent sd-block sd-social sd-social-icon sd-sharing\"><h3 class=\"sd-title\">Comparte esto:<\/h3><div class=\"sd-content\"><ul><li class=\"share-twitter\"><a rel=\"nofollow noopener noreferrer\" data-shared=\"sharing-twitter-44218\" class=\"share-twitter sd-button share-icon no-text\" href=\"http:\/\/www.rtvnoticias.com.ar\/?p=44218&amp;share=twitter\" target=\"_blank\" title=\"Haz clic para compartir en Twitter\"><span><\/span><span class=\"sharing-screen-reader-text\">Haz clic para compartir en Twitter (Se abre en una ventana nueva)<\/span><\/a><\/li><li class=\"share-facebook\"><a rel=\"nofollow noopener noreferrer\" data-shared=\"sharing-facebook-44218\" class=\"share-facebook sd-button share-icon no-text\" href=\"http:\/\/www.rtvnoticias.com.ar\/?p=44218&amp;share=facebook\" target=\"_blank\" title=\"Haz clic para compartir en Facebook\"><span><\/span><span class=\"sharing-screen-reader-text\">Haz clic para compartir en Facebook (Se abre en una ventana nueva)<\/span><\/a><\/li><li class=\"share-jetpack-whatsapp\"><a rel=\"nofollow noopener noreferrer\" data-shared=\"\" class=\"share-jetpack-whatsapp sd-button share-icon no-text\" href=\"http:\/\/www.rtvnoticias.com.ar\/?p=44218&amp;share=jetpack-whatsapp\" target=\"_blank\" title=\"Haz clic para compartir en WhatsApp\"><span><\/span><span class=\"sharing-screen-reader-text\">Haz clic para compartir en WhatsApp (Se abre en una ventana nueva)<\/span><\/a><\/li><li class=\"share-telegram\"><a rel=\"nofollow noopener noreferrer\" data-shared=\"\" class=\"share-telegram sd-button share-icon no-text\" href=\"http:\/\/www.rtvnoticias.com.ar\/?p=44218&amp;share=telegram\" target=\"_blank\" title=\"Haz clic para compartir en Telegram\"><span><\/span><span class=\"sharing-screen-reader-text\">Haz clic para compartir en Telegram (Se abre en una ventana nueva)<\/span><\/a><\/li><li class=\"share-end\"><\/li><\/ul><\/div><\/div><\/div>","protected":false},"excerpt":{"rendered":"<p>Un joven de 19 a\u00f1os muri\u00f3 este jueves por la madrugada en un choque m\u00faltiple ocurrido en cercan\u00edas del Aeropuerto Internacional Ambrosio Taravella de\u00a0C\u00f3rdoba, donde<\/p>\n<div class=\"sharedaddy sd-sharing-enabled\"><div class=\"robots-nocontent sd-block sd-social sd-social-icon sd-sharing\"><h3 class=\"sd-title\">Comparte esto:<\/h3><div class=\"sd-content\"><ul><li class=\"share-twitter\"><a rel=\"nofollow noopener noreferrer\" data-shared=\"sharing-twitter-44218\" class=\"share-twitter sd-button share-icon no-text\" href=\"http:\/\/www.rtvnoticias.com.ar\/?p=44218&amp;share=twitter\" target=\"_blank\" title=\"Haz clic para compartir en Twitter\"><span><\/span><span class=\"sharing-screen-reader-text\">Haz clic para compartir en Twitter (Se abre en una ventana nueva)<\/span><\/a><\/li><li class=\"share-facebook\"><a rel=\"nofollow noopener noreferrer\" data-shared=\"sharing-facebook-44218\" class=\"share-facebook sd-button share-icon no-text\" href=\"http:\/\/www.rtvnoticias.com.ar\/?p=44218&amp;share=facebook\" target=\"_blank\" title=\"Haz clic para compartir en Facebook\"><span><\/span><span class=\"sharing-screen-reader-text\">Haz clic para compartir en Facebook (Se abre en una ventana nueva)<\/span><\/a><\/li><li class=\"share-jetpack-whatsapp\"><a rel=\"nofollow noopener noreferrer\" data-shared=\"\" class=\"share-jetpack-whatsapp sd-button share-icon no-text\" href=\"http:\/\/www.rtvnoticias.com.ar\/?p=44218&amp;share=jetpack-whatsapp\" target=\"_blank\" title=\"Haz clic para compartir en WhatsApp\"><span><\/span><span class=\"sharing-screen-reader-text\">Haz clic para compartir en WhatsApp (Se abre en una ventana nueva)<\/span><\/a><\/li><li class=\"share-telegram\"><a rel=\"nofollow noopener noreferrer\" data-shared=\"\" class=\"share-telegram sd-button share-icon no-text\" href=\"http:\/\/www.rtvnoticias.com.ar\/?p=44218&amp;share=telegram\" target=\"_blank\" title=\"Haz clic para compartir en Telegram\"><span><\/span><span class=\"sharing-screen-reader-text\">Haz clic para compartir en Telegram (Se abre en una ventana nueva)<\/span><\/a><\/li><li class=\"share-end\"><\/li><\/ul><\/div><\/div><\/div>","protected":false},"author":5,"featured_media":44219,"comment_status":"closed","ping_status":"closed","sticky":false,"template":"","format":"standard","meta":{"spay_email":"","jetpack_publicize_message":"","jetpack_is_tweetstorm":false,"jetpack_publicize_feature_enabled":true},"categories":[5],"tags":[5237],"jetpack_featured_media_url":"http:\/\/www.rtvnoticias.com.ar\/wp-content\/uploads\/2025\/02\/cordoba-triple.jpg","jetpack_publicize_connections":[],"jetpack_sharing_enabled":true,"_links":{"self":[{"href":"http:\/\/www.rtvnoticias.com.ar\/index.php?rest_route=\/wp\/v2\/posts\/44218"}],"collection":[{"href":"http:\/\/www.rtvnoticias.com.ar\/index.php?rest_route=\/wp\/v2\/posts"}],"about":[{"href":"http:\/\/www.rtvnoticias.com.ar\/index.php?rest_route=\/wp\/v2\/types\/post"}],"author":[{"embeddable":true,"href":"http:\/\/www.rtvnoticias.com.ar\/index.php?rest_route=\/wp\/v2\/users\/5"}],"replies":[{"embeddable":true,"href":"http:\/\/www.rtvnoticias.com.ar\/index.php?rest_route=%2Fwp%2Fv2%2Fcomments&post=44218"}],"version-history":[{"count":3,"href":"http:\/\/www.rtvnoticias.com.ar\/index.php?rest_route=\/wp\/v2\/posts\/44218\/revisions"}],"predecessor-version":[{"id":44222,"href":"http:\/\/www.rtvnoticias.com.ar\/index.php?rest_route=\/wp\/v2\/posts\/44218\/revisions\/44222"}],"wp:featuredmedia":[{"embeddable":true,"href":"http:\/\/www.rtvnoticias.com.ar\/index.php?rest_route=\/wp\/v2\/media\/44219"}],"wp:attachment":[{"href":"http:\/\/www.rtvnoticias.com.ar\/index.php?rest_route=%2Fwp%2Fv2%2Fmedia&parent=44218"}],"wp:term":[{"taxonomy":"category","embeddable":true,"href":"http:\/\/www.rtvnoticias.com.ar\/index.php?rest_route=%2Fwp%2Fv2%2Fcategories&post=44218"},{"taxonomy":"post_tag","embeddable":true,"href":"http:\/\/www.rtvnoticias.com.ar\/index.php?rest_route=%2Fwp%2Fv2%2Ftags&post=44218"}],"curies":[{"name":"wp","href":"https:\/\/api.w.org\/{rel}","templated":true}]}}