{"id":44229,"date":"2025-02-20T19:23:18","date_gmt":"2025-02-20T22:23:18","guid":{"rendered":"http:\/\/www.rtvnoticias.com.ar\/?p=44229"},"modified":"2025-02-20T19:23:23","modified_gmt":"2025-02-20T22:23:23","slug":"gremios-docentes-anunciaron-dos-dias-de-paro-24-de-febrero-y-5-de-marzo","status":"publish","type":"post","link":"http:\/\/www.rtvnoticias.com.ar\/?p=44229","title":{"rendered":"Gremios docentes anunciaron dos d\u00edas de paro: 24 de febrero y 5 de marzo"},"content":{"rendered":"\n<p>Los sindicatos docentes que integran la Confederaci\u00f3n General del Trabajo (CGT) resolvieron no arrancar con el calendario escolar y anunciaron dos paros nacionales: uno para el 24 de febrero y otro para el 5 de marzo.<\/p>\n\n\n\n<p>El motivo es el reclamo de las paritarias \u201cplanchadas\u201d desde el a\u00f1o pasado e informaron que continuar\u00e1n con m\u00e1s medidas si, desde el Gobierno Nacional, no atienden su reclamo.<\/p>\n\n\n\n<p>Los que anunciaron las protestas fueron los gremios cegetistas Uni\u00f3n Docentes Argentinos (UDA), la Asociaci\u00f3n Del Magisterio de Ense\u00f1anza T\u00e9cnica (AMET) y la Confederaci\u00f3n de Educadores Argentinos (CEA). La Confederaci\u00f3n de Trabajadores de la Educaci\u00f3n de la Rep\u00fablica Argentina (CTERA) debatir\u00e1 sus pasos en un plenario de secretarios generales que fue convocado para luego del mediod\u00eda.<\/p>\n\n\n\n<p>En La Pampa las clases comienzan el mi\u00e9rcoles 26 de febrero en el primer grado de primaria y para primer a\u00f1o de secundaria; en tanto que el resto est\u00e1 previsto que inicie el ciclo lectivo el mi\u00e9rcoles 5 de marzo.<\/p>\n\n\n\n<p>Utelpa, el gremio mayoritario de docentes pampeanos, est\u00e1 enrolado a nivel nacional en CTERA, por lo que si la organizaci\u00f3n sindical madre se pliega a la medida podr\u00eda afectar el inicio del ciclo lectivo pampeano.<\/p>\n\n\n\n<p>La secretaria general de CTERA, Sonia Alesso, dijo que est\u00e1n esperando la paritaria nacional docente, que deber\u00eda ser esta semana ya que el pr\u00f3ximo lunes empiezan las clases en la mayor\u00eda de las provincias para definir los pasos a seguir.<\/p>\n\n\n\n<p>\u201cLas paritarias est\u00e1n muy demoradas tanto a nivel nacional como a nivel provincial\u201d, dijo, y agreg\u00f3 que \u201cen muchas provincias tampoco hay oferta paritaria\u201d.<\/p>\n\n\n\n<p>\u201cLas paritarias, desde la asunci\u00f3n de Milei, han mostrado un retroceso salarial inmenso. El piso est\u00e1 en $450.000. Es el m\u00e1s bajo de toda la serie desde el menemismo hasta la fecha. Eso deteriora el piso salarial de las provincias, achata el nacional y se achatan las otras jurisdicciones\u201d, dijo.<\/p>\n<div class=\"sharedaddy sd-sharing-enabled\"><div class=\"robots-nocontent sd-block sd-social sd-social-icon sd-sharing\"><h3 class=\"sd-title\">Comparte esto:<\/h3><div class=\"sd-content\"><ul><li class=\"share-twitter\"><a rel=\"nofollow noopener noreferrer\" data-shared=\"sharing-twitter-44229\" class=\"share-twitter sd-button share-icon no-text\" href=\"http:\/\/www.rtvnoticias.com.ar\/?p=44229&amp;share=twitter\" target=\"_blank\" title=\"Haz clic para compartir en Twitter\"><span><\/span><span class=\"sharing-screen-reader-text\">Haz clic para compartir en Twitter (Se abre en una ventana nueva)<\/span><\/a><\/li><li class=\"share-facebook\"><a rel=\"nofollow noopener noreferrer\" data-shared=\"sharing-facebook-44229\" class=\"share-facebook sd-button share-icon no-text\" href=\"http:\/\/www.rtvnoticias.com.ar\/?p=44229&amp;share=facebook\" target=\"_blank\" title=\"Haz clic para compartir en Facebook\"><span><\/span><span class=\"sharing-screen-reader-text\">Haz clic para compartir en Facebook (Se abre en una ventana nueva)<\/span><\/a><\/li><li class=\"share-jetpack-whatsapp\"><a rel=\"nofollow noopener noreferrer\" data-shared=\"\" class=\"share-jetpack-whatsapp sd-button share-icon no-text\" href=\"http:\/\/www.rtvnoticias.com.ar\/?p=44229&amp;share=jetpack-whatsapp\" target=\"_blank\" title=\"Haz clic para compartir en WhatsApp\"><span><\/span><span class=\"sharing-screen-reader-text\">Haz clic para compartir en WhatsApp (Se abre en una ventana nueva)<\/span><\/a><\/li><li class=\"share-telegram\"><a rel=\"nofollow noopener noreferrer\" data-shared=\"\" class=\"share-telegram sd-button share-icon no-text\" href=\"http:\/\/www.rtvnoticias.com.ar\/?p=44229&amp;share=telegram\" target=\"_blank\" title=\"Haz clic para compartir en Telegram\"><span><\/span><span class=\"sharing-screen-reader-text\">Haz clic para compartir en Telegram (Se abre en una ventana nueva)<\/span><\/a><\/li><li class=\"share-end\"><\/li><\/ul><\/div><\/div><\/div>","protected":false},"excerpt":{"rendered":"<p>Los sindicatos docentes que integran la Confederaci\u00f3n General del Trabajo (CGT) resolvieron no arrancar con el calendario escolar y anunciaron dos paros nacionales: uno para<\/p>\n<div class=\"sharedaddy sd-sharing-enabled\"><div class=\"robots-nocontent sd-block sd-social sd-social-icon sd-sharing\"><h3 class=\"sd-title\">Comparte esto:<\/h3><div class=\"sd-content\"><ul><li class=\"share-twitter\"><a rel=\"nofollow noopener noreferrer\" data-shared=\"sharing-twitter-44229\" class=\"share-twitter sd-button share-icon no-text\" href=\"http:\/\/www.rtvnoticias.com.ar\/?p=44229&amp;share=twitter\" target=\"_blank\" title=\"Haz clic para compartir en Twitter\"><span><\/span><span class=\"sharing-screen-reader-text\">Haz clic para compartir en Twitter (Se abre en una ventana nueva)<\/span><\/a><\/li><li class=\"share-facebook\"><a rel=\"nofollow noopener noreferrer\" data-shared=\"sharing-facebook-44229\" class=\"share-facebook sd-button share-icon no-text\" href=\"http:\/\/www.rtvnoticias.com.ar\/?p=44229&amp;share=facebook\" target=\"_blank\" title=\"Haz clic para compartir en Facebook\"><span><\/span><span class=\"sharing-screen-reader-text\">Haz clic para compartir en Facebook (Se abre en una ventana nueva)<\/span><\/a><\/li><li class=\"share-jetpack-whatsapp\"><a rel=\"nofollow noopener noreferrer\" data-shared=\"\" class=\"share-jetpack-whatsapp sd-button share-icon no-text\" href=\"http:\/\/www.rtvnoticias.com.ar\/?p=44229&amp;share=jetpack-whatsapp\" target=\"_blank\" title=\"Haz clic para compartir en WhatsApp\"><span><\/span><span class=\"sharing-screen-reader-text\">Haz clic para compartir en WhatsApp (Se abre en una ventana nueva)<\/span><\/a><\/li><li class=\"share-telegram\"><a rel=\"nofollow noopener noreferrer\" data-shared=\"\" class=\"share-telegram sd-button share-icon no-text\" href=\"http:\/\/www.rtvnoticias.com.ar\/?p=44229&amp;share=telegram\" target=\"_blank\" title=\"Haz clic para compartir en Telegram\"><span><\/span><span class=\"sharing-screen-reader-text\">Haz clic para compartir en Telegram (Se abre en una ventana nueva)<\/span><\/a><\/li><li class=\"share-end\"><\/li><\/ul><\/div><\/div><\/div>","protected":false},"author":7,"featured_media":44230,"comment_status":"closed","ping_status":"closed","sticky":false,"template":"","format":"standard","meta":{"spay_email":"","jetpack_publicize_message":"","jetpack_is_tweetstorm":false,"jetpack_publicize_feature_enabled":true},"categories":[5],"tags":[],"jetpack_featured_media_url":"http:\/\/www.rtvnoticias.com.ar\/wp-content\/uploads\/2025\/02\/915153-g0045104.jpg","jetpack_publicize_connections":[],"jetpack_sharing_enabled":true,"_links":{"self":[{"href":"http:\/\/www.rtvnoticias.com.ar\/index.php?rest_route=\/wp\/v2\/posts\/44229"}],"collection":[{"href":"http:\/\/www.rtvnoticias.com.ar\/index.php?rest_route=\/wp\/v2\/posts"}],"about":[{"href":"http:\/\/www.rtvnoticias.com.ar\/index.php?rest_route=\/wp\/v2\/types\/post"}],"author":[{"embeddable":true,"href":"http:\/\/www.rtvnoticias.com.ar\/index.php?rest_route=\/wp\/v2\/users\/7"}],"replies":[{"embeddable":true,"href":"http:\/\/www.rtvnoticias.com.ar\/index.php?rest_route=%2Fwp%2Fv2%2Fcomments&post=44229"}],"version-history":[{"count":1,"href":"http:\/\/www.rtvnoticias.com.ar\/index.php?rest_route=\/wp\/v2\/posts\/44229\/revisions"}],"predecessor-version":[{"id":44231,"href":"http:\/\/www.rtvnoticias.com.ar\/index.php?rest_route=\/wp\/v2\/posts\/44229\/revisions\/44231"}],"wp:featuredmedia":[{"embeddable":true,"href":"http:\/\/www.rtvnoticias.com.ar\/index.php?rest_route=\/wp\/v2\/media\/44230"}],"wp:attachment":[{"href":"http:\/\/www.rtvnoticias.com.ar\/index.php?rest_route=%2Fwp%2Fv2%2Fmedia&parent=44229"}],"wp:term":[{"taxonomy":"category","embeddable":true,"href":"http:\/\/www.rtvnoticias.com.ar\/index.php?rest_route=%2Fwp%2Fv2%2Fcategories&post=44229"},{"taxonomy":"post_tag","embeddable":true,"href":"http:\/\/www.rtvnoticias.com.ar\/index.php?rest_route=%2Fwp%2Fv2%2Ftags&post=44229"}],"curies":[{"name":"wp","href":"https:\/\/api.w.org\/{rel}","templated":true}]}}