{"id":44239,"date":"2025-02-21T06:26:00","date_gmt":"2025-02-21T09:26:00","guid":{"rendered":"http:\/\/www.rtvnoticias.com.ar\/?p=44239"},"modified":"2025-02-20T22:37:13","modified_gmt":"2025-02-21T01:37:13","slug":"firman-convenio-para-realizar-obras-de-mejoras-en-el-abastecimiento-de-agua-potable-en-la-maruja","status":"publish","type":"post","link":"http:\/\/www.rtvnoticias.com.ar\/?p=44239","title":{"rendered":"Firman convenio para realizar obras de mejoras en el abastecimiento de agua potable en La Maruja"},"content":{"rendered":"\n<p>El ministro de Obras y Servicios P\u00fablicos, Alfredo Intronati, acompa\u00f1ado por el ministro de Gobierno y Asuntos Municipales, Pascual Fern\u00e1ndez y el administrador de la APA, Fabricio Gonz\u00e1lez Mart\u00edn, visit\u00f3 la localidad de La Maruja donde se reunieron con el intendente Gustavo Cein para firmar un nuevo convenio del Programa de Agua y Saneamiento que favorecer\u00e1 a la comunidad a reforzar el abastecimiento de agua potable a los vecinos.<\/p>\n\n\n\n<p>En di\u00e1logo con APN, Alfredo Intronati destac\u00f3 el trabajo mancomunado y permanente entre Provincia y Municipio.\u00a0<\/p>\n\n\n\n<p>El ministro expres\u00f3, \u00abnos acercamos a La Maruja para traer una nueva obra de saneamiento a la localidad que reforzar\u00e1 el suministro de agua potable a las viviendas. Sabemos el significado y valor del agua para todas las comunidades por sus aportes en salud, crecimiento y desarrollo social. Es un recurso fundamental en la vida de las personas y desde el Estado provincial se est\u00e1 muy atento en su suministro y buen uso.\u00a0<\/p>\n\n\n\n<p>Este convenio trae aparejado la concreci\u00f3n de una nueva infraestructura que se traduce en trabajo para la gente del pueblo.\u00a0Cuando se planifican estas obras siempre se tienen en cuenta varios beneficios, el incremento en la calidad de vida de la poblaci\u00f3n y la creaci\u00f3n de puestos de trabajo genuinos.<\/p>\n\n\n\n<p>La obra p\u00fablica tiene presencia en todo el territorio pampeano, estamos convencidos desde el Poder Ejecutivo Provincial que es uno de los engranajes fundamentales del circuito econ\u00f3mico para el progreso social\u00bb.<\/p>\n\n\n\n<p>Esta modalidad de labores conjuntas entre Provincia y Municipio tiene vigencia desde el a\u00f1o 2007, donde el Estado pampeano aporta los fondos para obras de mediana o peque\u00f1a complejidad y la comuna la ejecuta con recursos humanos propios o contrataciones, \u00abcon estos programas descentralizados se cubren varias expectativas en una misma acci\u00f3n\u00bb.<\/p>\n\n\n\n<p>En cuanto a la obra que se realizar\u00e1 para reforzar la cantidad de agua, esta comienza en el a\u00f1o 2021 cuando la Administraci\u00f3n Provincial del Agua efectu\u00f3 dos perforaciones en la localidad de La Maruja. \u00abAhora con este nuevo aporte provincial, en el marco del ProPAyS, la nueva infraestructura consistir\u00e1 en la construcci\u00f3n de dos acueductos. El primero vincular\u00e1 una de las perforaciones con la planta de \u00f3smosis inversa, mientras que el otro acueducto conectar\u00e1 la restante perforaci\u00f3n con la Planta Potabilizadora. En ambos casos se deben ejecutar las correspondientes ca\u00f1er\u00edas de impulsi\u00f3n y realizar todas las instalaciones electromec\u00e1nicas necesarias para la puesta en producci\u00f3n de las nuevas perforaciones\u00bb.<\/p>\n\n\n\n<p>Por otro lado, se construir\u00e1n dos badenes en un sector de la localidad, que permitir\u00e1n circular de manera peatonal y vehicular y a su vez asegurar el escurrimiento de agua por sus cauces naturales, para el desag\u00fce pluvial de la planta urbana.<\/p>\n\n\n\n<p><strong>Detalle de la obra de los acueductos<\/strong><\/p>\n\n\n\n<p>El acueducto que va a la planta de \u00f3smosis inversa tendr\u00e1 una longitud de 450 metros, mientras que el acueducto que conectar\u00e1 con la Planta Potabilizadora ser\u00e1 de 1100 metros.<\/p>\n<div class=\"sharedaddy sd-sharing-enabled\"><div class=\"robots-nocontent sd-block sd-social sd-social-icon sd-sharing\"><h3 class=\"sd-title\">Comparte esto:<\/h3><div class=\"sd-content\"><ul><li class=\"share-twitter\"><a rel=\"nofollow noopener noreferrer\" data-shared=\"sharing-twitter-44239\" class=\"share-twitter sd-button share-icon no-text\" href=\"http:\/\/www.rtvnoticias.com.ar\/?p=44239&amp;share=twitter\" target=\"_blank\" title=\"Haz clic para compartir en Twitter\"><span><\/span><span class=\"sharing-screen-reader-text\">Haz clic para compartir en Twitter (Se abre en una ventana nueva)<\/span><\/a><\/li><li class=\"share-facebook\"><a rel=\"nofollow noopener noreferrer\" data-shared=\"sharing-facebook-44239\" class=\"share-facebook sd-button share-icon no-text\" href=\"http:\/\/www.rtvnoticias.com.ar\/?p=44239&amp;share=facebook\" target=\"_blank\" title=\"Haz clic para compartir en Facebook\"><span><\/span><span class=\"sharing-screen-reader-text\">Haz clic para compartir en Facebook (Se abre en una ventana nueva)<\/span><\/a><\/li><li class=\"share-jetpack-whatsapp\"><a rel=\"nofollow noopener noreferrer\" data-shared=\"\" class=\"share-jetpack-whatsapp sd-button share-icon no-text\" href=\"http:\/\/www.rtvnoticias.com.ar\/?p=44239&amp;share=jetpack-whatsapp\" target=\"_blank\" title=\"Haz clic para compartir en WhatsApp\"><span><\/span><span class=\"sharing-screen-reader-text\">Haz clic para compartir en WhatsApp (Se abre en una ventana nueva)<\/span><\/a><\/li><li class=\"share-telegram\"><a rel=\"nofollow noopener noreferrer\" data-shared=\"\" class=\"share-telegram sd-button share-icon no-text\" href=\"http:\/\/www.rtvnoticias.com.ar\/?p=44239&amp;share=telegram\" target=\"_blank\" title=\"Haz clic para compartir en Telegram\"><span><\/span><span class=\"sharing-screen-reader-text\">Haz clic para compartir en Telegram (Se abre en una ventana nueva)<\/span><\/a><\/li><li class=\"share-end\"><\/li><\/ul><\/div><\/div><\/div>","protected":false},"excerpt":{"rendered":"<p>El ministro de Obras y Servicios P\u00fablicos, Alfredo Intronati, acompa\u00f1ado por el ministro de Gobierno y Asuntos Municipales, Pascual Fern\u00e1ndez y el administrador de la<\/p>\n<div class=\"sharedaddy sd-sharing-enabled\"><div class=\"robots-nocontent sd-block sd-social sd-social-icon sd-sharing\"><h3 class=\"sd-title\">Comparte esto:<\/h3><div class=\"sd-content\"><ul><li class=\"share-twitter\"><a rel=\"nofollow noopener noreferrer\" data-shared=\"sharing-twitter-44239\" class=\"share-twitter sd-button share-icon no-text\" href=\"http:\/\/www.rtvnoticias.com.ar\/?p=44239&amp;share=twitter\" target=\"_blank\" title=\"Haz clic para compartir en Twitter\"><span><\/span><span class=\"sharing-screen-reader-text\">Haz clic para compartir en Twitter (Se abre en una ventana nueva)<\/span><\/a><\/li><li class=\"share-facebook\"><a rel=\"nofollow noopener noreferrer\" data-shared=\"sharing-facebook-44239\" class=\"share-facebook sd-button share-icon no-text\" href=\"http:\/\/www.rtvnoticias.com.ar\/?p=44239&amp;share=facebook\" target=\"_blank\" title=\"Haz clic para compartir en Facebook\"><span><\/span><span class=\"sharing-screen-reader-text\">Haz clic para compartir en Facebook (Se abre en una ventana nueva)<\/span><\/a><\/li><li class=\"share-jetpack-whatsapp\"><a rel=\"nofollow noopener noreferrer\" data-shared=\"\" class=\"share-jetpack-whatsapp sd-button share-icon no-text\" href=\"http:\/\/www.rtvnoticias.com.ar\/?p=44239&amp;share=jetpack-whatsapp\" target=\"_blank\" title=\"Haz clic para compartir en WhatsApp\"><span><\/span><span class=\"sharing-screen-reader-text\">Haz clic para compartir en WhatsApp (Se abre en una ventana nueva)<\/span><\/a><\/li><li class=\"share-telegram\"><a rel=\"nofollow noopener noreferrer\" data-shared=\"\" class=\"share-telegram sd-button share-icon no-text\" href=\"http:\/\/www.rtvnoticias.com.ar\/?p=44239&amp;share=telegram\" target=\"_blank\" title=\"Haz clic para compartir en Telegram\"><span><\/span><span class=\"sharing-screen-reader-text\">Haz clic para compartir en Telegram (Se abre en una ventana nueva)<\/span><\/a><\/li><li class=\"share-end\"><\/li><\/ul><\/div><\/div><\/div>","protected":false},"author":5,"featured_media":44244,"comment_status":"closed","ping_status":"closed","sticky":false,"template":"","format":"standard","meta":{"spay_email":"","jetpack_publicize_message":"","jetpack_is_tweetstorm":false,"jetpack_publicize_feature_enabled":true},"categories":[4],"tags":[5239],"jetpack_featured_media_url":"http:\/\/www.rtvnoticias.com.ar\/wp-content\/uploads\/2025\/02\/lamaruja-convenio.jpg","jetpack_publicize_connections":[],"jetpack_sharing_enabled":true,"_links":{"self":[{"href":"http:\/\/www.rtvnoticias.com.ar\/index.php?rest_route=\/wp\/v2\/posts\/44239"}],"collection":[{"href":"http:\/\/www.rtvnoticias.com.ar\/index.php?rest_route=\/wp\/v2\/posts"}],"about":[{"href":"http:\/\/www.rtvnoticias.com.ar\/index.php?rest_route=\/wp\/v2\/types\/post"}],"author":[{"embeddable":true,"href":"http:\/\/www.rtvnoticias.com.ar\/index.php?rest_route=\/wp\/v2\/users\/5"}],"replies":[{"embeddable":true,"href":"http:\/\/www.rtvnoticias.com.ar\/index.php?rest_route=%2Fwp%2Fv2%2Fcomments&post=44239"}],"version-history":[{"count":1,"href":"http:\/\/www.rtvnoticias.com.ar\/index.php?rest_route=\/wp\/v2\/posts\/44239\/revisions"}],"predecessor-version":[{"id":44245,"href":"http:\/\/www.rtvnoticias.com.ar\/index.php?rest_route=\/wp\/v2\/posts\/44239\/revisions\/44245"}],"wp:featuredmedia":[{"embeddable":true,"href":"http:\/\/www.rtvnoticias.com.ar\/index.php?rest_route=\/wp\/v2\/media\/44244"}],"wp:attachment":[{"href":"http:\/\/www.rtvnoticias.com.ar\/index.php?rest_route=%2Fwp%2Fv2%2Fmedia&parent=44239"}],"wp:term":[{"taxonomy":"category","embeddable":true,"href":"http:\/\/www.rtvnoticias.com.ar\/index.php?rest_route=%2Fwp%2Fv2%2Fcategories&post=44239"},{"taxonomy":"post_tag","embeddable":true,"href":"http:\/\/www.rtvnoticias.com.ar\/index.php?rest_route=%2Fwp%2Fv2%2Ftags&post=44239"}],"curies":[{"name":"wp","href":"https:\/\/api.w.org\/{rel}","templated":true}]}}