{"id":44246,"date":"2025-02-21T06:55:00","date_gmt":"2025-02-21T09:55:00","guid":{"rendered":"http:\/\/www.rtvnoticias.com.ar\/?p=44246"},"modified":"2025-02-20T22:54:14","modified_gmt":"2025-02-21T01:54:14","slug":"murio-en-chile-empresario-que-viajaba-en-una-moto-comprado-hace-una-semana","status":"publish","type":"post","link":"http:\/\/www.rtvnoticias.com.ar\/?p=44246","title":{"rendered":"Muri\u00f3 en Chile empresario que viajaba en una moto comprado hace una semana"},"content":{"rendered":"\n<p>Un empresario av\u00edcola de Santa Fe, identificado como Jorge Alberto Dur\u00e1n, de 61 a\u00f1os, falleci\u00f3 este jueves tras desbarrancar 20 metros en Los Caracoles,\u00a0Chile. El hombre, oriundo de la ciudad santafesina de San Cristobal, y con familia en Mendoza, conduc\u00eda una motocicleta BMW de 1.250 cilindradas que hab\u00eda comprado hace una semana atr\u00e1s y hab\u00eda ingresado al vecino pa\u00eds por\u00a0Los Libertadores, seg\u00fan informaron autoridades chilenas.<\/p>\n\n\n\n<p>Carabineros\u00a0explic\u00f3 que acudieron hasta el lugar del accidente en\u00a0Chile\u00a0luego de varios llamados, y que encontraron el cuerpo sin vida entre rocas y la moto a unos metros de distancia.<\/p>\n\n\n\n<p>La fuerza policial chilena\u00a0tom\u00f3 contacto con la familia del motociclista y les comunic\u00f3 la noticia. Los parientes de la v\u00edctima fatal explicaron que hab\u00eda ingresado al vecino pa\u00eds con la intenci\u00f3n de realizar compras, anticip\u00e1ndose a los integrantes de su familia quienes iban a viajar el fin de semana y \u00e9l iba a aguardar all\u00ed.<\/p>\n\n\n\n<p>La Secci\u00f3n de Investigaci\u00f3n de Accidentes en el Tr\u00e1nsito (SIAT) de\u00a0Carabineros\u00a0realiz\u00f3 los peritajes correspondientes en el lugar de la tragedia y que \u00abrealizar\u00e1n el informe t\u00e9cnico para determinar la causa del accidente y la mec\u00e1nica del hecho\u00bb.<\/p>\n\n\n\n<p>Una vez que terminaron los trabajos, las autoridades confirmaron que en horas de la tarde,\u00a0Bomberos\u00a0extrajo el cad\u00e1ver y fue subido a la ruta donde se entreg\u00f3 al funcionario del Servicio M\u00e9dico Legal (SML), realizando el traslado hasta la unidad forense en la comuna de San Felipe para la realizaci\u00f3n de la\u00a0autopsia\u00a0durante este jueves, a trav\u00e9s de la cual se establecer\u00e1 el motivo de su muerte.<\/p>\n<div class=\"sharedaddy sd-sharing-enabled\"><div class=\"robots-nocontent sd-block sd-social sd-social-icon sd-sharing\"><h3 class=\"sd-title\">Comparte esto:<\/h3><div class=\"sd-content\"><ul><li class=\"share-twitter\"><a rel=\"nofollow noopener noreferrer\" data-shared=\"sharing-twitter-44246\" class=\"share-twitter sd-button share-icon no-text\" href=\"http:\/\/www.rtvnoticias.com.ar\/?p=44246&amp;share=twitter\" target=\"_blank\" title=\"Haz clic para compartir en Twitter\"><span><\/span><span class=\"sharing-screen-reader-text\">Haz clic para compartir en Twitter (Se abre en una ventana nueva)<\/span><\/a><\/li><li class=\"share-facebook\"><a rel=\"nofollow noopener noreferrer\" data-shared=\"sharing-facebook-44246\" class=\"share-facebook sd-button share-icon no-text\" href=\"http:\/\/www.rtvnoticias.com.ar\/?p=44246&amp;share=facebook\" target=\"_blank\" title=\"Haz clic para compartir en Facebook\"><span><\/span><span class=\"sharing-screen-reader-text\">Haz clic para compartir en Facebook (Se abre en una ventana nueva)<\/span><\/a><\/li><li class=\"share-jetpack-whatsapp\"><a rel=\"nofollow noopener noreferrer\" data-shared=\"\" class=\"share-jetpack-whatsapp sd-button share-icon no-text\" href=\"http:\/\/www.rtvnoticias.com.ar\/?p=44246&amp;share=jetpack-whatsapp\" target=\"_blank\" title=\"Haz clic para compartir en WhatsApp\"><span><\/span><span class=\"sharing-screen-reader-text\">Haz clic para compartir en WhatsApp (Se abre en una ventana nueva)<\/span><\/a><\/li><li class=\"share-telegram\"><a rel=\"nofollow noopener noreferrer\" data-shared=\"\" class=\"share-telegram sd-button share-icon no-text\" href=\"http:\/\/www.rtvnoticias.com.ar\/?p=44246&amp;share=telegram\" target=\"_blank\" title=\"Haz clic para compartir en Telegram\"><span><\/span><span class=\"sharing-screen-reader-text\">Haz clic para compartir en Telegram (Se abre en una ventana nueva)<\/span><\/a><\/li><li class=\"share-end\"><\/li><\/ul><\/div><\/div><\/div>","protected":false},"excerpt":{"rendered":"<p>Un empresario av\u00edcola de Santa Fe, identificado como Jorge Alberto Dur\u00e1n, de 61 a\u00f1os, falleci\u00f3 este jueves tras desbarrancar 20 metros en Los Caracoles,\u00a0Chile. El<\/p>\n<div class=\"sharedaddy sd-sharing-enabled\"><div class=\"robots-nocontent sd-block sd-social sd-social-icon sd-sharing\"><h3 class=\"sd-title\">Comparte esto:<\/h3><div class=\"sd-content\"><ul><li class=\"share-twitter\"><a rel=\"nofollow noopener noreferrer\" data-shared=\"sharing-twitter-44246\" class=\"share-twitter sd-button share-icon no-text\" href=\"http:\/\/www.rtvnoticias.com.ar\/?p=44246&amp;share=twitter\" target=\"_blank\" title=\"Haz clic para compartir en Twitter\"><span><\/span><span class=\"sharing-screen-reader-text\">Haz clic para compartir en Twitter (Se abre en una ventana nueva)<\/span><\/a><\/li><li class=\"share-facebook\"><a rel=\"nofollow noopener noreferrer\" data-shared=\"sharing-facebook-44246\" class=\"share-facebook sd-button share-icon no-text\" href=\"http:\/\/www.rtvnoticias.com.ar\/?p=44246&amp;share=facebook\" target=\"_blank\" title=\"Haz clic para compartir en Facebook\"><span><\/span><span class=\"sharing-screen-reader-text\">Haz clic para compartir en Facebook (Se abre en una ventana nueva)<\/span><\/a><\/li><li class=\"share-jetpack-whatsapp\"><a rel=\"nofollow noopener noreferrer\" data-shared=\"\" class=\"share-jetpack-whatsapp sd-button share-icon no-text\" href=\"http:\/\/www.rtvnoticias.com.ar\/?p=44246&amp;share=jetpack-whatsapp\" target=\"_blank\" title=\"Haz clic para compartir en WhatsApp\"><span><\/span><span class=\"sharing-screen-reader-text\">Haz clic para compartir en WhatsApp (Se abre en una ventana nueva)<\/span><\/a><\/li><li class=\"share-telegram\"><a rel=\"nofollow noopener noreferrer\" data-shared=\"\" class=\"share-telegram sd-button share-icon no-text\" href=\"http:\/\/www.rtvnoticias.com.ar\/?p=44246&amp;share=telegram\" target=\"_blank\" title=\"Haz clic para compartir en Telegram\"><span><\/span><span class=\"sharing-screen-reader-text\">Haz clic para compartir en Telegram (Se abre en una ventana nueva)<\/span><\/a><\/li><li class=\"share-end\"><\/li><\/ul><\/div><\/div><\/div>","protected":false},"author":5,"featured_media":44247,"comment_status":"closed","ping_status":"closed","sticky":false,"template":"","format":"standard","meta":{"spay_email":"","jetpack_publicize_message":"","jetpack_is_tweetstorm":false,"jetpack_publicize_feature_enabled":true},"categories":[5],"tags":[5240],"jetpack_featured_media_url":"http:\/\/www.rtvnoticias.com.ar\/wp-content\/uploads\/2025\/02\/motociclita-chile.jpg","jetpack_publicize_connections":[],"jetpack_sharing_enabled":true,"_links":{"self":[{"href":"http:\/\/www.rtvnoticias.com.ar\/index.php?rest_route=\/wp\/v2\/posts\/44246"}],"collection":[{"href":"http:\/\/www.rtvnoticias.com.ar\/index.php?rest_route=\/wp\/v2\/posts"}],"about":[{"href":"http:\/\/www.rtvnoticias.com.ar\/index.php?rest_route=\/wp\/v2\/types\/post"}],"author":[{"embeddable":true,"href":"http:\/\/www.rtvnoticias.com.ar\/index.php?rest_route=\/wp\/v2\/users\/5"}],"replies":[{"embeddable":true,"href":"http:\/\/www.rtvnoticias.com.ar\/index.php?rest_route=%2Fwp%2Fv2%2Fcomments&post=44246"}],"version-history":[{"count":1,"href":"http:\/\/www.rtvnoticias.com.ar\/index.php?rest_route=\/wp\/v2\/posts\/44246\/revisions"}],"predecessor-version":[{"id":44248,"href":"http:\/\/www.rtvnoticias.com.ar\/index.php?rest_route=\/wp\/v2\/posts\/44246\/revisions\/44248"}],"wp:featuredmedia":[{"embeddable":true,"href":"http:\/\/www.rtvnoticias.com.ar\/index.php?rest_route=\/wp\/v2\/media\/44247"}],"wp:attachment":[{"href":"http:\/\/www.rtvnoticias.com.ar\/index.php?rest_route=%2Fwp%2Fv2%2Fmedia&parent=44246"}],"wp:term":[{"taxonomy":"category","embeddable":true,"href":"http:\/\/www.rtvnoticias.com.ar\/index.php?rest_route=%2Fwp%2Fv2%2Fcategories&post=44246"},{"taxonomy":"post_tag","embeddable":true,"href":"http:\/\/www.rtvnoticias.com.ar\/index.php?rest_route=%2Fwp%2Fv2%2Ftags&post=44246"}],"curies":[{"name":"wp","href":"https:\/\/api.w.org\/{rel}","templated":true}]}}