{"id":44262,"date":"2025-02-23T08:00:00","date_gmt":"2025-02-23T11:00:00","guid":{"rendered":"http:\/\/www.rtvnoticias.com.ar\/?p=44262"},"modified":"2025-02-21T20:51:49","modified_gmt":"2025-02-21T23:51:49","slug":"record-historico-de-pasajeros-en-el-sector-aerocomercial-durante-enero","status":"publish","type":"post","link":"http:\/\/www.rtvnoticias.com.ar\/?p=44262","title":{"rendered":"R\u00e9cord hist\u00f3rico de pasajeros en el sector aerocomercial durante enero"},"content":{"rendered":"\n<p>El sector aerocomercial argentino contin\u00faa su s\u00f3lido crecimiento y, en enero de 2025, ha superado todas las marcas registradas hasta el momento, alcanzando un total de\u00a04.561.866 pasajeros\u00a0en los aeropuertos de todo el pa\u00eds, seg\u00fan los datos de la\u00a0Administraci\u00f3n Nacional de Aviaci\u00f3n Civil (ANAC).<\/p>\n\n\n\n<p>Este resultado rompe el r\u00e9cord previo de diciembre de\u00a02024, con\u00a04.399.199 pasajeros, y supera al enero m\u00e1s relevante (2019), con\u00a04.229.076 pasajeros.<\/p>\n\n\n\n<p>La cantidad de pasajeros transportados en vuelos internacionales fue de\u00a01.520.584, mientras que en vuelos dom\u00e9sticos se alcanzaron\u00a03.041.282. Este incremento representa un 12% m\u00e1s en comparaci\u00f3n con el mismo mes de 2024 y un aumento de casi el 4% respecto a diciembre de 2024, que ya hab\u00eda registrado cifras hist\u00f3ricas.<\/p>\n\n\n\n<p>\u201cEstos resultados no solo evidencian la recuperaci\u00f3n del sector, sino tambi\u00e9n la consolidaci\u00f3n de su crecimiento, impulsado por las pol\u00edticas de desregulaci\u00f3n y apertura del mercado aerocomercial implementadas por la Secretar\u00eda de Transporte del Ministerio de Econom\u00eda, las cuales han promovido una mayor oferta de transporte a\u00e9reo para los viajeros\u201d,\u00a0indicaron desde la\u00a0Secretar\u00eda de Transporte\u00a0en un comunicado.<\/p>\n\n\n\n<p>Adem\u00e1s, se observa un incremento del 6% en el n\u00famero de movimientos a\u00e9reos en comparaci\u00f3n con enero de 2024, alcanzando un total de 34.995 vuelos, frente a los 32.969 registrados en el mismo mes del a\u00f1o anterior.<\/p>\n\n\n\n<p>Los datos provienen de un nuevo sistema de medici\u00f3n incorporado por la\u00a0ANAC, dise\u00f1ado para registrar tanto el volumen de pasajeros que transitan por cada uno de los aeropuertos del\u00a0Sistema Nacional de Aeropuertos, como la cantidad de movimientos a\u00e9reos realizados.<\/p>\n\n\n\n<p>Este sistema tiene como prop\u00f3sito proporcionar un seguimiento detallado de la actividad aerocomercial, permitiendo obtener cifras exactas sobre el flujo de pasajeros y vuelos, lo que mejora la calidad y transparencia de la informaci\u00f3n disponible.<\/p>\n\n\n\n<p>Cabe destacar que, gracias a la pol\u00edtica de Cielos Abiertos, varios aeropuertos experimentaron un notable aumento en el n\u00famero de pasajeros internacionales durante enero de 2025.<\/p>\n\n\n\n<p>El aeropuerto de Tucum\u00e1n registr\u00f3 casi mil pasajeros tras el regreso de la ruta Tucum\u00e1n-Punta Cana de Aerol\u00edneas Argentinas; El Calafate vio un incremento del 9742% gracias a la nueva conexi\u00f3n con Santiago de Chile, operada por Sky; Jujuy cuadruplic\u00f3 sus pasajeros internacionales con el inicio de la ruta a Asunci\u00f3n, operada por Paranair; y Rosario experiment\u00f3 un crecimiento del 164% gracias a la incorporaci\u00f3n de nuevas rutas, como la de Punta Cana, y la reactivaci\u00f3n de conexiones a Florian\u00f3polis, R\u00edo de Janeiro y Lima.<\/p>\n\n\n\n<p>Adem\u00e1s, en enero de este a\u00f1o,\u00a0209.524 personas\u00a0viajaron de forma directa desde el interior del pa\u00eds hacia destinos internacionales sin pasar por Buenos Aires, lo que representa un incremento del 61% en comparaci\u00f3n con enero de 2024.<\/p>\n\n\n\n<p>Este crecimiento en la actividad aerocomercial es fruto de las pol\u00edticas implementadas por el Gobierno Nacional, que contin\u00faan promoviendo la desregulaci\u00f3n y la apertura del mercado aerocomercial. Estas acciones han permitido no solo ampliar la oferta de vuelos, sino tambi\u00e9n fomentar una mayor conectividad federal, lo que se traduce en m\u00e1s opciones para los pasajeros de todo el pa\u00eds.<\/p>\n\n\n\n<p>Fuente: NA<\/p>\n<div class=\"sharedaddy sd-sharing-enabled\"><div class=\"robots-nocontent sd-block sd-social sd-social-icon sd-sharing\"><h3 class=\"sd-title\">Comparte esto:<\/h3><div class=\"sd-content\"><ul><li class=\"share-twitter\"><a rel=\"nofollow noopener noreferrer\" data-shared=\"sharing-twitter-44262\" class=\"share-twitter sd-button share-icon no-text\" href=\"http:\/\/www.rtvnoticias.com.ar\/?p=44262&amp;share=twitter\" target=\"_blank\" title=\"Haz clic para compartir en Twitter\"><span><\/span><span class=\"sharing-screen-reader-text\">Haz clic para compartir en Twitter (Se abre en una ventana nueva)<\/span><\/a><\/li><li class=\"share-facebook\"><a rel=\"nofollow noopener noreferrer\" data-shared=\"sharing-facebook-44262\" class=\"share-facebook sd-button share-icon no-text\" href=\"http:\/\/www.rtvnoticias.com.ar\/?p=44262&amp;share=facebook\" target=\"_blank\" title=\"Haz clic para compartir en Facebook\"><span><\/span><span class=\"sharing-screen-reader-text\">Haz clic para compartir en Facebook (Se abre en una ventana nueva)<\/span><\/a><\/li><li class=\"share-jetpack-whatsapp\"><a rel=\"nofollow noopener noreferrer\" data-shared=\"\" class=\"share-jetpack-whatsapp sd-button share-icon no-text\" href=\"http:\/\/www.rtvnoticias.com.ar\/?p=44262&amp;share=jetpack-whatsapp\" target=\"_blank\" title=\"Haz clic para compartir en WhatsApp\"><span><\/span><span class=\"sharing-screen-reader-text\">Haz clic para compartir en WhatsApp (Se abre en una ventana nueva)<\/span><\/a><\/li><li class=\"share-telegram\"><a rel=\"nofollow noopener noreferrer\" data-shared=\"\" class=\"share-telegram sd-button share-icon no-text\" href=\"http:\/\/www.rtvnoticias.com.ar\/?p=44262&amp;share=telegram\" target=\"_blank\" title=\"Haz clic para compartir en Telegram\"><span><\/span><span class=\"sharing-screen-reader-text\">Haz clic para compartir en Telegram (Se abre en una ventana nueva)<\/span><\/a><\/li><li class=\"share-end\"><\/li><\/ul><\/div><\/div><\/div>","protected":false},"excerpt":{"rendered":"<p>El sector aerocomercial argentino contin\u00faa su s\u00f3lido crecimiento y, en enero de 2025, ha superado todas las marcas registradas hasta el momento, alcanzando un total<\/p>\n<div class=\"sharedaddy sd-sharing-enabled\"><div class=\"robots-nocontent sd-block sd-social sd-social-icon sd-sharing\"><h3 class=\"sd-title\">Comparte esto:<\/h3><div class=\"sd-content\"><ul><li class=\"share-twitter\"><a rel=\"nofollow noopener noreferrer\" data-shared=\"sharing-twitter-44262\" class=\"share-twitter sd-button share-icon no-text\" href=\"http:\/\/www.rtvnoticias.com.ar\/?p=44262&amp;share=twitter\" target=\"_blank\" title=\"Haz clic para compartir en Twitter\"><span><\/span><span class=\"sharing-screen-reader-text\">Haz clic para compartir en Twitter (Se abre en una ventana nueva)<\/span><\/a><\/li><li class=\"share-facebook\"><a rel=\"nofollow noopener noreferrer\" data-shared=\"sharing-facebook-44262\" class=\"share-facebook sd-button share-icon no-text\" href=\"http:\/\/www.rtvnoticias.com.ar\/?p=44262&amp;share=facebook\" target=\"_blank\" title=\"Haz clic para compartir en Facebook\"><span><\/span><span class=\"sharing-screen-reader-text\">Haz clic para compartir en Facebook (Se abre en una ventana nueva)<\/span><\/a><\/li><li class=\"share-jetpack-whatsapp\"><a rel=\"nofollow noopener noreferrer\" data-shared=\"\" class=\"share-jetpack-whatsapp sd-button share-icon no-text\" href=\"http:\/\/www.rtvnoticias.com.ar\/?p=44262&amp;share=jetpack-whatsapp\" target=\"_blank\" title=\"Haz clic para compartir en WhatsApp\"><span><\/span><span class=\"sharing-screen-reader-text\">Haz clic para compartir en WhatsApp (Se abre en una ventana nueva)<\/span><\/a><\/li><li class=\"share-telegram\"><a rel=\"nofollow noopener noreferrer\" data-shared=\"\" class=\"share-telegram sd-button share-icon no-text\" href=\"http:\/\/www.rtvnoticias.com.ar\/?p=44262&amp;share=telegram\" target=\"_blank\" title=\"Haz clic para compartir en Telegram\"><span><\/span><span class=\"sharing-screen-reader-text\">Haz clic para compartir en Telegram (Se abre en una ventana nueva)<\/span><\/a><\/li><li class=\"share-end\"><\/li><\/ul><\/div><\/div><\/div>","protected":false},"author":5,"featured_media":44263,"comment_status":"closed","ping_status":"closed","sticky":false,"template":"","format":"standard","meta":{"spay_email":"","jetpack_publicize_message":"","jetpack_is_tweetstorm":false,"jetpack_publicize_feature_enabled":true},"categories":[5],"tags":[5244],"jetpack_featured_media_url":"http:\/\/www.rtvnoticias.com.ar\/wp-content\/uploads\/2025\/02\/avion-interior.jpg","jetpack_publicize_connections":[],"jetpack_sharing_enabled":true,"_links":{"self":[{"href":"http:\/\/www.rtvnoticias.com.ar\/index.php?rest_route=\/wp\/v2\/posts\/44262"}],"collection":[{"href":"http:\/\/www.rtvnoticias.com.ar\/index.php?rest_route=\/wp\/v2\/posts"}],"about":[{"href":"http:\/\/www.rtvnoticias.com.ar\/index.php?rest_route=\/wp\/v2\/types\/post"}],"author":[{"embeddable":true,"href":"http:\/\/www.rtvnoticias.com.ar\/index.php?rest_route=\/wp\/v2\/users\/5"}],"replies":[{"embeddable":true,"href":"http:\/\/www.rtvnoticias.com.ar\/index.php?rest_route=%2Fwp%2Fv2%2Fcomments&post=44262"}],"version-history":[{"count":1,"href":"http:\/\/www.rtvnoticias.com.ar\/index.php?rest_route=\/wp\/v2\/posts\/44262\/revisions"}],"predecessor-version":[{"id":44264,"href":"http:\/\/www.rtvnoticias.com.ar\/index.php?rest_route=\/wp\/v2\/posts\/44262\/revisions\/44264"}],"wp:featuredmedia":[{"embeddable":true,"href":"http:\/\/www.rtvnoticias.com.ar\/index.php?rest_route=\/wp\/v2\/media\/44263"}],"wp:attachment":[{"href":"http:\/\/www.rtvnoticias.com.ar\/index.php?rest_route=%2Fwp%2Fv2%2Fmedia&parent=44262"}],"wp:term":[{"taxonomy":"category","embeddable":true,"href":"http:\/\/www.rtvnoticias.com.ar\/index.php?rest_route=%2Fwp%2Fv2%2Fcategories&post=44262"},{"taxonomy":"post_tag","embeddable":true,"href":"http:\/\/www.rtvnoticias.com.ar\/index.php?rest_route=%2Fwp%2Fv2%2Ftags&post=44262"}],"curies":[{"name":"wp","href":"https:\/\/api.w.org\/{rel}","templated":true}]}}