{"id":44268,"date":"2025-02-22T19:22:41","date_gmt":"2025-02-22T22:22:41","guid":{"rendered":"http:\/\/www.rtvnoticias.com.ar\/?p=44268"},"modified":"2025-02-22T19:22:48","modified_gmt":"2025-02-22T22:22:48","slug":"donald-trump-se-reunio-con-milei-y-lo-elogio-estoy-orgulloso-de-vos","status":"publish","type":"post","link":"http:\/\/www.rtvnoticias.com.ar\/?p=44268","title":{"rendered":"Donald Trump se reuni\u00f3 con Milei y lo elogi\u00f3: \u00abEstoy orgulloso de vos\u00bb"},"content":{"rendered":"\n<p>El presidente de los Estados Unidos, Donald Trump, eligi\u00f3 al mandatario argentino Javier Milei durante la Conferencia de Acci\u00f3n Pol\u00edtica Conservadora (CPAC), que tuvo lugar en Washington. Este evento reuni\u00f3 a l\u00edderes y figuras destacadas del conservadurismo estadounidense.<\/p>\n\n\n\n<p>Tras ser presentado en la cumbre, Trump ofreci\u00f3 el discurso principal de la CPAC, en el cual salud\u00f3 a Milei, diciendo: \u00abNuestro amigo de Argentina est\u00e1 aqu\u00ed\u00bb. Las palabras del presidente estadounidense resaltaron la relaci\u00f3n entre ambos l\u00edderes.<\/p>\n\n\n\n<p>Trump tambi\u00e9n elogi\u00f3 los esfuerzos de Milei en la lucha contra la inflaci\u00f3n, expresando su orgullo al afirmar: \u00abEstoy orgulloso de vos\u00bb. Este reconocimiento se enmarc\u00f3 en un contexto donde ambos mandatarios compartieron la misma visi\u00f3n sobre la pol\u00edtica econ\u00f3mica.<\/p>\n\n\n\n<p>Manuel Adorni, vocero presidencial, comunic\u00f3 a trav\u00e9s de redes sociales que Milei y Trump se encontraron en el marco de la cumbre de ultraderecha. La CPAC estaba programada para concluir el s\u00e1bado en la capital estadounidense, donde Milei hab\u00eda expresado previamente su postura en un discurso.<\/p>\n\n\n\n<p>Durante su intervenci\u00f3n, el presidente argentino afirm\u00f3 que la \u00abera del Estado omnipresente\u00bb hab\u00eda llegado a su fin. \u00abDe la misma manera que en la d\u00e9cada del \u00bb30 se pod\u00eda vislumbrar que la llama de la libertad se estaba apagando y que comenzaba un nuevo cambio de servidumbre para la humanidad, hoy finalmente podemos decir que la era del Estado omnipresente ha terminado\u00bb, declar\u00f3 Milei al inicio de su alocuci\u00f3n, que se extendi\u00f3 por poco m\u00e1s de 20 minutos.<\/p>\n\n\n\n<p>El mandatario libertario lleg\u00f3 a la cumbre en un contexto de controversia, tras la difusi\u00f3n del token $LIBRA, lo que gener\u00f3 cr\u00edticas tanto en Argentina como a nivel internacional. Su presencia en la CPAC marc\u00f3 un momento significativo en su carrera pol\u00edtica y en su relaci\u00f3n con l\u00edderes conservadores globales.<\/p>\n<div class=\"sharedaddy sd-sharing-enabled\"><div class=\"robots-nocontent sd-block sd-social sd-social-icon sd-sharing\"><h3 class=\"sd-title\">Comparte esto:<\/h3><div class=\"sd-content\"><ul><li class=\"share-twitter\"><a rel=\"nofollow noopener noreferrer\" data-shared=\"sharing-twitter-44268\" class=\"share-twitter sd-button share-icon no-text\" href=\"http:\/\/www.rtvnoticias.com.ar\/?p=44268&amp;share=twitter\" target=\"_blank\" title=\"Haz clic para compartir en Twitter\"><span><\/span><span class=\"sharing-screen-reader-text\">Haz clic para compartir en Twitter (Se abre en una ventana nueva)<\/span><\/a><\/li><li class=\"share-facebook\"><a rel=\"nofollow noopener noreferrer\" data-shared=\"sharing-facebook-44268\" class=\"share-facebook sd-button share-icon no-text\" href=\"http:\/\/www.rtvnoticias.com.ar\/?p=44268&amp;share=facebook\" target=\"_blank\" title=\"Haz clic para compartir en Facebook\"><span><\/span><span class=\"sharing-screen-reader-text\">Haz clic para compartir en Facebook (Se abre en una ventana nueva)<\/span><\/a><\/li><li class=\"share-jetpack-whatsapp\"><a rel=\"nofollow noopener noreferrer\" data-shared=\"\" class=\"share-jetpack-whatsapp sd-button share-icon no-text\" href=\"http:\/\/www.rtvnoticias.com.ar\/?p=44268&amp;share=jetpack-whatsapp\" target=\"_blank\" title=\"Haz clic para compartir en WhatsApp\"><span><\/span><span class=\"sharing-screen-reader-text\">Haz clic para compartir en WhatsApp (Se abre en una ventana nueva)<\/span><\/a><\/li><li class=\"share-telegram\"><a rel=\"nofollow noopener noreferrer\" data-shared=\"\" class=\"share-telegram sd-button share-icon no-text\" href=\"http:\/\/www.rtvnoticias.com.ar\/?p=44268&amp;share=telegram\" target=\"_blank\" title=\"Haz clic para compartir en Telegram\"><span><\/span><span class=\"sharing-screen-reader-text\">Haz clic para compartir en Telegram (Se abre en una ventana nueva)<\/span><\/a><\/li><li class=\"share-end\"><\/li><\/ul><\/div><\/div><\/div>","protected":false},"excerpt":{"rendered":"<p>El presidente de los Estados Unidos, Donald Trump, eligi\u00f3 al mandatario argentino Javier Milei durante la Conferencia de Acci\u00f3n Pol\u00edtica Conservadora (CPAC), que tuvo lugar<\/p>\n<div class=\"sharedaddy sd-sharing-enabled\"><div class=\"robots-nocontent sd-block sd-social sd-social-icon sd-sharing\"><h3 class=\"sd-title\">Comparte esto:<\/h3><div class=\"sd-content\"><ul><li class=\"share-twitter\"><a rel=\"nofollow noopener noreferrer\" data-shared=\"sharing-twitter-44268\" class=\"share-twitter sd-button share-icon no-text\" href=\"http:\/\/www.rtvnoticias.com.ar\/?p=44268&amp;share=twitter\" target=\"_blank\" title=\"Haz clic para compartir en Twitter\"><span><\/span><span class=\"sharing-screen-reader-text\">Haz clic para compartir en Twitter (Se abre en una ventana nueva)<\/span><\/a><\/li><li class=\"share-facebook\"><a rel=\"nofollow noopener noreferrer\" data-shared=\"sharing-facebook-44268\" class=\"share-facebook sd-button share-icon no-text\" href=\"http:\/\/www.rtvnoticias.com.ar\/?p=44268&amp;share=facebook\" target=\"_blank\" title=\"Haz clic para compartir en Facebook\"><span><\/span><span class=\"sharing-screen-reader-text\">Haz clic para compartir en Facebook (Se abre en una ventana nueva)<\/span><\/a><\/li><li class=\"share-jetpack-whatsapp\"><a rel=\"nofollow noopener noreferrer\" data-shared=\"\" class=\"share-jetpack-whatsapp sd-button share-icon no-text\" href=\"http:\/\/www.rtvnoticias.com.ar\/?p=44268&amp;share=jetpack-whatsapp\" target=\"_blank\" title=\"Haz clic para compartir en WhatsApp\"><span><\/span><span class=\"sharing-screen-reader-text\">Haz clic para compartir en WhatsApp (Se abre en una ventana nueva)<\/span><\/a><\/li><li class=\"share-telegram\"><a rel=\"nofollow noopener noreferrer\" data-shared=\"\" class=\"share-telegram sd-button share-icon no-text\" href=\"http:\/\/www.rtvnoticias.com.ar\/?p=44268&amp;share=telegram\" target=\"_blank\" title=\"Haz clic para compartir en Telegram\"><span><\/span><span class=\"sharing-screen-reader-text\">Haz clic para compartir en Telegram (Se abre en una ventana nueva)<\/span><\/a><\/li><li class=\"share-end\"><\/li><\/ul><\/div><\/div><\/div>","protected":false},"author":7,"featured_media":44269,"comment_status":"closed","ping_status":"closed","sticky":false,"template":"","format":"standard","meta":{"spay_email":"","jetpack_publicize_message":"","jetpack_is_tweetstorm":false,"jetpack_publicize_feature_enabled":true},"categories":[1],"tags":[],"jetpack_featured_media_url":"http:\/\/www.rtvnoticias.com.ar\/wp-content\/uploads\/2025\/02\/descarga-1.jpg","jetpack_publicize_connections":[],"jetpack_sharing_enabled":true,"_links":{"self":[{"href":"http:\/\/www.rtvnoticias.com.ar\/index.php?rest_route=\/wp\/v2\/posts\/44268"}],"collection":[{"href":"http:\/\/www.rtvnoticias.com.ar\/index.php?rest_route=\/wp\/v2\/posts"}],"about":[{"href":"http:\/\/www.rtvnoticias.com.ar\/index.php?rest_route=\/wp\/v2\/types\/post"}],"author":[{"embeddable":true,"href":"http:\/\/www.rtvnoticias.com.ar\/index.php?rest_route=\/wp\/v2\/users\/7"}],"replies":[{"embeddable":true,"href":"http:\/\/www.rtvnoticias.com.ar\/index.php?rest_route=%2Fwp%2Fv2%2Fcomments&post=44268"}],"version-history":[{"count":1,"href":"http:\/\/www.rtvnoticias.com.ar\/index.php?rest_route=\/wp\/v2\/posts\/44268\/revisions"}],"predecessor-version":[{"id":44270,"href":"http:\/\/www.rtvnoticias.com.ar\/index.php?rest_route=\/wp\/v2\/posts\/44268\/revisions\/44270"}],"wp:featuredmedia":[{"embeddable":true,"href":"http:\/\/www.rtvnoticias.com.ar\/index.php?rest_route=\/wp\/v2\/media\/44269"}],"wp:attachment":[{"href":"http:\/\/www.rtvnoticias.com.ar\/index.php?rest_route=%2Fwp%2Fv2%2Fmedia&parent=44268"}],"wp:term":[{"taxonomy":"category","embeddable":true,"href":"http:\/\/www.rtvnoticias.com.ar\/index.php?rest_route=%2Fwp%2Fv2%2Fcategories&post=44268"},{"taxonomy":"post_tag","embeddable":true,"href":"http:\/\/www.rtvnoticias.com.ar\/index.php?rest_route=%2Fwp%2Fv2%2Ftags&post=44268"}],"curies":[{"name":"wp","href":"https:\/\/api.w.org\/{rel}","templated":true}]}}