{"id":45060,"date":"2025-04-21T08:14:30","date_gmt":"2025-04-21T11:14:30","guid":{"rendered":"http:\/\/www.rtvnoticias.com.ar\/?p=45060"},"modified":"2025-04-21T17:55:27","modified_gmt":"2025-04-21T20:55:27","slug":"murio-el-papa-francisco","status":"publish","type":"post","link":"http:\/\/www.rtvnoticias.com.ar\/?p=45060","title":{"rendered":"Muri\u00f3 el Papa Francisco"},"content":{"rendered":"\n<p>El Papa&nbsp;Francisco&nbsp;falleci\u00f3 en la ma\u00f1ana de este lunes 21 de abril.&nbsp;Ten\u00eda 88 a\u00f1os y hab\u00eda reaparecido este domingo para dar la bendici\u00f3n por la Pascua. La noticia fue confirmada por el&nbsp;Vaticano. El deceso se produjo a las 7:35 de la ma\u00f1ana, hora local.<\/p>\n\n\n\n<p>Francisco atravesaba varias complicaciones de salud.&nbsp;Hab\u00eda sido internado el 14 de febrero por una bronquitis y, desde su hospitalizaci\u00f3n, su cuadro cl\u00ednico fue calificado como \u201ccomplejo\u201d y requiri\u00f3 varios cambios de terapia farmacol\u00f3gica. D\u00edas despu\u00e9s de haber ingresado, padeci\u00f3 una neumon\u00eda bilateral.<\/p>\n\n\n\n<p>Luego de varios d\u00edas de mejor\u00eda, una fuente del Vaticano confirm\u00f3 a&nbsp;<em>AFP&nbsp;<\/em>que el viernes 28 de febrero Francisco hab\u00eda salido del estado \u00abcr\u00edtico\u00bb. Sin embargo, unas horas despu\u00e9s, se anunci\u00f3 que el papa hab\u00eda sufrido \u00abuna crisis aislada de broncoespasmo\u00bb. Por esto, desde la Santa Sede se report\u00f3 \u00abun empeoramiento repentino de la afecci\u00f3n respiratoria\u00bb. Al igual que en otros avances sobre la salud del&nbsp;<a rel=\"noreferrer noopener\" href=\"https:\/\/www.cadena3.com\/pagina\/tag\/?q=Papa\" target=\"_blank\">Papa<\/a>, se indic\u00f3 que el pron\u00f3stico era \u00abreservado\u00bb.<\/p>\n\n\n\n<p><strong>La \u00faltima presencia en la Plaza San Pedro <\/strong><\/p>\n\n\n\n<p>El Papa Francisco sorprendi\u00f3 a los fieles en la plaza San Pedro al participar en la misa del Domingo de Ramos. El pont\u00edfice, que lleg\u00f3 en silla de ruedas y sin las c\u00e1nulas de ox\u00edgeno que hab\u00eda utilizado en ocasiones anteriores, salud\u00f3 a los presentes desde el altar principal.<\/p>\n\n\n\n<p>\u201cBuen Domingo de Ramos, buena Semana Santa\u201d, expres\u00f3 Francisco, quien se detuvo a saludar al cardenal argentino Leonardo Sandri, delegado para presidir la ceremonia.<\/p>\n\n\n\n<p>Esta aparici\u00f3n marc\u00f3 su tercera intervenci\u00f3n p\u00fablica tras haber estado 38 d\u00edas internado a causa de una neumon\u00eda bilateral. Desde que recibi\u00f3 el alta m\u00e9dica el 23 de marzo, Francisco intent\u00f3 retomar gradualmente su actividad, participando tambi\u00e9n en el Jubileo de los Enfermos el pasado 6 de abril. Sin embargo, no logr\u00f3 sobreponerse del todo.<\/p>\n\n\n\n<p>Al finalizar la misa, el Papa recorri\u00f3 la plaza para saludar a monjas y ni\u00f1os que celebraban su recuperaci\u00f3n.<\/p>\n\n\n\n<p>Durante el rezo del \u00c1ngelus, el sumo pont\u00edfice hizo un llamado a mantener la fe en tiempos de sufrimiento: \u201cFrente a los dolores f\u00edsicos y morales, no caigamos en la desesperaci\u00f3n ni nos encerremos en la amargura. Como Jes\u00fas, sint\u00e1monos envueltos por el abrazo providente y misericordioso del Padre\u201d.<\/p>\n\n\n\n<p>Finalmente, agradeci\u00f3 las muestras de apoyo recibidas: \u201cEn este momento de debilidad f\u00edsica, sus oraciones me ayudan a sentir la cercan\u00eda y la compasi\u00f3n de Dios. Yo tambi\u00e9n rezo por ustedes, en especial por aquellos que sufren a causa de guerras, pobreza o cat\u00e1strofes naturales\u201d.<\/p>\n<div class=\"sharedaddy sd-sharing-enabled\"><div class=\"robots-nocontent sd-block sd-social sd-social-icon sd-sharing\"><h3 class=\"sd-title\">Comparte esto:<\/h3><div class=\"sd-content\"><ul><li class=\"share-twitter\"><a rel=\"nofollow noopener noreferrer\" data-shared=\"sharing-twitter-45060\" class=\"share-twitter sd-button share-icon no-text\" href=\"http:\/\/www.rtvnoticias.com.ar\/?p=45060&amp;share=twitter\" target=\"_blank\" title=\"Haz clic para compartir en Twitter\"><span><\/span><span class=\"sharing-screen-reader-text\">Haz clic para compartir en Twitter (Se abre en una ventana nueva)<\/span><\/a><\/li><li class=\"share-facebook\"><a rel=\"nofollow noopener noreferrer\" data-shared=\"sharing-facebook-45060\" class=\"share-facebook sd-button share-icon no-text\" href=\"http:\/\/www.rtvnoticias.com.ar\/?p=45060&amp;share=facebook\" target=\"_blank\" title=\"Haz clic para compartir en Facebook\"><span><\/span><span class=\"sharing-screen-reader-text\">Haz clic para compartir en Facebook (Se abre en una ventana nueva)<\/span><\/a><\/li><li class=\"share-jetpack-whatsapp\"><a rel=\"nofollow noopener noreferrer\" data-shared=\"\" class=\"share-jetpack-whatsapp sd-button share-icon no-text\" href=\"http:\/\/www.rtvnoticias.com.ar\/?p=45060&amp;share=jetpack-whatsapp\" target=\"_blank\" title=\"Haz clic para compartir en WhatsApp\"><span><\/span><span class=\"sharing-screen-reader-text\">Haz clic para compartir en WhatsApp (Se abre en una ventana nueva)<\/span><\/a><\/li><li class=\"share-telegram\"><a rel=\"nofollow noopener noreferrer\" data-shared=\"\" class=\"share-telegram sd-button share-icon no-text\" href=\"http:\/\/www.rtvnoticias.com.ar\/?p=45060&amp;share=telegram\" target=\"_blank\" title=\"Haz clic para compartir en Telegram\"><span><\/span><span class=\"sharing-screen-reader-text\">Haz clic para compartir en Telegram (Se abre en una ventana nueva)<\/span><\/a><\/li><li class=\"share-end\"><\/li><\/ul><\/div><\/div><\/div>","protected":false},"excerpt":{"rendered":"<p>El Papa&nbsp;Francisco&nbsp;falleci\u00f3 en la ma\u00f1ana de este lunes 21 de abril.&nbsp;Ten\u00eda 88 a\u00f1os y hab\u00eda reaparecido este domingo para dar la bendici\u00f3n por la Pascua.<\/p>\n<div class=\"sharedaddy sd-sharing-enabled\"><div class=\"robots-nocontent sd-block sd-social sd-social-icon sd-sharing\"><h3 class=\"sd-title\">Comparte esto:<\/h3><div class=\"sd-content\"><ul><li class=\"share-twitter\"><a rel=\"nofollow noopener noreferrer\" data-shared=\"sharing-twitter-45060\" class=\"share-twitter sd-button share-icon no-text\" href=\"http:\/\/www.rtvnoticias.com.ar\/?p=45060&amp;share=twitter\" target=\"_blank\" title=\"Haz clic para compartir en Twitter\"><span><\/span><span class=\"sharing-screen-reader-text\">Haz clic para compartir en Twitter (Se abre en una ventana nueva)<\/span><\/a><\/li><li class=\"share-facebook\"><a rel=\"nofollow noopener noreferrer\" data-shared=\"sharing-facebook-45060\" class=\"share-facebook sd-button share-icon no-text\" href=\"http:\/\/www.rtvnoticias.com.ar\/?p=45060&amp;share=facebook\" target=\"_blank\" title=\"Haz clic para compartir en Facebook\"><span><\/span><span class=\"sharing-screen-reader-text\">Haz clic para compartir en Facebook (Se abre en una ventana nueva)<\/span><\/a><\/li><li class=\"share-jetpack-whatsapp\"><a rel=\"nofollow noopener noreferrer\" data-shared=\"\" class=\"share-jetpack-whatsapp sd-button share-icon no-text\" href=\"http:\/\/www.rtvnoticias.com.ar\/?p=45060&amp;share=jetpack-whatsapp\" target=\"_blank\" title=\"Haz clic para compartir en WhatsApp\"><span><\/span><span class=\"sharing-screen-reader-text\">Haz clic para compartir en WhatsApp (Se abre en una ventana nueva)<\/span><\/a><\/li><li class=\"share-telegram\"><a rel=\"nofollow noopener noreferrer\" data-shared=\"\" class=\"share-telegram sd-button share-icon no-text\" href=\"http:\/\/www.rtvnoticias.com.ar\/?p=45060&amp;share=telegram\" target=\"_blank\" title=\"Haz clic para compartir en Telegram\"><span><\/span><span class=\"sharing-screen-reader-text\">Haz clic para compartir en Telegram (Se abre en una ventana nueva)<\/span><\/a><\/li><li class=\"share-end\"><\/li><\/ul><\/div><\/div><\/div>","protected":false},"author":5,"featured_media":0,"comment_status":"closed","ping_status":"closed","sticky":false,"template":"","format":"standard","meta":{"spay_email":"","jetpack_publicize_message":"","jetpack_is_tweetstorm":false,"jetpack_publicize_feature_enabled":true},"categories":[7],"tags":[5371],"jetpack_featured_media_url":"","jetpack_publicize_connections":[],"jetpack_sharing_enabled":true,"_links":{"self":[{"href":"http:\/\/www.rtvnoticias.com.ar\/index.php?rest_route=\/wp\/v2\/posts\/45060"}],"collection":[{"href":"http:\/\/www.rtvnoticias.com.ar\/index.php?rest_route=\/wp\/v2\/posts"}],"about":[{"href":"http:\/\/www.rtvnoticias.com.ar\/index.php?rest_route=\/wp\/v2\/types\/post"}],"author":[{"embeddable":true,"href":"http:\/\/www.rtvnoticias.com.ar\/index.php?rest_route=\/wp\/v2\/users\/5"}],"replies":[{"embeddable":true,"href":"http:\/\/www.rtvnoticias.com.ar\/index.php?rest_route=%2Fwp%2Fv2%2Fcomments&post=45060"}],"version-history":[{"count":2,"href":"http:\/\/www.rtvnoticias.com.ar\/index.php?rest_route=\/wp\/v2\/posts\/45060\/revisions"}],"predecessor-version":[{"id":45067,"href":"http:\/\/www.rtvnoticias.com.ar\/index.php?rest_route=\/wp\/v2\/posts\/45060\/revisions\/45067"}],"wp:attachment":[{"href":"http:\/\/www.rtvnoticias.com.ar\/index.php?rest_route=%2Fwp%2Fv2%2Fmedia&parent=45060"}],"wp:term":[{"taxonomy":"category","embeddable":true,"href":"http:\/\/www.rtvnoticias.com.ar\/index.php?rest_route=%2Fwp%2Fv2%2Fcategories&post=45060"},{"taxonomy":"post_tag","embeddable":true,"href":"http:\/\/www.rtvnoticias.com.ar\/index.php?rest_route=%2Fwp%2Fv2%2Ftags&post=45060"}],"curies":[{"name":"wp","href":"https:\/\/api.w.org\/{rel}","templated":true}]}}