{"id":45072,"date":"2025-04-21T18:57:45","date_gmt":"2025-04-21T21:57:45","guid":{"rendered":"http:\/\/www.rtvnoticias.com.ar\/?p=45072"},"modified":"2025-04-21T18:57:51","modified_gmt":"2025-04-21T21:57:51","slug":"paro-en-la-unlpam-de-48-horas-en-defensa-de-la-educacion-publica","status":"publish","type":"post","link":"http:\/\/www.rtvnoticias.com.ar\/?p=45072","title":{"rendered":"Paro en la UNLPam de 48 horas en defensa de la Educaci\u00f3n P\u00fablica"},"content":{"rendered":"\n<p>La Asociaci\u00f3n de Docentes de la Universidad Nacional de La Pampa (ADU) y agrupaciones estudiantiles informan sobre el paro universitario de 48 horas los d\u00edas martes 22 y mi\u00e9rcoles 23 de abril con acciones de visibilizaci\u00f3n, en el marco del plan de lucha nacional en defensa de la universidad p\u00fablica, gratuita, laica y de calidad.<\/p>\n\n\n\n<p>A un a\u00f1o de la hist\u00f3rica Marcha Federal Universitaria, que reuni\u00f3 a miles de personas en todo el pa\u00eds en defensa de la educaci\u00f3n p\u00fablica, volvemos a movilizarnos ante una situaci\u00f3n cr\u00edtica que amenaza el presente y el futuro del sistema universitario argentino.<\/p>\n\n\n\n<p>Ante este contexto, se realizar\u00e1 una conferencia de prensa el martes 22 de abril a las 11 hs en la Universidad Nacional de La Pampa (UNLPam), con el objetivo de visibilizar la cr\u00edtica situaci\u00f3n que atraviesa el sistema universitario y anunciar las acciones que se impulsar\u00e1n en defensa de los derechos de docentes, no docentes y estudiantes.<\/p>\n\n\n\n<p>La comunidad universitaria enfrenta una situaci\u00f3n insostenible: las paritarias docentes permanecen congeladas, los aumentos salariales son impuestos de forma unilateral y no alcanzan a cubrir la inflaci\u00f3n, provocando una p\u00e9rdida del poder adquisitivo de m\u00e1s del 70%. A esto se suma el congelamiento presupuestario que afecta gravemente el funcionamiento de las universidades, con fondos que apenas alcanzan a cubrir el 50% de sus necesidades operativas. Las becas estudiantiles contin\u00faan congeladas y las obras de infraestructura est\u00e1n completamente paralizadas.<\/p>\n\n\n\n<p>Por otro lado, los anuncios del Gobierno nacional en el marco del nuevo acuerdo con el FMI, con reformas estructurales regresivas como la suba de la edad jubilatoria, la flexibilizaci\u00f3n laboral y la reducci\u00f3n de derechos adquiridos, s\u00f3lo profundizan la crisis social y educativa.<\/p>\n\n\n\n<p>Los y las estudiantes nos vemos obligados a trabajar en condiciones precarias para poder sostener nuestras carreras, mientras las Becas Progresar siguen estancadas en $35.000, un monto totalmente insuficiente frente a los aumentos en alquileres, transporte, alimentos y materiales de estudio.<\/p>\n\n\n\n<p>Por todo esto, convocamos a toda la comunidad educativa y a los medios de comunicaci\u00f3n a acompa\u00f1ar el paro y participar de la conferencia de prensa el martes 22 de abril a las 11 hs en la UNLPam.<\/p>\n<div class=\"sharedaddy sd-sharing-enabled\"><div class=\"robots-nocontent sd-block sd-social sd-social-icon sd-sharing\"><h3 class=\"sd-title\">Comparte esto:<\/h3><div class=\"sd-content\"><ul><li class=\"share-twitter\"><a rel=\"nofollow noopener noreferrer\" data-shared=\"sharing-twitter-45072\" class=\"share-twitter sd-button share-icon no-text\" href=\"http:\/\/www.rtvnoticias.com.ar\/?p=45072&amp;share=twitter\" target=\"_blank\" title=\"Haz clic para compartir en Twitter\"><span><\/span><span class=\"sharing-screen-reader-text\">Haz clic para compartir en Twitter (Se abre en una ventana nueva)<\/span><\/a><\/li><li class=\"share-facebook\"><a rel=\"nofollow noopener noreferrer\" data-shared=\"sharing-facebook-45072\" class=\"share-facebook sd-button share-icon no-text\" href=\"http:\/\/www.rtvnoticias.com.ar\/?p=45072&amp;share=facebook\" target=\"_blank\" title=\"Haz clic para compartir en Facebook\"><span><\/span><span class=\"sharing-screen-reader-text\">Haz clic para compartir en Facebook (Se abre en una ventana nueva)<\/span><\/a><\/li><li class=\"share-jetpack-whatsapp\"><a rel=\"nofollow noopener noreferrer\" data-shared=\"\" class=\"share-jetpack-whatsapp sd-button share-icon no-text\" href=\"http:\/\/www.rtvnoticias.com.ar\/?p=45072&amp;share=jetpack-whatsapp\" target=\"_blank\" title=\"Haz clic para compartir en WhatsApp\"><span><\/span><span class=\"sharing-screen-reader-text\">Haz clic para compartir en WhatsApp (Se abre en una ventana nueva)<\/span><\/a><\/li><li class=\"share-telegram\"><a rel=\"nofollow noopener noreferrer\" data-shared=\"\" class=\"share-telegram sd-button share-icon no-text\" href=\"http:\/\/www.rtvnoticias.com.ar\/?p=45072&amp;share=telegram\" target=\"_blank\" title=\"Haz clic para compartir en Telegram\"><span><\/span><span class=\"sharing-screen-reader-text\">Haz clic para compartir en Telegram (Se abre en una ventana nueva)<\/span><\/a><\/li><li class=\"share-end\"><\/li><\/ul><\/div><\/div><\/div>","protected":false},"excerpt":{"rendered":"<p>La Asociaci\u00f3n de Docentes de la Universidad Nacional de La Pampa (ADU) y agrupaciones estudiantiles informan sobre el paro universitario de 48 horas los d\u00edas<\/p>\n<div class=\"sharedaddy sd-sharing-enabled\"><div class=\"robots-nocontent sd-block sd-social sd-social-icon sd-sharing\"><h3 class=\"sd-title\">Comparte esto:<\/h3><div class=\"sd-content\"><ul><li class=\"share-twitter\"><a rel=\"nofollow noopener noreferrer\" data-shared=\"sharing-twitter-45072\" class=\"share-twitter sd-button share-icon no-text\" href=\"http:\/\/www.rtvnoticias.com.ar\/?p=45072&amp;share=twitter\" target=\"_blank\" title=\"Haz clic para compartir en Twitter\"><span><\/span><span class=\"sharing-screen-reader-text\">Haz clic para compartir en Twitter (Se abre en una ventana nueva)<\/span><\/a><\/li><li class=\"share-facebook\"><a rel=\"nofollow noopener noreferrer\" data-shared=\"sharing-facebook-45072\" class=\"share-facebook sd-button share-icon no-text\" href=\"http:\/\/www.rtvnoticias.com.ar\/?p=45072&amp;share=facebook\" target=\"_blank\" title=\"Haz clic para compartir en Facebook\"><span><\/span><span class=\"sharing-screen-reader-text\">Haz clic para compartir en Facebook (Se abre en una ventana nueva)<\/span><\/a><\/li><li class=\"share-jetpack-whatsapp\"><a rel=\"nofollow noopener noreferrer\" data-shared=\"\" class=\"share-jetpack-whatsapp sd-button share-icon no-text\" href=\"http:\/\/www.rtvnoticias.com.ar\/?p=45072&amp;share=jetpack-whatsapp\" target=\"_blank\" title=\"Haz clic para compartir en WhatsApp\"><span><\/span><span class=\"sharing-screen-reader-text\">Haz clic para compartir en WhatsApp (Se abre en una ventana nueva)<\/span><\/a><\/li><li class=\"share-telegram\"><a rel=\"nofollow noopener noreferrer\" data-shared=\"\" class=\"share-telegram sd-button share-icon no-text\" href=\"http:\/\/www.rtvnoticias.com.ar\/?p=45072&amp;share=telegram\" target=\"_blank\" title=\"Haz clic para compartir en Telegram\"><span><\/span><span class=\"sharing-screen-reader-text\">Haz clic para compartir en Telegram (Se abre en una ventana nueva)<\/span><\/a><\/li><li class=\"share-end\"><\/li><\/ul><\/div><\/div><\/div>","protected":false},"author":7,"featured_media":45073,"comment_status":"closed","ping_status":"closed","sticky":false,"template":"","format":"standard","meta":{"spay_email":"","jetpack_publicize_message":"","jetpack_is_tweetstorm":false,"jetpack_publicize_feature_enabled":true},"categories":[4],"tags":[],"jetpack_featured_media_url":"http:\/\/www.rtvnoticias.com.ar\/wp-content\/uploads\/2025\/04\/unlpam_logo_frente-e1773614875882.jpg","jetpack_publicize_connections":[],"jetpack_sharing_enabled":true,"_links":{"self":[{"href":"http:\/\/www.rtvnoticias.com.ar\/index.php?rest_route=\/wp\/v2\/posts\/45072"}],"collection":[{"href":"http:\/\/www.rtvnoticias.com.ar\/index.php?rest_route=\/wp\/v2\/posts"}],"about":[{"href":"http:\/\/www.rtvnoticias.com.ar\/index.php?rest_route=\/wp\/v2\/types\/post"}],"author":[{"embeddable":true,"href":"http:\/\/www.rtvnoticias.com.ar\/index.php?rest_route=\/wp\/v2\/users\/7"}],"replies":[{"embeddable":true,"href":"http:\/\/www.rtvnoticias.com.ar\/index.php?rest_route=%2Fwp%2Fv2%2Fcomments&post=45072"}],"version-history":[{"count":1,"href":"http:\/\/www.rtvnoticias.com.ar\/index.php?rest_route=\/wp\/v2\/posts\/45072\/revisions"}],"predecessor-version":[{"id":45074,"href":"http:\/\/www.rtvnoticias.com.ar\/index.php?rest_route=\/wp\/v2\/posts\/45072\/revisions\/45074"}],"wp:featuredmedia":[{"embeddable":true,"href":"http:\/\/www.rtvnoticias.com.ar\/index.php?rest_route=\/wp\/v2\/media\/45073"}],"wp:attachment":[{"href":"http:\/\/www.rtvnoticias.com.ar\/index.php?rest_route=%2Fwp%2Fv2%2Fmedia&parent=45072"}],"wp:term":[{"taxonomy":"category","embeddable":true,"href":"http:\/\/www.rtvnoticias.com.ar\/index.php?rest_route=%2Fwp%2Fv2%2Fcategories&post=45072"},{"taxonomy":"post_tag","embeddable":true,"href":"http:\/\/www.rtvnoticias.com.ar\/index.php?rest_route=%2Fwp%2Fv2%2Ftags&post=45072"}],"curies":[{"name":"wp","href":"https:\/\/api.w.org\/{rel}","templated":true}]}}