{"id":46121,"date":"2025-07-11T12:00:00","date_gmt":"2025-07-11T15:00:00","guid":{"rendered":"http:\/\/www.rtvnoticias.com.ar\/?p=46121"},"modified":"2025-07-11T12:41:27","modified_gmt":"2025-07-11T15:41:27","slug":"ziliotto-defendio-la-sancion-por-fondos-coparticipables-estamos-peleando-por-lo-que-nos-corresponde","status":"publish","type":"post","link":"http:\/\/www.rtvnoticias.com.ar\/?p=46121","title":{"rendered":"Ziliotto defendi\u00f3 la sanci\u00f3n por fondos coparticipables: \u201cEstamos peleando por lo que nos corresponde\u201d"},"content":{"rendered":"\n<p>El gobernador de La Pampa, Sergio Ziliotto, celebr\u00f3 la media sanci\u00f3n en el Senado del proyecto para recuperar fondos coparticipables y lo defini\u00f3 como \u201cun paso fundamental\u201d en la defensa del federalismo. En di\u00e1logo con el periodista Ari Lijalad, el mandatario provincial asegur\u00f3 que la iniciativa no pone en riesgo el plan econ\u00f3mico del Gobierno nacional y destac\u00f3 que el reclamo se basa en derechos constitucionales de las provincias.<\/p>\n\n\n\n<p>\u201cEstamos peleando nada m\u00e1s ni nada menos por lo que nos corresponde\u201d, sostuvo Ziliotto, y remarc\u00f3 que el objetivo es lograr un crecimiento arm\u00f3nico en todo el pa\u00eds. \u201cEsto no va en contra de nadie, sino a favor de nuestras provincias, que nos hemos hecho cargo de funciones clave del Estado: salud, educaci\u00f3n, seguridad y justicia\u201d, enfatiz\u00f3.<\/p>\n\n\n\n<p>En ese sentido, el gobernador fue cr\u00edtico con las declaraciones del presidente Javier Milei, quien acus\u00f3 a los mandatarios provinciales de \u201cquerer destruir al Gobierno\u201d. Ziliotto respondi\u00f3 con dureza: \u201cSi realmente el 0,3% del PBI que se destina a las provincias pone en peligro un modelo econ\u00f3mico, estamos desviando completamente el an\u00e1lisis\u201d.<\/p>\n\n\n\n<p>Adem\u00e1s, explic\u00f3 que si se concreta la iniciativa, La Pampa podr\u00eda incrementar su presupuesto anual en un 5%, algo que, seg\u00fan el mandatario, no representa un desequilibrio nacional, pero s\u00ed significar\u00eda un alivio importante para las finanzas provinciales. \u201cHemos demostrado eficiencia, tenemos las cuentas ordenadas y bajamos la presi\u00f3n tributaria, a pesar de que el Gobierno nacional la subi\u00f3\u201d, se\u00f1al\u00f3.<\/p>\n\n\n\n<p><strong>\u201cEl Congreso funcion\u00f3 plenamente\u201d<\/strong><br>Ziliotto tambi\u00e9n revel\u00f3 que la v\u00eda legislativa no fue la primera opci\u00f3n. Seg\u00fan relat\u00f3, la propuesta fue entregada en mano al Jefe de Gabinete, pero la respuesta del Ejecutivo no fue satisfactoria. Eso motiv\u00f3 a los gobernadores a buscar consensos en el Congreso, donde finalmente el proyecto obtuvo media sanci\u00f3n en la C\u00e1mara Alta.<\/p>\n\n\n\n<p>Consultado sobre los mensajes del oficialismo en redes sociales, que incluyeron im\u00e1genes agresivas hacia el Poder Legislativo, el gobernador pidi\u00f3 \u201cmesura\u201d y critic\u00f3 la falta de argumentos. \u201cHoy se discute el absurdo, no con fundamentos. Pero la sesi\u00f3n del Senado fue un gran paso institucional, donde qued\u00f3 claro que la democracia funciona y las mayor\u00edas se construyen seg\u00fan cada tema\u201d, subray\u00f3.<\/p>\n\n\n\n<p><strong>Cr\u00edticas por el estado de las rutas nacionales<\/strong><br>Otro de los puntos que gener\u00f3 preocupaci\u00f3n en el mandatario pampeano fue la situaci\u00f3n cr\u00edtica de las rutas nacionales tras la disoluci\u00f3n de Vialidad Nacional. \u201cEs el desconocimiento de la Argentina real\u201d, lament\u00f3. Seg\u00fan detall\u00f3, el 60% de las rutas nacionales en La Pampa requieren una inversi\u00f3n urgente, y la provincia ya pidi\u00f3 que se le transfieran 600 kil\u00f3metros de esas v\u00edas con los recursos correspondientes.<\/p>\n\n\n\n<p>\u201cSi queremos una Argentina desarrollada, necesitamos que la producci\u00f3n tenga caminos para salir al mundo\u201d, expres\u00f3.<\/p>\n\n\n\n<p><strong>El futuro del peronismo<br><\/strong>Ziliotto tambi\u00e9n se refiri\u00f3 al presente y futuro del peronismo, al que ve transitando un camino hacia la unidad. Para el gobernador, el rol del movimiento es claro: \u201cTenemos que conducir la necesidad de la gente de que haya un Estado que la proteja. El enemigo no est\u00e1 dentro del peronismo\u201d.<\/p>\n\n\n\n<p>\u201cHay otra Argentina posible, que contenga a todos, que deje atr\u00e1s la primarizaci\u00f3n de la econom\u00eda y genere inclusi\u00f3n a partir del trabajo digno\u201d, concluy\u00f3.<\/p>\n<div class=\"sharedaddy sd-sharing-enabled\"><div class=\"robots-nocontent sd-block sd-social sd-social-icon sd-sharing\"><h3 class=\"sd-title\">Comparte esto:<\/h3><div class=\"sd-content\"><ul><li class=\"share-twitter\"><a rel=\"nofollow noopener noreferrer\" data-shared=\"sharing-twitter-46121\" class=\"share-twitter sd-button share-icon no-text\" href=\"http:\/\/www.rtvnoticias.com.ar\/?p=46121&amp;share=twitter\" target=\"_blank\" title=\"Haz clic para compartir en Twitter\"><span><\/span><span class=\"sharing-screen-reader-text\">Haz clic para compartir en Twitter (Se abre en una ventana nueva)<\/span><\/a><\/li><li class=\"share-facebook\"><a rel=\"nofollow noopener noreferrer\" data-shared=\"sharing-facebook-46121\" class=\"share-facebook sd-button share-icon no-text\" href=\"http:\/\/www.rtvnoticias.com.ar\/?p=46121&amp;share=facebook\" target=\"_blank\" title=\"Haz clic para compartir en Facebook\"><span><\/span><span class=\"sharing-screen-reader-text\">Haz clic para compartir en Facebook (Se abre en una ventana nueva)<\/span><\/a><\/li><li class=\"share-jetpack-whatsapp\"><a rel=\"nofollow noopener noreferrer\" data-shared=\"\" class=\"share-jetpack-whatsapp sd-button share-icon no-text\" href=\"http:\/\/www.rtvnoticias.com.ar\/?p=46121&amp;share=jetpack-whatsapp\" target=\"_blank\" title=\"Haz clic para compartir en WhatsApp\"><span><\/span><span class=\"sharing-screen-reader-text\">Haz clic para compartir en WhatsApp (Se abre en una ventana nueva)<\/span><\/a><\/li><li class=\"share-telegram\"><a rel=\"nofollow noopener noreferrer\" data-shared=\"\" class=\"share-telegram sd-button share-icon no-text\" href=\"http:\/\/www.rtvnoticias.com.ar\/?p=46121&amp;share=telegram\" target=\"_blank\" title=\"Haz clic para compartir en Telegram\"><span><\/span><span class=\"sharing-screen-reader-text\">Haz clic para compartir en Telegram (Se abre en una ventana nueva)<\/span><\/a><\/li><li class=\"share-end\"><\/li><\/ul><\/div><\/div><\/div>","protected":false},"excerpt":{"rendered":"<p>El gobernador de La Pampa, Sergio Ziliotto, celebr\u00f3 la media sanci\u00f3n en el Senado del proyecto para recuperar fondos coparticipables y lo defini\u00f3 como \u201cun<\/p>\n<div class=\"sharedaddy sd-sharing-enabled\"><div class=\"robots-nocontent sd-block sd-social sd-social-icon sd-sharing\"><h3 class=\"sd-title\">Comparte esto:<\/h3><div class=\"sd-content\"><ul><li class=\"share-twitter\"><a rel=\"nofollow noopener noreferrer\" data-shared=\"sharing-twitter-46121\" class=\"share-twitter sd-button share-icon no-text\" href=\"http:\/\/www.rtvnoticias.com.ar\/?p=46121&amp;share=twitter\" target=\"_blank\" title=\"Haz clic para compartir en Twitter\"><span><\/span><span class=\"sharing-screen-reader-text\">Haz clic para compartir en Twitter (Se abre en una ventana nueva)<\/span><\/a><\/li><li class=\"share-facebook\"><a rel=\"nofollow noopener noreferrer\" data-shared=\"sharing-facebook-46121\" class=\"share-facebook sd-button share-icon no-text\" href=\"http:\/\/www.rtvnoticias.com.ar\/?p=46121&amp;share=facebook\" target=\"_blank\" title=\"Haz clic para compartir en Facebook\"><span><\/span><span class=\"sharing-screen-reader-text\">Haz clic para compartir en Facebook (Se abre en una ventana nueva)<\/span><\/a><\/li><li class=\"share-jetpack-whatsapp\"><a rel=\"nofollow noopener noreferrer\" data-shared=\"\" class=\"share-jetpack-whatsapp sd-button share-icon no-text\" href=\"http:\/\/www.rtvnoticias.com.ar\/?p=46121&amp;share=jetpack-whatsapp\" target=\"_blank\" title=\"Haz clic para compartir en WhatsApp\"><span><\/span><span class=\"sharing-screen-reader-text\">Haz clic para compartir en WhatsApp (Se abre en una ventana nueva)<\/span><\/a><\/li><li class=\"share-telegram\"><a rel=\"nofollow noopener noreferrer\" data-shared=\"\" class=\"share-telegram sd-button share-icon no-text\" href=\"http:\/\/www.rtvnoticias.com.ar\/?p=46121&amp;share=telegram\" target=\"_blank\" title=\"Haz clic para compartir en Telegram\"><span><\/span><span class=\"sharing-screen-reader-text\">Haz clic para compartir en Telegram (Se abre en una ventana nueva)<\/span><\/a><\/li><li class=\"share-end\"><\/li><\/ul><\/div><\/div><\/div>","protected":false},"author":7,"featured_media":41370,"comment_status":"closed","ping_status":"closed","sticky":false,"template":"","format":"standard","meta":{"spay_email":"","jetpack_publicize_message":"","jetpack_is_tweetstorm":false,"jetpack_publicize_feature_enabled":true},"categories":[4],"tags":[],"jetpack_featured_media_url":"http:\/\/www.rtvnoticias.com.ar\/wp-content\/uploads\/2024\/07\/ziliotto-vertiz.jpg","jetpack_publicize_connections":[],"jetpack_sharing_enabled":true,"_links":{"self":[{"href":"http:\/\/www.rtvnoticias.com.ar\/index.php?rest_route=\/wp\/v2\/posts\/46121"}],"collection":[{"href":"http:\/\/www.rtvnoticias.com.ar\/index.php?rest_route=\/wp\/v2\/posts"}],"about":[{"href":"http:\/\/www.rtvnoticias.com.ar\/index.php?rest_route=\/wp\/v2\/types\/post"}],"author":[{"embeddable":true,"href":"http:\/\/www.rtvnoticias.com.ar\/index.php?rest_route=\/wp\/v2\/users\/7"}],"replies":[{"embeddable":true,"href":"http:\/\/www.rtvnoticias.com.ar\/index.php?rest_route=%2Fwp%2Fv2%2Fcomments&post=46121"}],"version-history":[{"count":1,"href":"http:\/\/www.rtvnoticias.com.ar\/index.php?rest_route=\/wp\/v2\/posts\/46121\/revisions"}],"predecessor-version":[{"id":46122,"href":"http:\/\/www.rtvnoticias.com.ar\/index.php?rest_route=\/wp\/v2\/posts\/46121\/revisions\/46122"}],"wp:featuredmedia":[{"embeddable":true,"href":"http:\/\/www.rtvnoticias.com.ar\/index.php?rest_route=\/wp\/v2\/media\/41370"}],"wp:attachment":[{"href":"http:\/\/www.rtvnoticias.com.ar\/index.php?rest_route=%2Fwp%2Fv2%2Fmedia&parent=46121"}],"wp:term":[{"taxonomy":"category","embeddable":true,"href":"http:\/\/www.rtvnoticias.com.ar\/index.php?rest_route=%2Fwp%2Fv2%2Fcategories&post=46121"},{"taxonomy":"post_tag","embeddable":true,"href":"http:\/\/www.rtvnoticias.com.ar\/index.php?rest_route=%2Fwp%2Fv2%2Ftags&post=46121"}],"curies":[{"name":"wp","href":"https:\/\/api.w.org\/{rel}","templated":true}]}}