{"id":46123,"date":"2025-07-11T12:44:56","date_gmt":"2025-07-11T15:44:56","guid":{"rendered":"http:\/\/www.rtvnoticias.com.ar\/?p=46123"},"modified":"2025-07-11T12:45:00","modified_gmt":"2025-07-11T15:45:00","slug":"el-gobierno-busca-recomponer-lazos-con-gobernadores-y-prepara-una-ofensiva-judicial","status":"publish","type":"post","link":"http:\/\/www.rtvnoticias.com.ar\/?p=46123","title":{"rendered":"El Gobierno busca recomponer lazos con gobernadores y prepara una ofensiva judicial"},"content":{"rendered":"\n<p>El rev\u00e9s que sufri\u00f3 el oficialismo en el Senado el pasado jueves encendi\u00f3 alarmas en Casa Rosada, pero no alter\u00f3 los planes del Gobierno de recomponer su v\u00ednculo con los gobernadores aliados y trazar una estrategia para vetar o judicializar las leyes sancionadas por la oposici\u00f3n.<\/p>\n\n\n\n<p>En una jornada legislativa intensa, el Ejecutivo fue testigo de c\u00f3mo la C\u00e1mara Alta aprob\u00f3 una bater\u00eda de proyectos impulsados por bloques no oficialistas: el aumento del bono jubilatorio, la pr\u00f3rroga de la moratoria previsional, la declaraci\u00f3n de emergencia en discapacidad, el rechazo al veto por fondos para Bah\u00eda Blanca y una pol\u00e9mica reforma de la coparticipaci\u00f3n federal.<\/p>\n\n\n\n<p>A pesar del golpe, en Balcarce 50 vieron con buenos ojos el gesto de varios gobernadores cercanos, especialmente aquellos que a\u00fan responden al espacio de Juntos por el Cambio, y que ordenaron a sus senadores ausentarse o abstenerse en las votaciones para evitar el avance de algunas de las iniciativas m\u00e1s sensibles para el plan fiscal del Gobierno.<\/p>\n\n\n\n<p><strong>Gesto de gobernadores aliados<\/strong><br>Los mandatarios Alfredo Cornejo (Mendoza), Rogelio Frigerio (Entre R\u00edos), Leandro Zdero (Chaco) e Ignacio Torres (Chubut) fueron claves en este movimiento: aportaron cinco ausencias y dos abstenciones, que si bien no alcanzaron para frenar la sesi\u00f3n, marcaron una diferencia en la interna opositora. Solo acompa\u00f1aron los proyectos que redistribuyen Aportes del Tesoro Nacional (ATN) y recursos del impuesto a los combustibles.<\/p>\n\n\n\n<p>Estas se\u00f1ales, interpretadas como un intento de moderaci\u00f3n, reactivaron los contactos entre Naci\u00f3n y provincias. El jefe de Gabinete, Guillermo Francos, trabaja para convocar a los gobernadores dialoguistas a una reuni\u00f3n que todav\u00eda no tiene fecha, pero que ya forma parte de la agenda de alto nivel.<\/p>\n\n\n\n<p>\u201cSiempre hay posibilidades de conversar. No todos los gobernadores son lo mismo\u201d, asegur\u00f3 Francos en declaraciones radiales, y diferenci\u00f3 entre los que, seg\u00fan dijo, \u201cse dedican a gastar\u201d y aquellos con una administraci\u00f3n m\u00e1s ordenada. Su rol como articulador pol\u00edtico vuelve a ser clave en un momento de fragilidad institucional.<\/p>\n\n\n\n<p><strong>La estrategia del \u00abveto y judicializaci\u00f3n\u00bb<\/strong><br>Mientras se intenta recomponer el di\u00e1logo pol\u00edtico, el Gobierno avanza en una estrategia legal para neutralizar el avance legislativo. En Casa Rosada ya se analiza un veto a las leyes aprobadas, o directamente llevar la sesi\u00f3n al \u00e1mbito judicial por considerar que se trat\u00f3 de una convocatoria \u201cirregular\u201d.<\/p>\n\n\n\n<p>\u201cEsa sesi\u00f3n no fue legal, no importa si Victoria estuvo sentada ah\u00ed o no\u201d, deslizaron desde un despacho presidencial. En paralelo, los abogados del Gobierno trabajan en los argumentos jur\u00eddicos para presentar un eventual recurso ante la Justicia.<\/p>\n\n\n\n<p>El propio presidente Javier Milei dej\u00f3 en claro que no dejar\u00e1 pasar lo sucedido. Durante un acto en la Bolsa de Comercio de Buenos Aires, fue tajante: \u201cVamos a vetar. Y si el veto se cae, lo vamos a judicializar\u201d.<\/p>\n\n\n\n<p>Adem\u00e1s, lanz\u00f3 duras cr\u00edticas al Congreso, al que calific\u00f3 como una \u201cmadriguera inmunda\u201d habitada por \u201cdegenerados fiscales\u201d. Incluso advirti\u00f3 que, si todo lo aprobado genera efectos negativos, \u201cel 11 de diciembre se la vamos a revertir\u201d, en referencia al recambio parlamentario de fin de a\u00f1o.<\/p>\n\n\n\n<p><strong>Cruces con Villarruel y tensiones internas<\/strong><br>Uno de los episodios m\u00e1s tensos tras la sesi\u00f3n fue el enfrentamiento pol\u00edtico entre el oficialismo y la vicepresidenta Victoria Villarruel, quien presidi\u00f3 el inicio de la jornada parlamentaria. Aunque Milei no la nombr\u00f3 directamente, la acus\u00f3 de forma impl\u00edcita de \u201ctraidora\u201d al repasar el magro poder legislativo del oficialismo: \u201cTodo lo que hicimos fue con el 15% de los diputados, siete senadores, una traidora y el mejor jefe de Gabinete de la historia: Guillermo Francos\u201d.<\/p>\n\n\n\n<p>La ministra de Seguridad, Patricia Bullrich, no fue tan sutil y acus\u00f3 directamente a Villarruel de complicidad con el kirchnerismo: \u201cLev\u00e1ntese, Sra. Vicepresidenta. No denigre la instituci\u00f3n que preside. No sea c\u00f3mplice del kirchnerismo destructor\u201d.<\/p>\n\n\n\n<p>La respuesta de Villarruel no se hizo esperar y dej\u00f3 entrever la creciente interna dentro del oficialismo, en un contexto en el que el Presidente busca consolidar su liderazgo sin fisuras.<\/p>\n<div class=\"sharedaddy sd-sharing-enabled\"><div class=\"robots-nocontent sd-block sd-social sd-social-icon sd-sharing\"><h3 class=\"sd-title\">Comparte esto:<\/h3><div class=\"sd-content\"><ul><li class=\"share-twitter\"><a rel=\"nofollow noopener noreferrer\" data-shared=\"sharing-twitter-46123\" class=\"share-twitter sd-button share-icon no-text\" href=\"http:\/\/www.rtvnoticias.com.ar\/?p=46123&amp;share=twitter\" target=\"_blank\" title=\"Haz clic para compartir en Twitter\"><span><\/span><span class=\"sharing-screen-reader-text\">Haz clic para compartir en Twitter (Se abre en una ventana nueva)<\/span><\/a><\/li><li class=\"share-facebook\"><a rel=\"nofollow noopener noreferrer\" data-shared=\"sharing-facebook-46123\" class=\"share-facebook sd-button share-icon no-text\" href=\"http:\/\/www.rtvnoticias.com.ar\/?p=46123&amp;share=facebook\" target=\"_blank\" title=\"Haz clic para compartir en Facebook\"><span><\/span><span class=\"sharing-screen-reader-text\">Haz clic para compartir en Facebook (Se abre en una ventana nueva)<\/span><\/a><\/li><li class=\"share-jetpack-whatsapp\"><a rel=\"nofollow noopener noreferrer\" data-shared=\"\" class=\"share-jetpack-whatsapp sd-button share-icon no-text\" href=\"http:\/\/www.rtvnoticias.com.ar\/?p=46123&amp;share=jetpack-whatsapp\" target=\"_blank\" title=\"Haz clic para compartir en WhatsApp\"><span><\/span><span class=\"sharing-screen-reader-text\">Haz clic para compartir en WhatsApp (Se abre en una ventana nueva)<\/span><\/a><\/li><li class=\"share-telegram\"><a rel=\"nofollow noopener noreferrer\" data-shared=\"\" class=\"share-telegram sd-button share-icon no-text\" href=\"http:\/\/www.rtvnoticias.com.ar\/?p=46123&amp;share=telegram\" target=\"_blank\" title=\"Haz clic para compartir en Telegram\"><span><\/span><span class=\"sharing-screen-reader-text\">Haz clic para compartir en Telegram (Se abre en una ventana nueva)<\/span><\/a><\/li><li class=\"share-end\"><\/li><\/ul><\/div><\/div><\/div>","protected":false},"excerpt":{"rendered":"<p>El rev\u00e9s que sufri\u00f3 el oficialismo en el Senado el pasado jueves encendi\u00f3 alarmas en Casa Rosada, pero no alter\u00f3 los planes del Gobierno de<\/p>\n<div class=\"sharedaddy sd-sharing-enabled\"><div class=\"robots-nocontent sd-block sd-social sd-social-icon sd-sharing\"><h3 class=\"sd-title\">Comparte esto:<\/h3><div class=\"sd-content\"><ul><li class=\"share-twitter\"><a rel=\"nofollow noopener noreferrer\" data-shared=\"sharing-twitter-46123\" class=\"share-twitter sd-button share-icon no-text\" href=\"http:\/\/www.rtvnoticias.com.ar\/?p=46123&amp;share=twitter\" target=\"_blank\" title=\"Haz clic para compartir en Twitter\"><span><\/span><span class=\"sharing-screen-reader-text\">Haz clic para compartir en Twitter (Se abre en una ventana nueva)<\/span><\/a><\/li><li class=\"share-facebook\"><a rel=\"nofollow noopener noreferrer\" data-shared=\"sharing-facebook-46123\" class=\"share-facebook sd-button share-icon no-text\" href=\"http:\/\/www.rtvnoticias.com.ar\/?p=46123&amp;share=facebook\" target=\"_blank\" title=\"Haz clic para compartir en Facebook\"><span><\/span><span class=\"sharing-screen-reader-text\">Haz clic para compartir en Facebook (Se abre en una ventana nueva)<\/span><\/a><\/li><li class=\"share-jetpack-whatsapp\"><a rel=\"nofollow noopener noreferrer\" data-shared=\"\" class=\"share-jetpack-whatsapp sd-button share-icon no-text\" href=\"http:\/\/www.rtvnoticias.com.ar\/?p=46123&amp;share=jetpack-whatsapp\" target=\"_blank\" title=\"Haz clic para compartir en WhatsApp\"><span><\/span><span class=\"sharing-screen-reader-text\">Haz clic para compartir en WhatsApp (Se abre en una ventana nueva)<\/span><\/a><\/li><li class=\"share-telegram\"><a rel=\"nofollow noopener noreferrer\" data-shared=\"\" class=\"share-telegram sd-button share-icon no-text\" href=\"http:\/\/www.rtvnoticias.com.ar\/?p=46123&amp;share=telegram\" target=\"_blank\" title=\"Haz clic para compartir en Telegram\"><span><\/span><span class=\"sharing-screen-reader-text\">Haz clic para compartir en Telegram (Se abre en una ventana nueva)<\/span><\/a><\/li><li class=\"share-end\"><\/li><\/ul><\/div><\/div><\/div>","protected":false},"author":7,"featured_media":44005,"comment_status":"closed","ping_status":"closed","sticky":false,"template":"","format":"standard","meta":{"spay_email":"","jetpack_publicize_message":"","jetpack_is_tweetstorm":false,"jetpack_publicize_feature_enabled":true},"categories":[5],"tags":[],"jetpack_featured_media_url":"http:\/\/www.rtvnoticias.com.ar\/wp-content\/uploads\/2025\/02\/20240622_LDP001.jpg","jetpack_publicize_connections":[],"jetpack_sharing_enabled":true,"_links":{"self":[{"href":"http:\/\/www.rtvnoticias.com.ar\/index.php?rest_route=\/wp\/v2\/posts\/46123"}],"collection":[{"href":"http:\/\/www.rtvnoticias.com.ar\/index.php?rest_route=\/wp\/v2\/posts"}],"about":[{"href":"http:\/\/www.rtvnoticias.com.ar\/index.php?rest_route=\/wp\/v2\/types\/post"}],"author":[{"embeddable":true,"href":"http:\/\/www.rtvnoticias.com.ar\/index.php?rest_route=\/wp\/v2\/users\/7"}],"replies":[{"embeddable":true,"href":"http:\/\/www.rtvnoticias.com.ar\/index.php?rest_route=%2Fwp%2Fv2%2Fcomments&post=46123"}],"version-history":[{"count":1,"href":"http:\/\/www.rtvnoticias.com.ar\/index.php?rest_route=\/wp\/v2\/posts\/46123\/revisions"}],"predecessor-version":[{"id":46124,"href":"http:\/\/www.rtvnoticias.com.ar\/index.php?rest_route=\/wp\/v2\/posts\/46123\/revisions\/46124"}],"wp:featuredmedia":[{"embeddable":true,"href":"http:\/\/www.rtvnoticias.com.ar\/index.php?rest_route=\/wp\/v2\/media\/44005"}],"wp:attachment":[{"href":"http:\/\/www.rtvnoticias.com.ar\/index.php?rest_route=%2Fwp%2Fv2%2Fmedia&parent=46123"}],"wp:term":[{"taxonomy":"category","embeddable":true,"href":"http:\/\/www.rtvnoticias.com.ar\/index.php?rest_route=%2Fwp%2Fv2%2Fcategories&post=46123"},{"taxonomy":"post_tag","embeddable":true,"href":"http:\/\/www.rtvnoticias.com.ar\/index.php?rest_route=%2Fwp%2Fv2%2Ftags&post=46123"}],"curies":[{"name":"wp","href":"https:\/\/api.w.org\/{rel}","templated":true}]}}