{"id":46131,"date":"2025-07-13T12:51:37","date_gmt":"2025-07-13T15:51:37","guid":{"rendered":"http:\/\/www.rtvnoticias.com.ar\/?p=46131"},"modified":"2025-07-13T12:51:42","modified_gmt":"2025-07-13T15:51:42","slug":"vacaciones-de-invierno-bariloche-mendoza-y-el-norte-argentino-con-niveles-dispares-de-ocupacion","status":"publish","type":"post","link":"http:\/\/www.rtvnoticias.com.ar\/?p=46131","title":{"rendered":"Vacaciones de invierno: Bariloche, Mendoza y el norte argentino con niveles dispares de ocupaci\u00f3n"},"content":{"rendered":"\n<p>Bariloche se prepara para la temporada invernal con un 80% de reservas, seg\u00fan explic\u00f3 el secretario de Turismo de la ciudad, Sergio Herrero. \u00abViene un poco demorada la nieve, pero tenemos un poquito en el Catedral y nieve t\u00e9cnica para mantener las pistas\u00bb, explic\u00f3.<\/p>\n\n\n\n<p>Los ca\u00f1ones de nieve, que requieren condiciones espec\u00edficas de temperatura y presi\u00f3n, permiten que la ciudad est\u00e9 lista para recibir visitantes. Herrero destac\u00f3: \u00abLa concesionaria hizo una obra muy grande en la punta del cerro para un reservorio de agua importante\u00bb.<\/p>\n\n\n\n<p>En cuanto a la llegada de turistas, Herrero mencion\u00f3 que trabajaron arduamente en promociones con Brasil, donde el inter\u00e9s por Bariloche es significativo. \u00abEl brasilero ama la nieve, ama Bariloche\u00bb, afirm\u00f3 a Cadena 3. Adem\u00e1s, el atractivo gastron\u00f3mico, como el cordero patag\u00f3nico y los vinos de la regi\u00f3n, es un factor clave para los visitantes.<\/p>\n\n\n\n<p>Respecto a los precios, el Secretario se\u00f1al\u00f3 que no habr\u00e1 aumentos en el precio del pase de esqu\u00ed, que se mantendr\u00e1 congelado. \u00abHoy tenemos el mismo precio del pase del a\u00f1o pasado\u00bb, asegur\u00f3.<\/p>\n\n\n\n<p>Bariloche cuenta con 30.400 plazas disponibles, lo que permite a los turistas encontrar opciones que se ajusten a su presupuesto. \u00abHay muchas promociones de vuelos de cuatro d\u00edas, ida y vuelta, con precios muy accesibles\u00bb, a\u00f1adi\u00f3 Herrero.<\/p>\n\n\n\n<p>Por otra parte, la provincia de Mendoza inici\u00f3 su receso escolar este lunes 7 de julio, marcando el comienzo de las vacaciones de invierno. Las reservas vienen \u00abfr\u00edas\u00bb por el momento, alcanzando el 30 a 50%, aunque el Gobierno estima que con el viajero repentino se alcance a una ocupaci\u00f3n hotelera cercana al 65-70% para la semana que viene.<\/p>\n\n\n\n<p>Para quienes planean visitar las pistas de esqu\u00ed, los precios de los pases de elevaci\u00f3n diarios en Las Le\u00f1as cuestan $150.000; mientras que la entrada al centro de esqu\u00ed Los Puquios, en el parque recreativo, cuesta 2000 pesos para disfrutar de un d\u00eda de picnic en la nieve.<\/p>\n\n\n\n<p>Las provincias de Salta y Jujuy se preparan para recibir a turistas durante las vacaciones de invierno con altas expectativas. En Jujuy, el ministro de Turismo, Federico Posadas, anunci\u00f3 que \u00abel 60% de reservas hoteleras para las vacaciones\u00bb ya est\u00e1n confirmadas.<\/p>\n\n\n\n<p>Por su parte, en Salta, la situaci\u00f3n es diferente. Aunque no se registran reservas programadas con anticipaci\u00f3n, el presidente de la C\u00e1mara de Turismo de Salta indic\u00f3 que \u00ablas reservas llegan a \u00faltimo minuto\u00bb. A pesar de esta tendencia, se espera el arribo de 250 mil personas a la provincia.<\/p>\n\n\n\n<p>Para recibir a los visitantes, se prepararon m\u00e1s de 200 actividades, muchas de ellas gratuitas. Fernando Garc\u00eda Soria, titular del ente de turismo de la ciudad, destac\u00f3 que \u00abmuchas de ellas sin costo, para que la gente pueda disfrutar\u00bb. Las actividades incluyen ferias artesanales los fines de semana y pe\u00f1as en la plazoleta los martes y jueves.<\/p>\n<div class=\"sharedaddy sd-sharing-enabled\"><div class=\"robots-nocontent sd-block sd-social sd-social-icon sd-sharing\"><h3 class=\"sd-title\">Comparte esto:<\/h3><div class=\"sd-content\"><ul><li class=\"share-twitter\"><a rel=\"nofollow noopener noreferrer\" data-shared=\"sharing-twitter-46131\" class=\"share-twitter sd-button share-icon no-text\" href=\"http:\/\/www.rtvnoticias.com.ar\/?p=46131&amp;share=twitter\" target=\"_blank\" title=\"Haz clic para compartir en Twitter\"><span><\/span><span class=\"sharing-screen-reader-text\">Haz clic para compartir en Twitter (Se abre en una ventana nueva)<\/span><\/a><\/li><li class=\"share-facebook\"><a rel=\"nofollow noopener noreferrer\" data-shared=\"sharing-facebook-46131\" class=\"share-facebook sd-button share-icon no-text\" href=\"http:\/\/www.rtvnoticias.com.ar\/?p=46131&amp;share=facebook\" target=\"_blank\" title=\"Haz clic para compartir en Facebook\"><span><\/span><span class=\"sharing-screen-reader-text\">Haz clic para compartir en Facebook (Se abre en una ventana nueva)<\/span><\/a><\/li><li class=\"share-jetpack-whatsapp\"><a rel=\"nofollow noopener noreferrer\" data-shared=\"\" class=\"share-jetpack-whatsapp sd-button share-icon no-text\" href=\"http:\/\/www.rtvnoticias.com.ar\/?p=46131&amp;share=jetpack-whatsapp\" target=\"_blank\" title=\"Haz clic para compartir en WhatsApp\"><span><\/span><span class=\"sharing-screen-reader-text\">Haz clic para compartir en WhatsApp (Se abre en una ventana nueva)<\/span><\/a><\/li><li class=\"share-telegram\"><a rel=\"nofollow noopener noreferrer\" data-shared=\"\" class=\"share-telegram sd-button share-icon no-text\" href=\"http:\/\/www.rtvnoticias.com.ar\/?p=46131&amp;share=telegram\" target=\"_blank\" title=\"Haz clic para compartir en Telegram\"><span><\/span><span class=\"sharing-screen-reader-text\">Haz clic para compartir en Telegram (Se abre en una ventana nueva)<\/span><\/a><\/li><li class=\"share-end\"><\/li><\/ul><\/div><\/div><\/div>","protected":false},"excerpt":{"rendered":"<p>Bariloche se prepara para la temporada invernal con un 80% de reservas, seg\u00fan explic\u00f3 el secretario de Turismo de la ciudad, Sergio Herrero. \u00abViene un<\/p>\n<div class=\"sharedaddy sd-sharing-enabled\"><div class=\"robots-nocontent sd-block sd-social sd-social-icon sd-sharing\"><h3 class=\"sd-title\">Comparte esto:<\/h3><div class=\"sd-content\"><ul><li class=\"share-twitter\"><a rel=\"nofollow noopener noreferrer\" data-shared=\"sharing-twitter-46131\" class=\"share-twitter sd-button share-icon no-text\" href=\"http:\/\/www.rtvnoticias.com.ar\/?p=46131&amp;share=twitter\" target=\"_blank\" title=\"Haz clic para compartir en Twitter\"><span><\/span><span class=\"sharing-screen-reader-text\">Haz clic para compartir en Twitter (Se abre en una ventana nueva)<\/span><\/a><\/li><li class=\"share-facebook\"><a rel=\"nofollow noopener noreferrer\" data-shared=\"sharing-facebook-46131\" class=\"share-facebook sd-button share-icon no-text\" href=\"http:\/\/www.rtvnoticias.com.ar\/?p=46131&amp;share=facebook\" target=\"_blank\" title=\"Haz clic para compartir en Facebook\"><span><\/span><span class=\"sharing-screen-reader-text\">Haz clic para compartir en Facebook (Se abre en una ventana nueva)<\/span><\/a><\/li><li class=\"share-jetpack-whatsapp\"><a rel=\"nofollow noopener noreferrer\" data-shared=\"\" class=\"share-jetpack-whatsapp sd-button share-icon no-text\" href=\"http:\/\/www.rtvnoticias.com.ar\/?p=46131&amp;share=jetpack-whatsapp\" target=\"_blank\" title=\"Haz clic para compartir en WhatsApp\"><span><\/span><span class=\"sharing-screen-reader-text\">Haz clic para compartir en WhatsApp (Se abre en una ventana nueva)<\/span><\/a><\/li><li class=\"share-telegram\"><a rel=\"nofollow noopener noreferrer\" data-shared=\"\" class=\"share-telegram sd-button share-icon no-text\" href=\"http:\/\/www.rtvnoticias.com.ar\/?p=46131&amp;share=telegram\" target=\"_blank\" title=\"Haz clic para compartir en Telegram\"><span><\/span><span class=\"sharing-screen-reader-text\">Haz clic para compartir en Telegram (Se abre en una ventana nueva)<\/span><\/a><\/li><li class=\"share-end\"><\/li><\/ul><\/div><\/div><\/div>","protected":false},"author":5,"featured_media":46132,"comment_status":"closed","ping_status":"closed","sticky":false,"template":"","format":"standard","meta":{"spay_email":"","jetpack_publicize_message":"","jetpack_is_tweetstorm":false,"jetpack_publicize_feature_enabled":true},"categories":[5],"tags":[4781],"jetpack_featured_media_url":"http:\/\/www.rtvnoticias.com.ar\/wp-content\/uploads\/2025\/07\/esqui-pista.jpg","jetpack_publicize_connections":[],"jetpack_sharing_enabled":true,"_links":{"self":[{"href":"http:\/\/www.rtvnoticias.com.ar\/index.php?rest_route=\/wp\/v2\/posts\/46131"}],"collection":[{"href":"http:\/\/www.rtvnoticias.com.ar\/index.php?rest_route=\/wp\/v2\/posts"}],"about":[{"href":"http:\/\/www.rtvnoticias.com.ar\/index.php?rest_route=\/wp\/v2\/types\/post"}],"author":[{"embeddable":true,"href":"http:\/\/www.rtvnoticias.com.ar\/index.php?rest_route=\/wp\/v2\/users\/5"}],"replies":[{"embeddable":true,"href":"http:\/\/www.rtvnoticias.com.ar\/index.php?rest_route=%2Fwp%2Fv2%2Fcomments&post=46131"}],"version-history":[{"count":1,"href":"http:\/\/www.rtvnoticias.com.ar\/index.php?rest_route=\/wp\/v2\/posts\/46131\/revisions"}],"predecessor-version":[{"id":46133,"href":"http:\/\/www.rtvnoticias.com.ar\/index.php?rest_route=\/wp\/v2\/posts\/46131\/revisions\/46133"}],"wp:featuredmedia":[{"embeddable":true,"href":"http:\/\/www.rtvnoticias.com.ar\/index.php?rest_route=\/wp\/v2\/media\/46132"}],"wp:attachment":[{"href":"http:\/\/www.rtvnoticias.com.ar\/index.php?rest_route=%2Fwp%2Fv2%2Fmedia&parent=46131"}],"wp:term":[{"taxonomy":"category","embeddable":true,"href":"http:\/\/www.rtvnoticias.com.ar\/index.php?rest_route=%2Fwp%2Fv2%2Fcategories&post=46131"},{"taxonomy":"post_tag","embeddable":true,"href":"http:\/\/www.rtvnoticias.com.ar\/index.php?rest_route=%2Fwp%2Fv2%2Ftags&post=46131"}],"curies":[{"name":"wp","href":"https:\/\/api.w.org\/{rel}","templated":true}]}}