{"id":46792,"date":"2025-09-13T07:40:00","date_gmt":"2025-09-13T10:40:00","guid":{"rendered":"http:\/\/www.rtvnoticias.com.ar\/?p=46792"},"modified":"2025-09-12T20:45:54","modified_gmt":"2025-09-12T23:45:54","slug":"trenel-sera-sede-de-la-segunda-mesa-provincial-de-agentes-juveniles","status":"publish","type":"post","link":"http:\/\/www.rtvnoticias.com.ar\/?p=46792","title":{"rendered":"Trenel ser\u00e1 sede de la segunda Mesa Provincial de Agentes Juveniles"},"content":{"rendered":"\n<p>El pr\u00f3ximo mi\u00e9rcoles 17 de septiembre se llevar\u00e1 a cabo en el Sal\u00f3n Comunal de Trenel la segunda edici\u00f3n de la Mesa Provincial de Agentes Juveniles, organizada por la Subsecretar\u00eda de Juventud del Ministerio de Desarrollo Social y Derechos Humanos.El encuentro que comenzar\u00e1 a las 8:30, reunir\u00e1 a referentes de todas las Agencias Juveniles municipales, consolidando este espacio como una herramienta para federalizar las pol\u00edticas p\u00fablicas de juventudes, fortalecer equipos territoriales y coordinar acciones conjuntas entre el Gobierno provincial y las localidades.<\/p>\n\n\n\n<p>La jornada tendr\u00e1 un perfil din\u00e1mico y operativo, orientado a traducir los diagn\u00f3sticos en acciones concretas en el territorio. La din\u00e1mica de la actividad ser\u00e1 llevada a cabo por el Laboratorio Provincial de Innovaci\u00f3n P\u00fablica (LABip) del Ministerio de Conectividad y Modernizaci\u00f3n. Entre los principales ejes de trabajo se destacan:<\/p>\n\n\n\n<ul><li>Presentaci\u00f3n de los resultados del relevancia institucional de las Agencias Juveniles.<\/li><li>S\u00edntesis de la oferta provincial de programas ministeriales y de organismos vinculados a juventudes.<\/li><li>Agenda juvenil para el segundo semestre, con cursos, concursos y actividades comunes en todas las regiones.<\/li><li>Lanzamiento de la Encuesta Joven (septiembre-diciembre 2025), destinada a relevar intereses y necesidades de las juventudes pampeanas.<\/li><li>Espacios de trabajo en mesas locales y regionales para la definici\u00f3n de acciones prioritarias y compromisos.<\/li><\/ul>\n\n\n\n<p>El subsecretario de Juventud, Rodrigo Draeger, se\u00f1al\u00f3 que las agencias juveniles \u00abdeben actuar como una red en movimiento que fortalece al territorio. Desde la Provincia aportamos herramientas y programas para que cada municipio potencie sus fortalezas y oportunidades regionales\u00bb. Adem\u00e1s, el funcionario indic\u00f3 que \u00aben un contexto de recorte de recursos nacionales, La Pampa responde con unidad, creatividad y organizaci\u00f3n. El desaf\u00edo de la jornada es que cada localidad se lleve un plan claro, con fechas y responsabilidades, para sostener y ampliar los derechos de las juventudes\u00bb.<\/p>\n\n\n\n<p>La actividad contar\u00e1 con la participaci\u00f3n de autoridades provinciales, equipos municipales y representantes de juventudes de toda la Provincia, y se extender\u00e1 hasta el mediod\u00eda.<br><br><strong>Balance de la primera mesa<\/strong><\/p>\n\n\n\n<p>La primera Mesa Provincial de Agentes Juveniles se realiz\u00f3 en abril en Santa Rosa con la participaci\u00f3n de m\u00e1s de 50 agencias municipales. En esa oportunidad se presentaron programas y beneficios provinciales, se lanzaron iniciativas como Modo Escape, Test Vocacional Interactivo, Taller de CV y \u200b\u200bBUP Joven, y se puso en marcha un relevamiento institucional para dimensionar el potencial de la red y relevar necesidades de las agencias juveniles.<\/p>\n\n\n\n<p><strong>Actividades complementarias en el Mes de las Juventudes<\/strong><\/p>\n\n\n\n<p>En paralelo, se anuncia que el evento organizado por la Subsecretar\u00eda \u201cModo Escape\u201d tendr\u00e1 nuevas ediciones: el 15 de septiembre en Trenel y el 20 de septiembre en Winifreda, con equipos de cinco integrantes que competir\u00e1n en diferentes retos. En estas fechas se suma un premio especial: el equipo ganador acceder\u00e1 a un viaje a Pehuen C\u00f3.<\/p>\n\n\n\n<p>Estas propuestas se integran a las jornadas del X+D ya los festivales FUA, junto a otros cursos y actividades que se lanzan en el marco del Mes de las Juventudes.<\/p>\n<div class=\"sharedaddy sd-sharing-enabled\"><div class=\"robots-nocontent sd-block sd-social sd-social-icon sd-sharing\"><h3 class=\"sd-title\">Comparte esto:<\/h3><div class=\"sd-content\"><ul><li class=\"share-twitter\"><a rel=\"nofollow noopener noreferrer\" data-shared=\"sharing-twitter-46792\" class=\"share-twitter sd-button share-icon no-text\" href=\"http:\/\/www.rtvnoticias.com.ar\/?p=46792&amp;share=twitter\" target=\"_blank\" title=\"Haz clic para compartir en Twitter\"><span><\/span><span class=\"sharing-screen-reader-text\">Haz clic para compartir en Twitter (Se abre en una ventana nueva)<\/span><\/a><\/li><li class=\"share-facebook\"><a rel=\"nofollow noopener noreferrer\" data-shared=\"sharing-facebook-46792\" class=\"share-facebook sd-button share-icon no-text\" href=\"http:\/\/www.rtvnoticias.com.ar\/?p=46792&amp;share=facebook\" target=\"_blank\" title=\"Haz clic para compartir en Facebook\"><span><\/span><span class=\"sharing-screen-reader-text\">Haz clic para compartir en Facebook (Se abre en una ventana nueva)<\/span><\/a><\/li><li class=\"share-jetpack-whatsapp\"><a rel=\"nofollow noopener noreferrer\" data-shared=\"\" class=\"share-jetpack-whatsapp sd-button share-icon no-text\" href=\"http:\/\/www.rtvnoticias.com.ar\/?p=46792&amp;share=jetpack-whatsapp\" target=\"_blank\" title=\"Haz clic para compartir en WhatsApp\"><span><\/span><span class=\"sharing-screen-reader-text\">Haz clic para compartir en WhatsApp (Se abre en una ventana nueva)<\/span><\/a><\/li><li class=\"share-telegram\"><a rel=\"nofollow noopener noreferrer\" data-shared=\"\" class=\"share-telegram sd-button share-icon no-text\" href=\"http:\/\/www.rtvnoticias.com.ar\/?p=46792&amp;share=telegram\" target=\"_blank\" title=\"Haz clic para compartir en Telegram\"><span><\/span><span class=\"sharing-screen-reader-text\">Haz clic para compartir en Telegram (Se abre en una ventana nueva)<\/span><\/a><\/li><li class=\"share-end\"><\/li><\/ul><\/div><\/div><\/div>","protected":false},"excerpt":{"rendered":"<p>El pr\u00f3ximo mi\u00e9rcoles 17 de septiembre se llevar\u00e1 a cabo en el Sal\u00f3n Comunal de Trenel la segunda edici\u00f3n de la Mesa Provincial de Agentes<\/p>\n<div class=\"sharedaddy sd-sharing-enabled\"><div class=\"robots-nocontent sd-block sd-social sd-social-icon sd-sharing\"><h3 class=\"sd-title\">Comparte esto:<\/h3><div class=\"sd-content\"><ul><li class=\"share-twitter\"><a rel=\"nofollow noopener noreferrer\" data-shared=\"sharing-twitter-46792\" class=\"share-twitter sd-button share-icon no-text\" href=\"http:\/\/www.rtvnoticias.com.ar\/?p=46792&amp;share=twitter\" target=\"_blank\" title=\"Haz clic para compartir en Twitter\"><span><\/span><span class=\"sharing-screen-reader-text\">Haz clic para compartir en Twitter (Se abre en una ventana nueva)<\/span><\/a><\/li><li class=\"share-facebook\"><a rel=\"nofollow noopener noreferrer\" data-shared=\"sharing-facebook-46792\" class=\"share-facebook sd-button share-icon no-text\" href=\"http:\/\/www.rtvnoticias.com.ar\/?p=46792&amp;share=facebook\" target=\"_blank\" title=\"Haz clic para compartir en Facebook\"><span><\/span><span class=\"sharing-screen-reader-text\">Haz clic para compartir en Facebook (Se abre en una ventana nueva)<\/span><\/a><\/li><li class=\"share-jetpack-whatsapp\"><a rel=\"nofollow noopener noreferrer\" data-shared=\"\" class=\"share-jetpack-whatsapp sd-button share-icon no-text\" href=\"http:\/\/www.rtvnoticias.com.ar\/?p=46792&amp;share=jetpack-whatsapp\" target=\"_blank\" title=\"Haz clic para compartir en WhatsApp\"><span><\/span><span class=\"sharing-screen-reader-text\">Haz clic para compartir en WhatsApp (Se abre en una ventana nueva)<\/span><\/a><\/li><li class=\"share-telegram\"><a rel=\"nofollow noopener noreferrer\" data-shared=\"\" class=\"share-telegram sd-button share-icon no-text\" href=\"http:\/\/www.rtvnoticias.com.ar\/?p=46792&amp;share=telegram\" target=\"_blank\" title=\"Haz clic para compartir en Telegram\"><span><\/span><span class=\"sharing-screen-reader-text\">Haz clic para compartir en Telegram (Se abre en una ventana nueva)<\/span><\/a><\/li><li class=\"share-end\"><\/li><\/ul><\/div><\/div><\/div>","protected":false},"author":5,"featured_media":46793,"comment_status":"closed","ping_status":"closed","sticky":false,"template":"","format":"standard","meta":{"spay_email":"","jetpack_publicize_message":"","jetpack_is_tweetstorm":false,"jetpack_publicize_feature_enabled":true},"categories":[4],"tags":[5580],"jetpack_featured_media_url":"http:\/\/www.rtvnoticias.com.ar\/wp-content\/uploads\/2025\/09\/trenel-acceso.jpg","jetpack_publicize_connections":[],"jetpack_sharing_enabled":true,"_links":{"self":[{"href":"http:\/\/www.rtvnoticias.com.ar\/index.php?rest_route=\/wp\/v2\/posts\/46792"}],"collection":[{"href":"http:\/\/www.rtvnoticias.com.ar\/index.php?rest_route=\/wp\/v2\/posts"}],"about":[{"href":"http:\/\/www.rtvnoticias.com.ar\/index.php?rest_route=\/wp\/v2\/types\/post"}],"author":[{"embeddable":true,"href":"http:\/\/www.rtvnoticias.com.ar\/index.php?rest_route=\/wp\/v2\/users\/5"}],"replies":[{"embeddable":true,"href":"http:\/\/www.rtvnoticias.com.ar\/index.php?rest_route=%2Fwp%2Fv2%2Fcomments&post=46792"}],"version-history":[{"count":1,"href":"http:\/\/www.rtvnoticias.com.ar\/index.php?rest_route=\/wp\/v2\/posts\/46792\/revisions"}],"predecessor-version":[{"id":46794,"href":"http:\/\/www.rtvnoticias.com.ar\/index.php?rest_route=\/wp\/v2\/posts\/46792\/revisions\/46794"}],"wp:featuredmedia":[{"embeddable":true,"href":"http:\/\/www.rtvnoticias.com.ar\/index.php?rest_route=\/wp\/v2\/media\/46793"}],"wp:attachment":[{"href":"http:\/\/www.rtvnoticias.com.ar\/index.php?rest_route=%2Fwp%2Fv2%2Fmedia&parent=46792"}],"wp:term":[{"taxonomy":"category","embeddable":true,"href":"http:\/\/www.rtvnoticias.com.ar\/index.php?rest_route=%2Fwp%2Fv2%2Fcategories&post=46792"},{"taxonomy":"post_tag","embeddable":true,"href":"http:\/\/www.rtvnoticias.com.ar\/index.php?rest_route=%2Fwp%2Fv2%2Ftags&post=46792"}],"curies":[{"name":"wp","href":"https:\/\/api.w.org\/{rel}","templated":true}]}}