{"id":46802,"date":"2025-09-14T08:00:00","date_gmt":"2025-09-14T11:00:00","guid":{"rendered":"http:\/\/www.rtvnoticias.com.ar\/?p=46802"},"modified":"2025-09-12T21:08:16","modified_gmt":"2025-09-13T00:08:16","slug":"federacion-judicial-argentina-rechaza-el-proyecto-de-eliminar-ferias-judiciales","status":"publish","type":"post","link":"http:\/\/www.rtvnoticias.com.ar\/?p=46802","title":{"rendered":"Federaci\u00f3n Judicial Argentina rechaza el proyecto de eliminar ferias judiciales"},"content":{"rendered":"\n<p>La Federaci\u00f3n Judicial Argentina (FJA) expresa su rechazo categ\u00f3rico al proyecto de ley que propone suprimir las \u2018ferias judiciales\u2019 en la provincia de La Pampa, presentado por el Superior Tribunal de Justicia de esa provincia. La iniciativa es manifiestamente inconstitucional, por cuanto pretende, seg\u00fan la FJA de manera unilateral,  eliminar un derecho adquirido y una condici\u00f3n laboral de los\/as trabajadores\/as judiciales, materia que solo puede modificarse mediante negociaci\u00f3n colectiva y en el marco de las paritarias legalmente constituidas (principio consagrado en el art. 14 bis de la Constituci\u00f3n Nacional y en los Convenios de la OIT sobre libertad sindical y negociaci\u00f3n colectiva).<\/p>\n\n\n\n<p>Lejos de tratarse de un \u201cprivilegio\u201d, las ferias judiciales son un instrumento de organizaci\u00f3n del trabajo que protege la salud laboral, ordena los tiempos laborales y no implica la paralizaci\u00f3n del Poder Judicial. Durante esos per\u00edodos, la atenci\u00f3n se mantiene garantizada a trav\u00e9s de los juzgados y fiscal\u00edas de turno y de los mecanismos de habilitaci\u00f3n de feria en casos de urgencia o necesidad debidamente fundada.<\/p>\n\n\n\n<p>Asimismo, no existe evidencia seria de que la supresi\u00f3n de las ferias mejore el funcionamiento del sistema. Por el contrario, medidas de este tipo suelen agravar el estr\u00e9s laboral, incrementar el ausentismo y deteriorar la calidad de las decisiones jurisdiccionales, sin resolver los verdaderos problemas que acucian al Poder Judicial: vacancias sin cubrir, sobrecarga de tareas, d\u00e9ficits de infraestructura, tecnolog\u00eda vetusta y falta de presupuesto.<\/p>\n\n\n\n<p>Presentar la eliminaci\u00f3n de las ferias como soluci\u00f3n a los obst\u00e1culos de acceso a justicia es un gesto demag\u00f3gico, que desconoce la realidad del trabajo judicial y confunde a la ciudadan\u00eda. La FJA propone, en cambio, avanzar en una reforma integral y democr\u00e1tica del sistema judicial, que incluya:<\/p>\n\n\n\n<p>Negociaci\u00f3n colectiva real y dignificaci\u00f3n del trabajo judicial (carrera, formaci\u00f3n, salud y salarios).<\/p>\n\n\n\n<p>Inversi\u00f3n tecnol\u00f3gica y presupuestaria sostenida (expediente digital robusto, interoperabilidad, estad\u00edsticas transparentes, cobertura de vacantes).<\/p>\n\n\n\n<p>Participaci\u00f3n ciudadana y de los trabajadores en el gobierno judicial, con transparencia y rendici\u00f3n de cuentas.<\/p>\n\n\n\n<p>Pol\u00edticas activas para mejorar el acceso a la justicia de sectores vulnerados, con perspectiva de g\u00e9nero y derechos humanos.<\/p>\n\n\n\n<p>En consecuencia, exigimos el retiro inmediato del proyecto y la apertura de un \u00e1mbito formal de negociaci\u00f3n colectiva con la organizaci\u00f3n representativa de las y los trabajadores judiciales de La Pampa, a fin de construir soluciones serias y consensuadas que fortalezcan, y no debiliten, al Poder Judicial.<\/p>\n\n\n\n<p>La FJA se mantiene en estado de alerta y adoptar\u00e1 las medidas gremiales necesarias junto con el Sindicato de Trabajadores Judiciales de La Pampa (SITRAJLP) en defensa de los derechos laborales, de la negociaci\u00f3n colectiva y del verdadero acceso a la justicia de la ciudadan\u00eda.<\/p>\n<div class=\"sharedaddy sd-sharing-enabled\"><div class=\"robots-nocontent sd-block sd-social sd-social-icon sd-sharing\"><h3 class=\"sd-title\">Comparte esto:<\/h3><div class=\"sd-content\"><ul><li class=\"share-twitter\"><a rel=\"nofollow noopener noreferrer\" data-shared=\"sharing-twitter-46802\" class=\"share-twitter sd-button share-icon no-text\" href=\"http:\/\/www.rtvnoticias.com.ar\/?p=46802&amp;share=twitter\" target=\"_blank\" title=\"Haz clic para compartir en Twitter\"><span><\/span><span class=\"sharing-screen-reader-text\">Haz clic para compartir en Twitter (Se abre en una ventana nueva)<\/span><\/a><\/li><li class=\"share-facebook\"><a rel=\"nofollow noopener noreferrer\" data-shared=\"sharing-facebook-46802\" class=\"share-facebook sd-button share-icon no-text\" href=\"http:\/\/www.rtvnoticias.com.ar\/?p=46802&amp;share=facebook\" target=\"_blank\" title=\"Haz clic para compartir en Facebook\"><span><\/span><span class=\"sharing-screen-reader-text\">Haz clic para compartir en Facebook (Se abre en una ventana nueva)<\/span><\/a><\/li><li class=\"share-jetpack-whatsapp\"><a rel=\"nofollow noopener noreferrer\" data-shared=\"\" class=\"share-jetpack-whatsapp sd-button share-icon no-text\" href=\"http:\/\/www.rtvnoticias.com.ar\/?p=46802&amp;share=jetpack-whatsapp\" target=\"_blank\" title=\"Haz clic para compartir en WhatsApp\"><span><\/span><span class=\"sharing-screen-reader-text\">Haz clic para compartir en WhatsApp (Se abre en una ventana nueva)<\/span><\/a><\/li><li class=\"share-telegram\"><a rel=\"nofollow noopener noreferrer\" data-shared=\"\" class=\"share-telegram sd-button share-icon no-text\" href=\"http:\/\/www.rtvnoticias.com.ar\/?p=46802&amp;share=telegram\" target=\"_blank\" title=\"Haz clic para compartir en Telegram\"><span><\/span><span class=\"sharing-screen-reader-text\">Haz clic para compartir en Telegram (Se abre en una ventana nueva)<\/span><\/a><\/li><li class=\"share-end\"><\/li><\/ul><\/div><\/div><\/div>","protected":false},"excerpt":{"rendered":"<p>La Federaci\u00f3n Judicial Argentina (FJA) expresa su rechazo categ\u00f3rico al proyecto de ley que propone suprimir las \u2018ferias judiciales\u2019 en la provincia de La Pampa,<\/p>\n<div class=\"sharedaddy sd-sharing-enabled\"><div class=\"robots-nocontent sd-block sd-social sd-social-icon sd-sharing\"><h3 class=\"sd-title\">Comparte esto:<\/h3><div class=\"sd-content\"><ul><li class=\"share-twitter\"><a rel=\"nofollow noopener noreferrer\" data-shared=\"sharing-twitter-46802\" class=\"share-twitter sd-button share-icon no-text\" href=\"http:\/\/www.rtvnoticias.com.ar\/?p=46802&amp;share=twitter\" target=\"_blank\" title=\"Haz clic para compartir en Twitter\"><span><\/span><span class=\"sharing-screen-reader-text\">Haz clic para compartir en Twitter (Se abre en una ventana nueva)<\/span><\/a><\/li><li class=\"share-facebook\"><a rel=\"nofollow noopener noreferrer\" data-shared=\"sharing-facebook-46802\" class=\"share-facebook sd-button share-icon no-text\" href=\"http:\/\/www.rtvnoticias.com.ar\/?p=46802&amp;share=facebook\" target=\"_blank\" title=\"Haz clic para compartir en Facebook\"><span><\/span><span class=\"sharing-screen-reader-text\">Haz clic para compartir en Facebook (Se abre en una ventana nueva)<\/span><\/a><\/li><li class=\"share-jetpack-whatsapp\"><a rel=\"nofollow noopener noreferrer\" data-shared=\"\" class=\"share-jetpack-whatsapp sd-button share-icon no-text\" href=\"http:\/\/www.rtvnoticias.com.ar\/?p=46802&amp;share=jetpack-whatsapp\" target=\"_blank\" title=\"Haz clic para compartir en WhatsApp\"><span><\/span><span class=\"sharing-screen-reader-text\">Haz clic para compartir en WhatsApp (Se abre en una ventana nueva)<\/span><\/a><\/li><li class=\"share-telegram\"><a rel=\"nofollow noopener noreferrer\" data-shared=\"\" class=\"share-telegram sd-button share-icon no-text\" href=\"http:\/\/www.rtvnoticias.com.ar\/?p=46802&amp;share=telegram\" target=\"_blank\" title=\"Haz clic para compartir en Telegram\"><span><\/span><span class=\"sharing-screen-reader-text\">Haz clic para compartir en Telegram (Se abre en una ventana nueva)<\/span><\/a><\/li><li class=\"share-end\"><\/li><\/ul><\/div><\/div><\/div>","protected":false},"author":5,"featured_media":46803,"comment_status":"closed","ping_status":"closed","sticky":false,"template":"","format":"standard","meta":{"spay_email":"","jetpack_publicize_message":"","jetpack_is_tweetstorm":false,"jetpack_publicize_feature_enabled":true},"categories":[4],"tags":[5582],"jetpack_featured_media_url":"http:\/\/www.rtvnoticias.com.ar\/wp-content\/uploads\/2025\/09\/fachal.jpg","jetpack_publicize_connections":[],"jetpack_sharing_enabled":true,"_links":{"self":[{"href":"http:\/\/www.rtvnoticias.com.ar\/index.php?rest_route=\/wp\/v2\/posts\/46802"}],"collection":[{"href":"http:\/\/www.rtvnoticias.com.ar\/index.php?rest_route=\/wp\/v2\/posts"}],"about":[{"href":"http:\/\/www.rtvnoticias.com.ar\/index.php?rest_route=\/wp\/v2\/types\/post"}],"author":[{"embeddable":true,"href":"http:\/\/www.rtvnoticias.com.ar\/index.php?rest_route=\/wp\/v2\/users\/5"}],"replies":[{"embeddable":true,"href":"http:\/\/www.rtvnoticias.com.ar\/index.php?rest_route=%2Fwp%2Fv2%2Fcomments&post=46802"}],"version-history":[{"count":1,"href":"http:\/\/www.rtvnoticias.com.ar\/index.php?rest_route=\/wp\/v2\/posts\/46802\/revisions"}],"predecessor-version":[{"id":46804,"href":"http:\/\/www.rtvnoticias.com.ar\/index.php?rest_route=\/wp\/v2\/posts\/46802\/revisions\/46804"}],"wp:featuredmedia":[{"embeddable":true,"href":"http:\/\/www.rtvnoticias.com.ar\/index.php?rest_route=\/wp\/v2\/media\/46803"}],"wp:attachment":[{"href":"http:\/\/www.rtvnoticias.com.ar\/index.php?rest_route=%2Fwp%2Fv2%2Fmedia&parent=46802"}],"wp:term":[{"taxonomy":"category","embeddable":true,"href":"http:\/\/www.rtvnoticias.com.ar\/index.php?rest_route=%2Fwp%2Fv2%2Fcategories&post=46802"},{"taxonomy":"post_tag","embeddable":true,"href":"http:\/\/www.rtvnoticias.com.ar\/index.php?rest_route=%2Fwp%2Fv2%2Ftags&post=46802"}],"curies":[{"name":"wp","href":"https:\/\/api.w.org\/{rel}","templated":true}]}}