{"id":46805,"date":"2025-09-14T18:39:15","date_gmt":"2025-09-14T21:39:15","guid":{"rendered":"http:\/\/www.rtvnoticias.com.ar\/?p=46805"},"modified":"2025-09-14T18:39:19","modified_gmt":"2025-09-14T21:39:19","slug":"radicales-divididos-un-sector-defiende-medanito-y-otro-no-asegurando-que-deja-mas-interrogantes-que-respuestas","status":"publish","type":"post","link":"http:\/\/www.rtvnoticias.com.ar\/?p=46805","title":{"rendered":"Radicales divididos: un sector defiende Medanito y otro no,  asegurando que \u00abdeja m\u00e1s interrogantes que respuestas\u00bb"},"content":{"rendered":"\n<p>El bloque de diputados radicales de la provincia de La Pampa se dividi\u00f3 a la hora de aprobar el proyecto Medanito y habr\u00e1 que ver si esta situaci\u00f3n se mantendr\u00e1 en el tratamiento en el tratamiento de otros temas. Mientras que algunos de ellos defienden su voto positivo, otros no e  la \u00faltima sesi\u00f3n donde qued\u00f3 aprobado el llamado a licitaci\u00f3n de Medanito..<\/p>\n\n\n\n<p>Hip\u00f3lito Altolaguirre, Gisela Cuadrado y Sergio Pregno, defendieron su voto negativo al proyecto de licitaci\u00f3n del \u00e1rea Medanito, aprobado este jueves en la Legislatura provincial. Sostuvieron que lo aprobado \u00abdeja m\u00e1s interrogantes que respuestas\u00bb<\/p>\n\n\n\n<p>Los legisladores radicales expresaron \u00abcon total claridad nuestra profunda disconformidad con la aprobaci\u00f3n del proyecto que habilita la licitaci\u00f3n del \u00e1rea petrolera El Medanito\u00bb y fundamentaron: \u00ablo votamos en contra porque, lejos de dar certezas, deja m\u00e1s interrogantes que respuestas\u00bb.<\/p>\n\n\n\n<p>A trav\u00e9s de un comunicado titulado, \u00abEl Medanito: Transparencia negada, futuro comprometido\u00bb, los diputados radicales recordaron que \u00abdesde hace meses venimos reclamando datos serios, verificables y transparentes. Insistimos en que el llamado deb\u00eda basarse en un data room independiente, elaborado por una consultora de trayectoria internacional, seleccionada por licitaci\u00f3n p\u00fablica\u00bb.&nbsp;<\/p>\n\n\n\n<p>Sin embargo, destacaron, \u00ablo aprobado se apoya en informaci\u00f3n generada por el propio Ejecutivo, que no ofrece garant\u00edas de imparcialidad ni asegura que m\u00e1s de una empresa pueda competir en igualdad de condiciones\u00bb.<\/p>\n\n\n\n<p>Altolaguirre, Cuadrado y Pregno insistieron en su postura: \u00abno se puede entregar un \u00e1rea estrat\u00e9gica sin contar con la totalidad de la informaci\u00f3n t\u00e9cnica y econ\u00f3mica. No se puede hipotecar el futuro de la provincia con contratos que comprometen los pr\u00f3ximos 25 a\u00f1os, mientras seguimos sin saber a ciencia cierta cu\u00e1l es el verdadero potencial de producci\u00f3n, cu\u00e1les son los pasivos ambientales acumulados ni cu\u00e1les ser\u00e1n los beneficios concretos para cada localidad pampeana\u00bb.<\/p>\n\n\n\n<p>Recordaron tambi\u00e9n que, en la sesi\u00f3n anterior, la diputada Cuadrado present\u00f3 proyectos solicitando informaci\u00f3n precisa sobre los pasivos ambientales y las inversiones comprometidas, que \u00ablamentablemente fueron rechazados\u00bb. Y aseveraron que \u00abesa negativa demuestra la falta de voluntad para dar respuestas claras en un tema tan sensible. Actuar con responsabilidad institucional significa brindar certezas, no cerrar puertas\u00bb.<\/p>\n\n\n\n<p>\u00abHoy m\u00e1s que nunca reafirmamos nuestra convicci\u00f3n: defender La Pampa es exigir reglas claras, informaci\u00f3n completa y transparencia absoluta. No le tememos a las presiones externas ni a los que vienen de afuera a comprar. Lo que nos preocupa son las decisiones que se toman desde adentro, sin los datos ni la seriedad que los pampeanos merecen\u00bb, concluyeron los legisladores del radicalismo.<\/p>\n\n\n\n<p><strong>LOS QUE LEVANTARON LA MANO <\/strong><\/p>\n\n\n\n<p>Por el otro lado Javier Torroba, Romina Mota, Julian Aguilar y Andrea Valderrama votaron a favor del proyecto del  gobierno. <\/p>\n\n\n\n<p>Javier Torroba argumento en el recinto la postura que comparti\u00f3 con Valderrama, y , quienes se expresaron  a favor del nuevo dictamen por haberse contemplado lo que pedian.<\/p>\n\n\n\n<p>Record\u00f3 Torroba que su bloque fue cr\u00edtico de este proceso \u201cdesde que se pretendi\u00f3 una aprobaci\u00f3n expr\u00e9s a la pr\u00f3rroga del contrato con PCR, al que nos opusimos, como tambi\u00e9n lo hicimos cuando nos hicieron llegar un informe del Poder Ejecutivo diciendo que era superior al Data Room, lo que no era\u00a0 cierto\u201d.<\/p>\n\n\n\n<p>Puntualiz\u00f3 que es el contrato petrolero m\u00e1s importante de la historia y que desde el bloque desde un primer momento exigieron un data room como garant\u00eda de transparencia. \u00abDespu\u00e9s de 10 meses que lo venimos exigiendo hoy se incorpora, junto a otros dos planteos fundamentales que hab\u00edamos hecho: el data room, que har\u00e1 una consultora con antecedentes probados; la obligaci\u00f3n del PE de remitir el informe de impacto ambiental antes de fin de a\u00f1o;\u00a0 y que\u00a0 una parte del bono se incorpora a los municipios con destino espec\u00edfico, lo que es clave para el federalismo. Por esto, al haberse contemplado lo que ped\u00edamos, vamos a acompa\u00f1ar el proyecto\u00bb, asegur\u00f3.<\/p>\n\n\n\n<p>En tanto Julian Aguilar en declaraciones a Radio 37 de General Pico tambi\u00e9n defendi\u00f3 su voto favorable indicando que se habian cumplido con los planteos que ven\u00edan pidiendo desde el primer d\u00eda.<\/p>\n<div class=\"sharedaddy sd-sharing-enabled\"><div class=\"robots-nocontent sd-block sd-social sd-social-icon sd-sharing\"><h3 class=\"sd-title\">Comparte esto:<\/h3><div class=\"sd-content\"><ul><li class=\"share-twitter\"><a rel=\"nofollow noopener noreferrer\" data-shared=\"sharing-twitter-46805\" class=\"share-twitter sd-button share-icon no-text\" href=\"http:\/\/www.rtvnoticias.com.ar\/?p=46805&amp;share=twitter\" target=\"_blank\" title=\"Haz clic para compartir en Twitter\"><span><\/span><span class=\"sharing-screen-reader-text\">Haz clic para compartir en Twitter (Se abre en una ventana nueva)<\/span><\/a><\/li><li class=\"share-facebook\"><a rel=\"nofollow noopener noreferrer\" data-shared=\"sharing-facebook-46805\" class=\"share-facebook sd-button share-icon no-text\" href=\"http:\/\/www.rtvnoticias.com.ar\/?p=46805&amp;share=facebook\" target=\"_blank\" title=\"Haz clic para compartir en Facebook\"><span><\/span><span class=\"sharing-screen-reader-text\">Haz clic para compartir en Facebook (Se abre en una ventana nueva)<\/span><\/a><\/li><li class=\"share-jetpack-whatsapp\"><a rel=\"nofollow noopener noreferrer\" data-shared=\"\" class=\"share-jetpack-whatsapp sd-button share-icon no-text\" href=\"http:\/\/www.rtvnoticias.com.ar\/?p=46805&amp;share=jetpack-whatsapp\" target=\"_blank\" title=\"Haz clic para compartir en WhatsApp\"><span><\/span><span class=\"sharing-screen-reader-text\">Haz clic para compartir en WhatsApp (Se abre en una ventana nueva)<\/span><\/a><\/li><li class=\"share-telegram\"><a rel=\"nofollow noopener noreferrer\" data-shared=\"\" class=\"share-telegram sd-button share-icon no-text\" href=\"http:\/\/www.rtvnoticias.com.ar\/?p=46805&amp;share=telegram\" target=\"_blank\" title=\"Haz clic para compartir en Telegram\"><span><\/span><span class=\"sharing-screen-reader-text\">Haz clic para compartir en Telegram (Se abre en una ventana nueva)<\/span><\/a><\/li><li class=\"share-end\"><\/li><\/ul><\/div><\/div><\/div>","protected":false},"excerpt":{"rendered":"<p>El bloque de diputados radicales de la provincia de La Pampa se dividi\u00f3 a la hora de aprobar el proyecto Medanito y habr\u00e1 que ver<\/p>\n<div class=\"sharedaddy sd-sharing-enabled\"><div class=\"robots-nocontent sd-block sd-social sd-social-icon sd-sharing\"><h3 class=\"sd-title\">Comparte esto:<\/h3><div class=\"sd-content\"><ul><li class=\"share-twitter\"><a rel=\"nofollow noopener noreferrer\" data-shared=\"sharing-twitter-46805\" class=\"share-twitter sd-button share-icon no-text\" href=\"http:\/\/www.rtvnoticias.com.ar\/?p=46805&amp;share=twitter\" target=\"_blank\" title=\"Haz clic para compartir en Twitter\"><span><\/span><span class=\"sharing-screen-reader-text\">Haz clic para compartir en Twitter (Se abre en una ventana nueva)<\/span><\/a><\/li><li class=\"share-facebook\"><a rel=\"nofollow noopener noreferrer\" data-shared=\"sharing-facebook-46805\" class=\"share-facebook sd-button share-icon no-text\" href=\"http:\/\/www.rtvnoticias.com.ar\/?p=46805&amp;share=facebook\" target=\"_blank\" title=\"Haz clic para compartir en Facebook\"><span><\/span><span class=\"sharing-screen-reader-text\">Haz clic para compartir en Facebook (Se abre en una ventana nueva)<\/span><\/a><\/li><li class=\"share-jetpack-whatsapp\"><a rel=\"nofollow noopener noreferrer\" data-shared=\"\" class=\"share-jetpack-whatsapp sd-button share-icon no-text\" href=\"http:\/\/www.rtvnoticias.com.ar\/?p=46805&amp;share=jetpack-whatsapp\" target=\"_blank\" title=\"Haz clic para compartir en WhatsApp\"><span><\/span><span class=\"sharing-screen-reader-text\">Haz clic para compartir en WhatsApp (Se abre en una ventana nueva)<\/span><\/a><\/li><li class=\"share-telegram\"><a rel=\"nofollow noopener noreferrer\" data-shared=\"\" class=\"share-telegram sd-button share-icon no-text\" href=\"http:\/\/www.rtvnoticias.com.ar\/?p=46805&amp;share=telegram\" target=\"_blank\" title=\"Haz clic para compartir en Telegram\"><span><\/span><span class=\"sharing-screen-reader-text\">Haz clic para compartir en Telegram (Se abre en una ventana nueva)<\/span><\/a><\/li><li class=\"share-end\"><\/li><\/ul><\/div><\/div><\/div>","protected":false},"author":5,"featured_media":46810,"comment_status":"closed","ping_status":"closed","sticky":false,"template":"","format":"standard","meta":{"spay_email":"","jetpack_publicize_message":"","jetpack_is_tweetstorm":false,"jetpack_publicize_feature_enabled":true},"categories":[1],"tags":[],"jetpack_featured_media_url":"http:\/\/www.rtvnoticias.com.ar\/wp-content\/uploads\/2025\/09\/radicales-tres.jpg","jetpack_publicize_connections":[],"jetpack_sharing_enabled":true,"_links":{"self":[{"href":"http:\/\/www.rtvnoticias.com.ar\/index.php?rest_route=\/wp\/v2\/posts\/46805"}],"collection":[{"href":"http:\/\/www.rtvnoticias.com.ar\/index.php?rest_route=\/wp\/v2\/posts"}],"about":[{"href":"http:\/\/www.rtvnoticias.com.ar\/index.php?rest_route=\/wp\/v2\/types\/post"}],"author":[{"embeddable":true,"href":"http:\/\/www.rtvnoticias.com.ar\/index.php?rest_route=\/wp\/v2\/users\/5"}],"replies":[{"embeddable":true,"href":"http:\/\/www.rtvnoticias.com.ar\/index.php?rest_route=%2Fwp%2Fv2%2Fcomments&post=46805"}],"version-history":[{"count":2,"href":"http:\/\/www.rtvnoticias.com.ar\/index.php?rest_route=\/wp\/v2\/posts\/46805\/revisions"}],"predecessor-version":[{"id":46811,"href":"http:\/\/www.rtvnoticias.com.ar\/index.php?rest_route=\/wp\/v2\/posts\/46805\/revisions\/46811"}],"wp:featuredmedia":[{"embeddable":true,"href":"http:\/\/www.rtvnoticias.com.ar\/index.php?rest_route=\/wp\/v2\/media\/46810"}],"wp:attachment":[{"href":"http:\/\/www.rtvnoticias.com.ar\/index.php?rest_route=%2Fwp%2Fv2%2Fmedia&parent=46805"}],"wp:term":[{"taxonomy":"category","embeddable":true,"href":"http:\/\/www.rtvnoticias.com.ar\/index.php?rest_route=%2Fwp%2Fv2%2Fcategories&post=46805"},{"taxonomy":"post_tag","embeddable":true,"href":"http:\/\/www.rtvnoticias.com.ar\/index.php?rest_route=%2Fwp%2Fv2%2Ftags&post=46805"}],"curies":[{"name":"wp","href":"https:\/\/api.w.org\/{rel}","templated":true}]}}