{"id":46816,"date":"2025-09-15T20:30:56","date_gmt":"2025-09-15T23:30:56","guid":{"rendered":"http:\/\/www.rtvnoticias.com.ar\/?p=46816"},"modified":"2025-09-15T20:31:01","modified_gmt":"2025-09-15T23:31:01","slug":"se-firmo-la-escritura-del-terreno-para-la-facultad-de-ciencias-de-la-salud","status":"publish","type":"post","link":"http:\/\/www.rtvnoticias.com.ar\/?p=46816","title":{"rendered":"Se firm\u00f3 la escritura del terreno para la Facultad de Ciencias de la Salud"},"content":{"rendered":"\n<p>En un acto que combina visi\u00f3n estrat\u00e9gica y compromiso con el futuro de la salud p\u00fablica, el gobernador Sergio Ziliotto y el rector de la Universidad Nacional de La Pampa (UNLPam), Oscar Alpa, firmaron la escritura traslativa de dominio del lote donde se construir\u00e1 la Facultad de Ciencias de la Salud.<\/p>\n\n\n\n<p>El terreno, de m\u00e1s de 8.600 metros cuadrados, se ubica en el coraz\u00f3n del denominado polo de salud de Santa Rosa, un complejo que integran el Hospital de Complejidad Creciente \u201cRen\u00e9 Favaloro\u201d, el ex Hospital \u201cLucio Molas\u201d y el Centro Radio Oncol\u00f3gico de \u00faltima generaci\u00f3n, pr\u00f3ximo a inaugurarse, que ser\u00e1 referencia para el centro del pa\u00eds y la Patagonia.<\/p>\n\n\n\n<p>La cesi\u00f3n, realizada a t\u00edtulo gratuito por el Estado provincial a la UNLPam, constituye un paso clave para consolidar un espacio donde la formaci\u00f3n acad\u00e9mica, la investigaci\u00f3n y la atenci\u00f3n m\u00e9dica de alta complejidad convivan en un mismo entorno.<\/p>\n\n\n\n<p>\u201cEste es un d\u00eda trascendente para La Pampa. Estamos uniendo la educaci\u00f3n p\u00fablica con el sistema de salud, para formar profesionales que se quedar\u00e1n en nuestra provincia y atender\u00e1n a nuestra gente\u201d, expres\u00f3 Ziliotto durante la firma<\/p>\n\n\n\n<p><strong>Un campus sanitario integrado<\/strong><\/p>\n\n\n\n<p>El proyecto de la Facultad de Ciencias de la Salud se enmarca en un plan integral que busca transformar el \u00e1rea en un campus sanitario de referencia nacional. La cercan\u00eda f\u00edsica entre hospitales, centros de diagn\u00f3stico y la futura sede acad\u00e9mica permitir\u00e1 que los estudiantes realicen pr\u00e1cticas profesionales en un entorno real, con acceso a tecnolog\u00eda de \u00faltima generaci\u00f3n y bajo la supervisi\u00f3n de especialistas.<\/p>\n\n\n\n<p>El Hospital Ren\u00e9 Favaloro, concebido como hospital escuela, aportar\u00e1 su infraestructura de alta complejidad; el ex Hospital Lucio Molas se refuncionaliza para especialidades espec\u00edficas; y el Centro de Radioterapia, equipado con equipos de \u00faltima generaci\u00f3n y sistemas de planificaci\u00f3n de vanguardia, brindar\u00e1 servicios oncol\u00f3gicos a pacientes de toda la regi\u00f3n.<\/p>\n\n\n\n<p><strong>Formaci\u00f3n y retenci\u00f3n de profesionales<\/strong><\/p>\n\n\n\n<p>Uno de los objetivos centrales de la creaci\u00f3n de la Facultad es formar profesionales de la salud en la propia provincia, reduciendo la dependencia de universidades de otras jurisdicciones y favoreciendo la radicaci\u00f3n de especialistas en localidades del interior.<\/p>\n\n\n\n<p>La articulaci\u00f3n entre la UNLPam y el sistema de salud p\u00fablico tambi\u00e9n potenciar\u00e1 la investigaci\u00f3n aplicada, el desarrollo de protocolos innovadores y la capacitaci\u00f3n continua del personal sanitario.<\/p>\n\n\n\n<p><strong>Un compromiso institucional<\/strong><\/p>\n\n\n\n<p>La escritura firmada formaliza un proceso iniciado meses atr\u00e1s con la aprobaci\u00f3n legislativa de la cesi\u00f3n gratuita del inmueble, identificado catastralmente como Ejido 047, Circunscripci\u00f3n I, Radio \u201ch\u201d, Quinta 5, Parcela 5. La operaci\u00f3n refleja una decisi\u00f3n pol\u00edtica de largo plazo: invertir en infraestructura educativa y sanitaria como pilares del desarrollo provincial.<\/p>\n\n\n\n<p>El dise\u00f1o de la nueva sede universitaria priorizar\u00e1 criterios de sustentabilidad, accesibilidad y funcionalidad, con espacios para aulas, laboratorios, \u00e1reas de simulaci\u00f3n cl\u00ednica y oficinas administrativas. La construcci\u00f3n se realizar\u00e1 en etapas, con el objetivo de iniciar actividades acad\u00e9micas en el menor plazo posible.<\/p>\n\n\n\n<p><strong>Proyecci\u00f3n regional<\/strong><\/p>\n\n\n\n<p>Con la puesta en marcha de este proyecto, Santa Rosa se posicionar\u00e1 como un centro de referencia en formaci\u00f3n y atenci\u00f3n m\u00e9dica para el centro y sur del pa\u00eds. El polo de salud no solo beneficiar\u00e1 a los estudiantes y profesionales, sino que tambi\u00e9n impactar\u00e1 directamente en la calidad de vida de miles de pampeanos y habitantes de provincias vecinas.<\/p>\n\n\n\n<p>La firma de la escritura no es solo un acto administrativo: es la piedra fundacional de un modelo que integra educaci\u00f3n, ciencia y salud p\u00fablica, y que proyecta a La Pampa hacia un futuro con m\u00e1s oportunidades y mejor atenci\u00f3n para su gente.<\/p>\n<div class=\"sharedaddy sd-sharing-enabled\"><div class=\"robots-nocontent sd-block sd-social sd-social-icon sd-sharing\"><h3 class=\"sd-title\">Comparte esto:<\/h3><div class=\"sd-content\"><ul><li class=\"share-twitter\"><a rel=\"nofollow noopener noreferrer\" data-shared=\"sharing-twitter-46816\" class=\"share-twitter sd-button share-icon no-text\" href=\"http:\/\/www.rtvnoticias.com.ar\/?p=46816&amp;share=twitter\" target=\"_blank\" title=\"Haz clic para compartir en Twitter\"><span><\/span><span class=\"sharing-screen-reader-text\">Haz clic para compartir en Twitter (Se abre en una ventana nueva)<\/span><\/a><\/li><li class=\"share-facebook\"><a rel=\"nofollow noopener noreferrer\" data-shared=\"sharing-facebook-46816\" class=\"share-facebook sd-button share-icon no-text\" href=\"http:\/\/www.rtvnoticias.com.ar\/?p=46816&amp;share=facebook\" target=\"_blank\" title=\"Haz clic para compartir en Facebook\"><span><\/span><span class=\"sharing-screen-reader-text\">Haz clic para compartir en Facebook (Se abre en una ventana nueva)<\/span><\/a><\/li><li class=\"share-jetpack-whatsapp\"><a rel=\"nofollow noopener noreferrer\" data-shared=\"\" class=\"share-jetpack-whatsapp sd-button share-icon no-text\" href=\"http:\/\/www.rtvnoticias.com.ar\/?p=46816&amp;share=jetpack-whatsapp\" target=\"_blank\" title=\"Haz clic para compartir en WhatsApp\"><span><\/span><span class=\"sharing-screen-reader-text\">Haz clic para compartir en WhatsApp (Se abre en una ventana nueva)<\/span><\/a><\/li><li class=\"share-telegram\"><a rel=\"nofollow noopener noreferrer\" data-shared=\"\" class=\"share-telegram sd-button share-icon no-text\" href=\"http:\/\/www.rtvnoticias.com.ar\/?p=46816&amp;share=telegram\" target=\"_blank\" title=\"Haz clic para compartir en Telegram\"><span><\/span><span class=\"sharing-screen-reader-text\">Haz clic para compartir en Telegram (Se abre en una ventana nueva)<\/span><\/a><\/li><li class=\"share-end\"><\/li><\/ul><\/div><\/div><\/div>","protected":false},"excerpt":{"rendered":"<p>En un acto que combina visi\u00f3n estrat\u00e9gica y compromiso con el futuro de la salud p\u00fablica, el gobernador Sergio Ziliotto y el rector de la<\/p>\n<div class=\"sharedaddy sd-sharing-enabled\"><div class=\"robots-nocontent sd-block sd-social sd-social-icon sd-sharing\"><h3 class=\"sd-title\">Comparte esto:<\/h3><div class=\"sd-content\"><ul><li class=\"share-twitter\"><a rel=\"nofollow noopener noreferrer\" data-shared=\"sharing-twitter-46816\" class=\"share-twitter sd-button share-icon no-text\" href=\"http:\/\/www.rtvnoticias.com.ar\/?p=46816&amp;share=twitter\" target=\"_blank\" title=\"Haz clic para compartir en Twitter\"><span><\/span><span class=\"sharing-screen-reader-text\">Haz clic para compartir en Twitter (Se abre en una ventana nueva)<\/span><\/a><\/li><li class=\"share-facebook\"><a rel=\"nofollow noopener noreferrer\" data-shared=\"sharing-facebook-46816\" class=\"share-facebook sd-button share-icon no-text\" href=\"http:\/\/www.rtvnoticias.com.ar\/?p=46816&amp;share=facebook\" target=\"_blank\" title=\"Haz clic para compartir en Facebook\"><span><\/span><span class=\"sharing-screen-reader-text\">Haz clic para compartir en Facebook (Se abre en una ventana nueva)<\/span><\/a><\/li><li class=\"share-jetpack-whatsapp\"><a rel=\"nofollow noopener noreferrer\" data-shared=\"\" class=\"share-jetpack-whatsapp sd-button share-icon no-text\" href=\"http:\/\/www.rtvnoticias.com.ar\/?p=46816&amp;share=jetpack-whatsapp\" target=\"_blank\" title=\"Haz clic para compartir en WhatsApp\"><span><\/span><span class=\"sharing-screen-reader-text\">Haz clic para compartir en WhatsApp (Se abre en una ventana nueva)<\/span><\/a><\/li><li class=\"share-telegram\"><a rel=\"nofollow noopener noreferrer\" data-shared=\"\" class=\"share-telegram sd-button share-icon no-text\" href=\"http:\/\/www.rtvnoticias.com.ar\/?p=46816&amp;share=telegram\" target=\"_blank\" title=\"Haz clic para compartir en Telegram\"><span><\/span><span class=\"sharing-screen-reader-text\">Haz clic para compartir en Telegram (Se abre en una ventana nueva)<\/span><\/a><\/li><li class=\"share-end\"><\/li><\/ul><\/div><\/div><\/div>","protected":false},"author":5,"featured_media":46817,"comment_status":"closed","ping_status":"closed","sticky":false,"template":"","format":"standard","meta":{"spay_email":"","jetpack_publicize_message":"","jetpack_is_tweetstorm":false,"jetpack_publicize_feature_enabled":true},"categories":[4],"tags":[4338],"jetpack_featured_media_url":"http:\/\/www.rtvnoticias.com.ar\/wp-content\/uploads\/2025\/09\/ziliotto-alpa.jpg","jetpack_publicize_connections":[],"jetpack_sharing_enabled":true,"_links":{"self":[{"href":"http:\/\/www.rtvnoticias.com.ar\/index.php?rest_route=\/wp\/v2\/posts\/46816"}],"collection":[{"href":"http:\/\/www.rtvnoticias.com.ar\/index.php?rest_route=\/wp\/v2\/posts"}],"about":[{"href":"http:\/\/www.rtvnoticias.com.ar\/index.php?rest_route=\/wp\/v2\/types\/post"}],"author":[{"embeddable":true,"href":"http:\/\/www.rtvnoticias.com.ar\/index.php?rest_route=\/wp\/v2\/users\/5"}],"replies":[{"embeddable":true,"href":"http:\/\/www.rtvnoticias.com.ar\/index.php?rest_route=%2Fwp%2Fv2%2Fcomments&post=46816"}],"version-history":[{"count":1,"href":"http:\/\/www.rtvnoticias.com.ar\/index.php?rest_route=\/wp\/v2\/posts\/46816\/revisions"}],"predecessor-version":[{"id":46818,"href":"http:\/\/www.rtvnoticias.com.ar\/index.php?rest_route=\/wp\/v2\/posts\/46816\/revisions\/46818"}],"wp:featuredmedia":[{"embeddable":true,"href":"http:\/\/www.rtvnoticias.com.ar\/index.php?rest_route=\/wp\/v2\/media\/46817"}],"wp:attachment":[{"href":"http:\/\/www.rtvnoticias.com.ar\/index.php?rest_route=%2Fwp%2Fv2%2Fmedia&parent=46816"}],"wp:term":[{"taxonomy":"category","embeddable":true,"href":"http:\/\/www.rtvnoticias.com.ar\/index.php?rest_route=%2Fwp%2Fv2%2Fcategories&post=46816"},{"taxonomy":"post_tag","embeddable":true,"href":"http:\/\/www.rtvnoticias.com.ar\/index.php?rest_route=%2Fwp%2Fv2%2Ftags&post=46816"}],"curies":[{"name":"wp","href":"https:\/\/api.w.org\/{rel}","templated":true}]}}