{"id":46840,"date":"2025-09-16T18:15:05","date_gmt":"2025-09-16T21:15:05","guid":{"rendered":"http:\/\/www.rtvnoticias.com.ar\/?p=46840"},"modified":"2025-09-16T18:15:11","modified_gmt":"2025-09-16T21:15:11","slug":"general-pico-presento-la-renovacion-de-flota-de-maquinaria-municipal","status":"publish","type":"post","link":"http:\/\/www.rtvnoticias.com.ar\/?p=46840","title":{"rendered":"General Pico present\u00f3 la renovaci\u00f3n de flota de maquinaria municipal"},"content":{"rendered":"\n<p>La Municipalidad de General Pico present\u00f3 este martes el equipamiento recientemente incorporado al parque automotor de la Secretar\u00eda de Ambiente y Servicios P\u00fablicos. El acto fue encabezado por la intendenta Fernanda Alonso en la Explanada municipal, marcando un paso m\u00e1s en la mejora continua de la infraestructura de servicios de la ciudad.<\/p>\n\n\n\n<p>Esta adquisici\u00f3n, realizada a trav\u00e9s de una licitaci\u00f3n p\u00fablica, consta de cuatro nuevos equipos de \u00faltima generaci\u00f3n: tres palas cargadoras Michigan R45 IV y una retropala JCB. Estos veh\u00edculos, de gran versatilidad, se integrar\u00e1n de inmediato a las operaciones diarias del municipio, siendo destinados a tareas esenciales como la recolecci\u00f3n especial, el barrido de calles y el mantenimiento de canales. Cabe destacar que, entre el a\u00f1o 2024 y en lo que va del 2025, se han sumado un total de 15 nuevas m\u00e1quinas a la flota, incluyendo camiones, palas, motoniveladoras y herramientas de menor porte, lo que representa una renovaci\u00f3n hist\u00f3rica.<\/p>\n\n\n\n<p>En relaci\u00f3n a estas incorporaciones, Fernanda Alonso manifest\u00f3: \u201cHemos avanzado en la posibilidad de seguir mejorando nuestro parque automotor, no solo en la compra de lo nuevo, sino en la reparaci\u00f3n de veh\u00edculos que requer\u00edan un trabajo integral. Desde el 2024 a esta parte llevamos invertidos m\u00e1s de $1.600 millones, en este caso, \u00e9stas m\u00e1quinas suman cerca de $250 millones\u201d. La jefa comunal tambi\u00e9n explic\u00f3 que las m\u00e1quinas fueron adquiridas en empresas locales, ya que \u201ca la hora de licitar, se eval\u00faa el servicio posventa, que esto d\u00e9 trabajo en nuestra ciudad y que a la par, nos permita ahorrar tiempo y costos\u201d.<\/p>\n\n\n\n<p>Sobre la continuidad de estas mejoras, la intendenta indic\u00f3: \u201cPretendemos seguir en esta l\u00ednea, estamos esperando otro equipamiento que llegar\u00e1 en breve. La idea es mostrar toda nuestra flota y a la gente que trabaja todos los d\u00edas en cada servicio que prestamos, por el cual los vecinos pagan una tasa, lo que valoramos mucho, tomamos ese recurso con mucha responsabilidad y lo devolvemos con la mayor eficiencia\u201d.<\/p>\n\n\n\n<p>Por su parte, el secretario de Ambiente y Servicios P\u00fablicos, Sebasti\u00e1n Adamo, sostuvo: \u201cTraducimos todo esto en tener la condici\u00f3n m\u00e1s \u00f3ptima para brindar los servicios, en poner seguridad en la calle y en reducir los costos de mantenimiento\u201d. Adamo concluy\u00f3 resaltando el trabajo con \u201cun plan definido de gesti\u00f3n de calidad que hemos implementado, siempre pensando en c\u00f3mo mejorar, siendo responsables, capacitando a los operarios y con una l\u00ednea de trabajo instituida por nuestra intendenta en pos de potenciar la mejora cont\u00ednua\u201d.<\/p>\n<div class=\"sharedaddy sd-sharing-enabled\"><div class=\"robots-nocontent sd-block sd-social sd-social-icon sd-sharing\"><h3 class=\"sd-title\">Comparte esto:<\/h3><div class=\"sd-content\"><ul><li class=\"share-twitter\"><a rel=\"nofollow noopener noreferrer\" data-shared=\"sharing-twitter-46840\" class=\"share-twitter sd-button share-icon no-text\" href=\"http:\/\/www.rtvnoticias.com.ar\/?p=46840&amp;share=twitter\" target=\"_blank\" title=\"Haz clic para compartir en Twitter\"><span><\/span><span class=\"sharing-screen-reader-text\">Haz clic para compartir en Twitter (Se abre en una ventana nueva)<\/span><\/a><\/li><li class=\"share-facebook\"><a rel=\"nofollow noopener noreferrer\" data-shared=\"sharing-facebook-46840\" class=\"share-facebook sd-button share-icon no-text\" href=\"http:\/\/www.rtvnoticias.com.ar\/?p=46840&amp;share=facebook\" target=\"_blank\" title=\"Haz clic para compartir en Facebook\"><span><\/span><span class=\"sharing-screen-reader-text\">Haz clic para compartir en Facebook (Se abre en una ventana nueva)<\/span><\/a><\/li><li class=\"share-jetpack-whatsapp\"><a rel=\"nofollow noopener noreferrer\" data-shared=\"\" class=\"share-jetpack-whatsapp sd-button share-icon no-text\" href=\"http:\/\/www.rtvnoticias.com.ar\/?p=46840&amp;share=jetpack-whatsapp\" target=\"_blank\" title=\"Haz clic para compartir en WhatsApp\"><span><\/span><span class=\"sharing-screen-reader-text\">Haz clic para compartir en WhatsApp (Se abre en una ventana nueva)<\/span><\/a><\/li><li class=\"share-telegram\"><a rel=\"nofollow noopener noreferrer\" data-shared=\"\" class=\"share-telegram sd-button share-icon no-text\" href=\"http:\/\/www.rtvnoticias.com.ar\/?p=46840&amp;share=telegram\" target=\"_blank\" title=\"Haz clic para compartir en Telegram\"><span><\/span><span class=\"sharing-screen-reader-text\">Haz clic para compartir en Telegram (Se abre en una ventana nueva)<\/span><\/a><\/li><li class=\"share-end\"><\/li><\/ul><\/div><\/div><\/div>","protected":false},"excerpt":{"rendered":"<p>La Municipalidad de General Pico present\u00f3 este martes el equipamiento recientemente incorporado al parque automotor de la Secretar\u00eda de Ambiente y Servicios P\u00fablicos. El acto<\/p>\n<div class=\"sharedaddy sd-sharing-enabled\"><div class=\"robots-nocontent sd-block sd-social sd-social-icon sd-sharing\"><h3 class=\"sd-title\">Comparte esto:<\/h3><div class=\"sd-content\"><ul><li class=\"share-twitter\"><a rel=\"nofollow noopener noreferrer\" data-shared=\"sharing-twitter-46840\" class=\"share-twitter sd-button share-icon no-text\" href=\"http:\/\/www.rtvnoticias.com.ar\/?p=46840&amp;share=twitter\" target=\"_blank\" title=\"Haz clic para compartir en Twitter\"><span><\/span><span class=\"sharing-screen-reader-text\">Haz clic para compartir en Twitter (Se abre en una ventana nueva)<\/span><\/a><\/li><li class=\"share-facebook\"><a rel=\"nofollow noopener noreferrer\" data-shared=\"sharing-facebook-46840\" class=\"share-facebook sd-button share-icon no-text\" href=\"http:\/\/www.rtvnoticias.com.ar\/?p=46840&amp;share=facebook\" target=\"_blank\" title=\"Haz clic para compartir en Facebook\"><span><\/span><span class=\"sharing-screen-reader-text\">Haz clic para compartir en Facebook (Se abre en una ventana nueva)<\/span><\/a><\/li><li class=\"share-jetpack-whatsapp\"><a rel=\"nofollow noopener noreferrer\" data-shared=\"\" class=\"share-jetpack-whatsapp sd-button share-icon no-text\" href=\"http:\/\/www.rtvnoticias.com.ar\/?p=46840&amp;share=jetpack-whatsapp\" target=\"_blank\" title=\"Haz clic para compartir en WhatsApp\"><span><\/span><span class=\"sharing-screen-reader-text\">Haz clic para compartir en WhatsApp (Se abre en una ventana nueva)<\/span><\/a><\/li><li class=\"share-telegram\"><a rel=\"nofollow noopener noreferrer\" data-shared=\"\" class=\"share-telegram sd-button share-icon no-text\" href=\"http:\/\/www.rtvnoticias.com.ar\/?p=46840&amp;share=telegram\" target=\"_blank\" title=\"Haz clic para compartir en Telegram\"><span><\/span><span class=\"sharing-screen-reader-text\">Haz clic para compartir en Telegram (Se abre en una ventana nueva)<\/span><\/a><\/li><li class=\"share-end\"><\/li><\/ul><\/div><\/div><\/div>","protected":false},"author":7,"featured_media":46841,"comment_status":"closed","ping_status":"closed","sticky":false,"template":"","format":"standard","meta":{"spay_email":"","jetpack_publicize_message":"","jetpack_is_tweetstorm":false,"jetpack_publicize_feature_enabled":true},"categories":[3],"tags":[],"jetpack_featured_media_url":"http:\/\/www.rtvnoticias.com.ar\/wp-content\/uploads\/2025\/09\/SP-1.jpeg","jetpack_publicize_connections":[],"jetpack_sharing_enabled":true,"_links":{"self":[{"href":"http:\/\/www.rtvnoticias.com.ar\/index.php?rest_route=\/wp\/v2\/posts\/46840"}],"collection":[{"href":"http:\/\/www.rtvnoticias.com.ar\/index.php?rest_route=\/wp\/v2\/posts"}],"about":[{"href":"http:\/\/www.rtvnoticias.com.ar\/index.php?rest_route=\/wp\/v2\/types\/post"}],"author":[{"embeddable":true,"href":"http:\/\/www.rtvnoticias.com.ar\/index.php?rest_route=\/wp\/v2\/users\/7"}],"replies":[{"embeddable":true,"href":"http:\/\/www.rtvnoticias.com.ar\/index.php?rest_route=%2Fwp%2Fv2%2Fcomments&post=46840"}],"version-history":[{"count":1,"href":"http:\/\/www.rtvnoticias.com.ar\/index.php?rest_route=\/wp\/v2\/posts\/46840\/revisions"}],"predecessor-version":[{"id":46842,"href":"http:\/\/www.rtvnoticias.com.ar\/index.php?rest_route=\/wp\/v2\/posts\/46840\/revisions\/46842"}],"wp:featuredmedia":[{"embeddable":true,"href":"http:\/\/www.rtvnoticias.com.ar\/index.php?rest_route=\/wp\/v2\/media\/46841"}],"wp:attachment":[{"href":"http:\/\/www.rtvnoticias.com.ar\/index.php?rest_route=%2Fwp%2Fv2%2Fmedia&parent=46840"}],"wp:term":[{"taxonomy":"category","embeddable":true,"href":"http:\/\/www.rtvnoticias.com.ar\/index.php?rest_route=%2Fwp%2Fv2%2Fcategories&post=46840"},{"taxonomy":"post_tag","embeddable":true,"href":"http:\/\/www.rtvnoticias.com.ar\/index.php?rest_route=%2Fwp%2Fv2%2Ftags&post=46840"}],"curies":[{"name":"wp","href":"https:\/\/api.w.org\/{rel}","templated":true}]}}