{"id":46843,"date":"2025-09-16T18:19:05","date_gmt":"2025-09-16T21:19:05","guid":{"rendered":"http:\/\/www.rtvnoticias.com.ar\/?p=46843"},"modified":"2025-09-16T18:19:10","modified_gmt":"2025-09-16T21:19:10","slug":"oposicion-tiene-los-votos-para-rechazar-en-diputados-el-veto-al-garrahan-y-presiona-por-universidades","status":"publish","type":"post","link":"http:\/\/www.rtvnoticias.com.ar\/?p=46843","title":{"rendered":"Oposici\u00f3n tiene los votos para rechazar en Diputados el veto al Garrahan y presiona por universidades"},"content":{"rendered":"\n<p>Los bloques opositores de la C\u00e1mara de Diputados tienen asegurados los votos para rechazar ma\u00f1ana, en una sesi\u00f3n especial, el veto a la ley que declara la emergencia sanitaria en pediatr\u00eda, que apuesta garantizar el funcionamiento y el aumento de sueldos en el Hospital.<\/p>\n\n\n\n<p>Adem\u00e1s buscaban hoy garantizar los dos tercios para insistir con la ley que aumenta los recursos para las Universidades Nacionales, ya que a\u00fan le estar\u00edan faltando algunos votos para lograr su objetivo.<\/p>\n\n\n\n<p>En caso de poder rechazar los vetos ser\u00e1 un golpe duro para el Gobierno Nacional ya que en el Senado hay una amplia mayor\u00eda de dos tercios para confirmar la insistencia de las dos leyes.<\/p>\n\n\n\n<p>Fuentes parlamentarias se\u00f1alaron a Noticias Argentinas que \u201ctenemos los votos asegurados para el Garrahan\u201d, pero se\u00f1alaron que \u201cest\u00e1n mas ajustados con el veto de Universidades\u201d.<\/p>\n\n\n\n<p>La sesi\u00f3n especial para ma\u00f1ana a las 13 fue impulsada por los bloques de Uni\u00f3n por la Patria, Encuentro Federal, Coalici\u00f3n C\u00edvica, y Democracia para Siempre, para debatir los vetos a las leyes de Garrahan y Universidades, pedidos de interpelaci\u00f3n a funcionarios del Gobierno Nacional, y emplazamiento para debatir la ley de DNU.<\/p>\n\n\n\n<p>La sesi\u00f3n especial tendr\u00e1 lugar en medio de una marcha que promete ser multitudinaria al Congreso de organizaciones sociales y estudiantiles a favor del rechazo a los vetos, a las que hoy se sumaron la CGT, y las dos CTA.<\/p>\n\n\n\n<p>Para tratar los vetos los opositores deber\u00e1n obtener los dos tercios para habilitar el tratamiento sobre tablas de los vetos y la misma cantidad de votos para rechazar la decisi\u00f3n presidencial.<\/p>\n\n\n\n<p><strong>GARRAHAN<\/strong><\/p>\n\n\n\n<p>En el caso del Hospital Garrahan, los bloques opositores conf\u00edan en que rechazar\u00e1n el veto a esa ley, ya que esa iniciativa se hab\u00eda aprobado en Diputados con 159 votos positivos contra 67 negativos y 4 abstenciones, por lo que alcanz\u00f3 los dos tercios.<\/p>\n\n\n\n<p>Adem\u00e1s creen que ese n\u00famero crecer\u00e1 porque estiman que los cuatro que se abstuvieron podr\u00edan modificar su voto e inclinarse a favor de la ley, y que son los chubutenses Ana Clara Romero y Jorge \u00c1vila; que responden al gobernador Ignacio Torres, los del MID Oscar Zago y Eduardo Falcone y la ex libertaria Marcela Pagano.<\/p>\n\n\n\n<p>Los opositores tendr\u00e1n dos ausentes, el diputado de izquierda Juan Carlos Giordano-que participa de una misi\u00f3n para llevar ayuda a Gaza- y Fernando Carbajal de Democracia para Siempre, pero se\u00f1alan que esa decisi\u00f3n no los afecta porque habr\u00e1 otros que cambiar\u00e1n su voto.<\/p>\n\n\n\n<p>Fuentes legislativas se\u00f1alaron que los ex libertarios que conformaron Coherencia Carlos D&#8217;Alessandro que vot\u00f3 en contra de la ley lo har\u00e1 a favor y que Marcela Pagano que se ausent\u00f3 esta vez se pronunciar\u00e1 en contra el Gobierno Nacional.<\/p>\n\n\n\n<p><strong>UNIVERSIDADES<\/strong><\/p>\n\n\n\n<p>En cambio, la ley para otorgar mayores recursos a las universidades se aprob\u00f3 con una amplia mayor\u00eda de 158 votos, 75 en contra y 5 abstenciones, pero le falt\u00f3 un voto para llegar a los dos tercios.<\/p>\n\n\n\n<p>Los opositores miran la postura que tendr\u00edan los cinco que se abstuvieron y los 18 ausentes, entre los que figuran aliados claves del Gobierno, como los radicales mendocinos Lisandro Nieri y Pamela Verasay, y el chaque\u00f1o Gerardo Cipolini.<\/p>\n\n\n\n<p>En esa votaci\u00f3n se abstuvieron tambi\u00e9n los macristas Germana Figuera Casas y , Karina Bachey, la chubutense Ana Clara Romero, el entrerriano Francisco Morchio de Encuentro Federal y el republicano Ricardo L\u00f3pez Murphy.<\/p>\n\n\n\n<p>En esa sesi\u00f3n se ausentaron unos |18 legisladores, entre los que figuran, adem\u00e1s de Zago, Falcone del MID, cuatro misioneros, una de Producci\u00f3n y Trabajo y uno de Democracia para Siempre.<\/p>\n\n\n\n<p><strong>INTERPELACIONES<\/strong><\/p>\n\n\n\n<p>Los bloques opositores quieren aprobar adem\u00e1s las interpelaciones del jefe de Gabinete, Guillermo Francos; del ministro de Salud, Mario Lugones, y de la secretaria general de la Presidencia, Karina Milei, para que expliquen las denuncias sobre supuestas coimas para el pago de medicamentos en materia de discapacidad.<\/p>\n\n\n\n<p>Para avanzar en las interpelaciones se necesitan los dos tercios porque esas iniciativas no se trataron en la comisi\u00f3n de Asuntos Constitucionales, que preside el libertario Nicol\u00e1s Mayoraz, por lo que si no alcanzan esa mayor\u00eda agravada buscar\u00e1n emplazar a ese organismo parlamentario.<\/p>\n\n\n\n<p><strong>DNU<\/strong><\/p>\n\n\n\n<p>Los bloques armaron un extenso temario donde incluyeron emplazamientos a la comisiones para avanzar en una ley que regula los DNU, y que tambi\u00e9n es perjudicial para el Gobierno porque, a partir de esa norma, con el rechazo de una sola c\u00e1mara a un DNU esa norma pierde vigencia.<\/p>\n\n\n\n<p>Tambi\u00e9n buscar\u00e1n emplazar a la comisi\u00f3n de Asuntos Constitucionales para que trate la creaci\u00f3n de una comisi\u00f3n investigadora sobre el fentanilo adulterado.<\/p>\n\n\n\n<p>Los diputados tambi\u00e9n quieren derogar los DNU 62\/2025, que limit\u00f3 la ley de identidad de g\u00e9nero; el 61\/25, sobre el estatuto de la Polic\u00eda Federal, y los decretos delegados 445\/25, sobre transformaci\u00f3n de la Agencia Nacional de Materiales Controlados en el Registro de Armas, y 396\/25 sobre la transformaci\u00f3n del INA.<\/p>\n\n\n\n<p>Incluyeron en el temario los emplazamientos a las Comisi\u00f3n de Presupuesto para que se traten los proyectos para crear un programa sobre el Alzheimer y de declarar la emergencia en Ciencia.<\/p>\n<div class=\"sharedaddy sd-sharing-enabled\"><div class=\"robots-nocontent sd-block sd-social sd-social-icon sd-sharing\"><h3 class=\"sd-title\">Comparte esto:<\/h3><div class=\"sd-content\"><ul><li class=\"share-twitter\"><a rel=\"nofollow noopener noreferrer\" data-shared=\"sharing-twitter-46843\" class=\"share-twitter sd-button share-icon no-text\" href=\"http:\/\/www.rtvnoticias.com.ar\/?p=46843&amp;share=twitter\" target=\"_blank\" title=\"Haz clic para compartir en Twitter\"><span><\/span><span class=\"sharing-screen-reader-text\">Haz clic para compartir en Twitter (Se abre en una ventana nueva)<\/span><\/a><\/li><li class=\"share-facebook\"><a rel=\"nofollow noopener noreferrer\" data-shared=\"sharing-facebook-46843\" class=\"share-facebook sd-button share-icon no-text\" href=\"http:\/\/www.rtvnoticias.com.ar\/?p=46843&amp;share=facebook\" target=\"_blank\" title=\"Haz clic para compartir en Facebook\"><span><\/span><span class=\"sharing-screen-reader-text\">Haz clic para compartir en Facebook (Se abre en una ventana nueva)<\/span><\/a><\/li><li class=\"share-jetpack-whatsapp\"><a rel=\"nofollow noopener noreferrer\" data-shared=\"\" class=\"share-jetpack-whatsapp sd-button share-icon no-text\" href=\"http:\/\/www.rtvnoticias.com.ar\/?p=46843&amp;share=jetpack-whatsapp\" target=\"_blank\" title=\"Haz clic para compartir en WhatsApp\"><span><\/span><span class=\"sharing-screen-reader-text\">Haz clic para compartir en WhatsApp (Se abre en una ventana nueva)<\/span><\/a><\/li><li class=\"share-telegram\"><a rel=\"nofollow noopener noreferrer\" data-shared=\"\" class=\"share-telegram sd-button share-icon no-text\" href=\"http:\/\/www.rtvnoticias.com.ar\/?p=46843&amp;share=telegram\" target=\"_blank\" title=\"Haz clic para compartir en Telegram\"><span><\/span><span class=\"sharing-screen-reader-text\">Haz clic para compartir en Telegram (Se abre en una ventana nueva)<\/span><\/a><\/li><li class=\"share-end\"><\/li><\/ul><\/div><\/div><\/div>","protected":false},"excerpt":{"rendered":"<p>Los bloques opositores de la C\u00e1mara de Diputados tienen asegurados los votos para rechazar ma\u00f1ana, en una sesi\u00f3n especial, el veto a la ley que<\/p>\n<div class=\"sharedaddy sd-sharing-enabled\"><div class=\"robots-nocontent sd-block sd-social sd-social-icon sd-sharing\"><h3 class=\"sd-title\">Comparte esto:<\/h3><div class=\"sd-content\"><ul><li class=\"share-twitter\"><a rel=\"nofollow noopener noreferrer\" data-shared=\"sharing-twitter-46843\" class=\"share-twitter sd-button share-icon no-text\" href=\"http:\/\/www.rtvnoticias.com.ar\/?p=46843&amp;share=twitter\" target=\"_blank\" title=\"Haz clic para compartir en Twitter\"><span><\/span><span class=\"sharing-screen-reader-text\">Haz clic para compartir en Twitter (Se abre en una ventana nueva)<\/span><\/a><\/li><li class=\"share-facebook\"><a rel=\"nofollow noopener noreferrer\" data-shared=\"sharing-facebook-46843\" class=\"share-facebook sd-button share-icon no-text\" href=\"http:\/\/www.rtvnoticias.com.ar\/?p=46843&amp;share=facebook\" target=\"_blank\" title=\"Haz clic para compartir en Facebook\"><span><\/span><span class=\"sharing-screen-reader-text\">Haz clic para compartir en Facebook (Se abre en una ventana nueva)<\/span><\/a><\/li><li class=\"share-jetpack-whatsapp\"><a rel=\"nofollow noopener noreferrer\" data-shared=\"\" class=\"share-jetpack-whatsapp sd-button share-icon no-text\" href=\"http:\/\/www.rtvnoticias.com.ar\/?p=46843&amp;share=jetpack-whatsapp\" target=\"_blank\" title=\"Haz clic para compartir en WhatsApp\"><span><\/span><span class=\"sharing-screen-reader-text\">Haz clic para compartir en WhatsApp (Se abre en una ventana nueva)<\/span><\/a><\/li><li class=\"share-telegram\"><a rel=\"nofollow noopener noreferrer\" data-shared=\"\" class=\"share-telegram sd-button share-icon no-text\" href=\"http:\/\/www.rtvnoticias.com.ar\/?p=46843&amp;share=telegram\" target=\"_blank\" title=\"Haz clic para compartir en Telegram\"><span><\/span><span class=\"sharing-screen-reader-text\">Haz clic para compartir en Telegram (Se abre en una ventana nueva)<\/span><\/a><\/li><li class=\"share-end\"><\/li><\/ul><\/div><\/div><\/div>","protected":false},"author":7,"featured_media":43985,"comment_status":"closed","ping_status":"closed","sticky":false,"template":"","format":"standard","meta":{"spay_email":"","jetpack_publicize_message":"","jetpack_is_tweetstorm":false,"jetpack_publicize_feature_enabled":true},"categories":[5],"tags":[],"jetpack_featured_media_url":"http:\/\/www.rtvnoticias.com.ar\/wp-content\/uploads\/2025\/02\/diputados-suspencion-paso.jpg","jetpack_publicize_connections":[],"jetpack_sharing_enabled":true,"_links":{"self":[{"href":"http:\/\/www.rtvnoticias.com.ar\/index.php?rest_route=\/wp\/v2\/posts\/46843"}],"collection":[{"href":"http:\/\/www.rtvnoticias.com.ar\/index.php?rest_route=\/wp\/v2\/posts"}],"about":[{"href":"http:\/\/www.rtvnoticias.com.ar\/index.php?rest_route=\/wp\/v2\/types\/post"}],"author":[{"embeddable":true,"href":"http:\/\/www.rtvnoticias.com.ar\/index.php?rest_route=\/wp\/v2\/users\/7"}],"replies":[{"embeddable":true,"href":"http:\/\/www.rtvnoticias.com.ar\/index.php?rest_route=%2Fwp%2Fv2%2Fcomments&post=46843"}],"version-history":[{"count":1,"href":"http:\/\/www.rtvnoticias.com.ar\/index.php?rest_route=\/wp\/v2\/posts\/46843\/revisions"}],"predecessor-version":[{"id":46844,"href":"http:\/\/www.rtvnoticias.com.ar\/index.php?rest_route=\/wp\/v2\/posts\/46843\/revisions\/46844"}],"wp:featuredmedia":[{"embeddable":true,"href":"http:\/\/www.rtvnoticias.com.ar\/index.php?rest_route=\/wp\/v2\/media\/43985"}],"wp:attachment":[{"href":"http:\/\/www.rtvnoticias.com.ar\/index.php?rest_route=%2Fwp%2Fv2%2Fmedia&parent=46843"}],"wp:term":[{"taxonomy":"category","embeddable":true,"href":"http:\/\/www.rtvnoticias.com.ar\/index.php?rest_route=%2Fwp%2Fv2%2Fcategories&post=46843"},{"taxonomy":"post_tag","embeddable":true,"href":"http:\/\/www.rtvnoticias.com.ar\/index.php?rest_route=%2Fwp%2Fv2%2Ftags&post=46843"}],"curies":[{"name":"wp","href":"https:\/\/api.w.org\/{rel}","templated":true}]}}