{"id":46845,"date":"2025-09-17T10:00:15","date_gmt":"2025-09-17T13:00:15","guid":{"rendered":"http:\/\/www.rtvnoticias.com.ar\/?p=46845"},"modified":"2025-09-17T10:00:21","modified_gmt":"2025-09-17T13:00:21","slug":"exencion-de-pago-de-cuotas-del-ipav-ziliotto-prorrogo-beneficio-a-jubilados-nacionales-e-incluyo-pensionados-provinciales","status":"publish","type":"post","link":"http:\/\/www.rtvnoticias.com.ar\/?p=46845","title":{"rendered":"Exenci\u00f3n de pago de cuotas del IPAV: Ziliotto prorrog\u00f3 beneficio a jubilados nacionales e incluy\u00f3 pensionados provinciales"},"content":{"rendered":"\n<p>El Gobierno de La Pampa renov\u00f3 el beneficio que except\u00faa del pago de cuotas del IPAV a jubilados de ANSES que perciben la m\u00ednima, y lo ampli\u00f3 a las prestaciones no contributivas cuya percepci\u00f3n es inferior a una jubilaci\u00f3n minina nacional. En su primer a\u00f1o, el beneficio, alcanz\u00f3 a casi 1.200 jubilados y jubiladas y signific\u00f3 una inversi\u00f3n superior a los $1.290 millones por parte del IPAV.<\/p>\n\n\n\n<p>El gobernador Sergio Ziliotto anunci\u00f3 la pr\u00f3rroga, por un a\u00f1o m\u00e1s, del beneficio que exime del pago de la cuota de la vivienda del IPAV a jubilados y jubiladas que perciben el haber m\u00ednimo nacional. Adem\u00e1s, como novedad, la medida incorpora a las prestaciones no contributivas o pensionados provinciales en las mismas condiciones: la cuota se da por cancelada y no se traslada al final del plan.<\/p>\n\n\n\n<p>La decisi\u00f3n, que se extender\u00e1 desde octubre de 2025 hasta septiembre de 2026, ratifica el compromiso del Gobierno provincial con la protecci\u00f3n de los sectores m\u00e1s vulnerables y se enmarca en las pol\u00edticas de inclusi\u00f3n y justicia social que lleva adelante la gesti\u00f3n de Ziliotto.<\/p>\n\n\n\n<p>\u201cSabemos que para muchos jubilados y pensionados cada peso cuenta. Por eso tomamos la decisi\u00f3n de sostener este beneficio y ampliarlo, porque nuestra obligaci\u00f3n es garantizar que puedan vivir con dignidad en su propia casa. En La Pampa la justicia social no es un discurso: es una realidad que se construye todos los d\u00edas con pol\u00edticas concretas\u201d, afirm\u00f3 el mandatario.<\/p>\n\n\n\n<p><strong>Detalles del beneficio<\/strong><\/p>\n\n\n\n<p>-Alcanzar\u00e1 a jubilados nacionales de ANSES titulares de viviendas sociales que perciban como \u00fanico ingreso una jubilaci\u00f3n m\u00ednima.<br>-Se suma a pensionados provinciales que acrediten el beneficio y cuyo haber no supere el monto de una jubilaci\u00f3n m\u00ednima nacional.<br>-Durante el per\u00edodo establecido, no deber\u00e1n abonar la cuota ni el seguro contra incendios. Ambos conceptos se consideran cancelados, es decir, no se trasladan al final del plan ni se refinancian.<br>-La solicitud se gestionar\u00e1 de manera virtual a trav\u00e9s del sitio web del Instituto Provincial Aut\u00e1rquico de Vivienda (IPAV).<\/p>\n\n\n\n<p><strong>Impacto en el primer a\u00f1o<\/strong><\/p>\n\n\n\n<p>Durante los primeros 12 meses de aplicaci\u00f3n de esta medida, 1.195 jubilados resultaron beneficiados. En ese per\u00edodo, se condonaron 12.668 cuotas, lo que represent\u00f3 para el IPAV una inversi\u00f3n de 1.290 millones de pesos.<br>Con esta pr\u00f3rroga y ampliaci\u00f3n, el Gobierno provincial reafirma la decisi\u00f3n de acompa\u00f1ar a las personas mayores y garantizar que puedan disfrutar de su vivienda sin que la cuota signifique una carga econ\u00f3mica que afecte su calidad de vida.<\/p>\n\n\n\n<p><strong>Jubilaci\u00f3n m\u00ednima pampeana<\/strong><\/p>\n\n\n\n<p>La Provincia no solo garantiza derechos con pol\u00edticas habitacionales, sino tambi\u00e9n con un sistema previsional s\u00f3lido. En agosto, la jubilaci\u00f3n m\u00ednima que paga el Instituto de Seguridad Social (ISS) alcanz\u00f3 los $753.979, la m\u00e1s alta del pa\u00eds. La diferencia con el sistema nacional es marcada: mientras que los beneficiarios de ANSES perciben un haber m\u00ednimo de $314.305,37 m\u00e1s un bono extraordinario de $70.000 -totalizando $384.305,37-, en La Pampa el monto provincial pr\u00e1cticamente duplica ese ingreso.<\/p>\n<div class=\"sharedaddy sd-sharing-enabled\"><div class=\"robots-nocontent sd-block sd-social sd-social-icon sd-sharing\"><h3 class=\"sd-title\">Comparte esto:<\/h3><div class=\"sd-content\"><ul><li class=\"share-twitter\"><a rel=\"nofollow noopener noreferrer\" data-shared=\"sharing-twitter-46845\" class=\"share-twitter sd-button share-icon no-text\" href=\"http:\/\/www.rtvnoticias.com.ar\/?p=46845&amp;share=twitter\" target=\"_blank\" title=\"Haz clic para compartir en Twitter\"><span><\/span><span class=\"sharing-screen-reader-text\">Haz clic para compartir en Twitter (Se abre en una ventana nueva)<\/span><\/a><\/li><li class=\"share-facebook\"><a rel=\"nofollow noopener noreferrer\" data-shared=\"sharing-facebook-46845\" class=\"share-facebook sd-button share-icon no-text\" href=\"http:\/\/www.rtvnoticias.com.ar\/?p=46845&amp;share=facebook\" target=\"_blank\" title=\"Haz clic para compartir en Facebook\"><span><\/span><span class=\"sharing-screen-reader-text\">Haz clic para compartir en Facebook (Se abre en una ventana nueva)<\/span><\/a><\/li><li class=\"share-jetpack-whatsapp\"><a rel=\"nofollow noopener noreferrer\" data-shared=\"\" class=\"share-jetpack-whatsapp sd-button share-icon no-text\" href=\"http:\/\/www.rtvnoticias.com.ar\/?p=46845&amp;share=jetpack-whatsapp\" target=\"_blank\" title=\"Haz clic para compartir en WhatsApp\"><span><\/span><span class=\"sharing-screen-reader-text\">Haz clic para compartir en WhatsApp (Se abre en una ventana nueva)<\/span><\/a><\/li><li class=\"share-telegram\"><a rel=\"nofollow noopener noreferrer\" data-shared=\"\" class=\"share-telegram sd-button share-icon no-text\" href=\"http:\/\/www.rtvnoticias.com.ar\/?p=46845&amp;share=telegram\" target=\"_blank\" title=\"Haz clic para compartir en Telegram\"><span><\/span><span class=\"sharing-screen-reader-text\">Haz clic para compartir en Telegram (Se abre en una ventana nueva)<\/span><\/a><\/li><li class=\"share-end\"><\/li><\/ul><\/div><\/div><\/div>","protected":false},"excerpt":{"rendered":"<p>El Gobierno de La Pampa renov\u00f3 el beneficio que except\u00faa del pago de cuotas del IPAV a jubilados de ANSES que perciben la m\u00ednima, y<\/p>\n<div class=\"sharedaddy sd-sharing-enabled\"><div class=\"robots-nocontent sd-block sd-social sd-social-icon sd-sharing\"><h3 class=\"sd-title\">Comparte esto:<\/h3><div class=\"sd-content\"><ul><li class=\"share-twitter\"><a rel=\"nofollow noopener noreferrer\" data-shared=\"sharing-twitter-46845\" class=\"share-twitter sd-button share-icon no-text\" href=\"http:\/\/www.rtvnoticias.com.ar\/?p=46845&amp;share=twitter\" target=\"_blank\" title=\"Haz clic para compartir en Twitter\"><span><\/span><span class=\"sharing-screen-reader-text\">Haz clic para compartir en Twitter (Se abre en una ventana nueva)<\/span><\/a><\/li><li class=\"share-facebook\"><a rel=\"nofollow noopener noreferrer\" data-shared=\"sharing-facebook-46845\" class=\"share-facebook sd-button share-icon no-text\" href=\"http:\/\/www.rtvnoticias.com.ar\/?p=46845&amp;share=facebook\" target=\"_blank\" title=\"Haz clic para compartir en Facebook\"><span><\/span><span class=\"sharing-screen-reader-text\">Haz clic para compartir en Facebook (Se abre en una ventana nueva)<\/span><\/a><\/li><li class=\"share-jetpack-whatsapp\"><a rel=\"nofollow noopener noreferrer\" data-shared=\"\" class=\"share-jetpack-whatsapp sd-button share-icon no-text\" href=\"http:\/\/www.rtvnoticias.com.ar\/?p=46845&amp;share=jetpack-whatsapp\" target=\"_blank\" title=\"Haz clic para compartir en WhatsApp\"><span><\/span><span class=\"sharing-screen-reader-text\">Haz clic para compartir en WhatsApp (Se abre en una ventana nueva)<\/span><\/a><\/li><li class=\"share-telegram\"><a rel=\"nofollow noopener noreferrer\" data-shared=\"\" class=\"share-telegram sd-button share-icon no-text\" href=\"http:\/\/www.rtvnoticias.com.ar\/?p=46845&amp;share=telegram\" target=\"_blank\" title=\"Haz clic para compartir en Telegram\"><span><\/span><span class=\"sharing-screen-reader-text\">Haz clic para compartir en Telegram (Se abre en una ventana nueva)<\/span><\/a><\/li><li class=\"share-end\"><\/li><\/ul><\/div><\/div><\/div>","protected":false},"author":5,"featured_media":45786,"comment_status":"closed","ping_status":"closed","sticky":false,"template":"","format":"standard","meta":{"spay_email":"","jetpack_publicize_message":"","jetpack_is_tweetstorm":false,"jetpack_publicize_feature_enabled":true},"categories":[4],"tags":[5588],"jetpack_featured_media_url":"http:\/\/www.rtvnoticias.com.ar\/wp-content\/uploads\/2025\/06\/casas-ipv.png-e1756994979364.jpg","jetpack_publicize_connections":[],"jetpack_sharing_enabled":true,"_links":{"self":[{"href":"http:\/\/www.rtvnoticias.com.ar\/index.php?rest_route=\/wp\/v2\/posts\/46845"}],"collection":[{"href":"http:\/\/www.rtvnoticias.com.ar\/index.php?rest_route=\/wp\/v2\/posts"}],"about":[{"href":"http:\/\/www.rtvnoticias.com.ar\/index.php?rest_route=\/wp\/v2\/types\/post"}],"author":[{"embeddable":true,"href":"http:\/\/www.rtvnoticias.com.ar\/index.php?rest_route=\/wp\/v2\/users\/5"}],"replies":[{"embeddable":true,"href":"http:\/\/www.rtvnoticias.com.ar\/index.php?rest_route=%2Fwp%2Fv2%2Fcomments&post=46845"}],"version-history":[{"count":1,"href":"http:\/\/www.rtvnoticias.com.ar\/index.php?rest_route=\/wp\/v2\/posts\/46845\/revisions"}],"predecessor-version":[{"id":46846,"href":"http:\/\/www.rtvnoticias.com.ar\/index.php?rest_route=\/wp\/v2\/posts\/46845\/revisions\/46846"}],"wp:featuredmedia":[{"embeddable":true,"href":"http:\/\/www.rtvnoticias.com.ar\/index.php?rest_route=\/wp\/v2\/media\/45786"}],"wp:attachment":[{"href":"http:\/\/www.rtvnoticias.com.ar\/index.php?rest_route=%2Fwp%2Fv2%2Fmedia&parent=46845"}],"wp:term":[{"taxonomy":"category","embeddable":true,"href":"http:\/\/www.rtvnoticias.com.ar\/index.php?rest_route=%2Fwp%2Fv2%2Fcategories&post=46845"},{"taxonomy":"post_tag","embeddable":true,"href":"http:\/\/www.rtvnoticias.com.ar\/index.php?rest_route=%2Fwp%2Fv2%2Ftags&post=46845"}],"curies":[{"name":"wp","href":"https:\/\/api.w.org\/{rel}","templated":true}]}}