{"id":46852,"date":"2025-09-18T16:47:46","date_gmt":"2025-09-18T19:47:46","guid":{"rendered":"http:\/\/www.rtvnoticias.com.ar\/?p=46852"},"modified":"2025-09-18T16:47:51","modified_gmt":"2025-09-18T19:47:51","slug":"el-senado-rechazo-el-veto-al-reparto-de-los-atn","status":"publish","type":"post","link":"http:\/\/www.rtvnoticias.com.ar\/?p=46852","title":{"rendered":"El Senado rechaz\u00f3 el veto al reparto de los ATN"},"content":{"rendered":"\n<p>El Senado rechaz\u00f3 hoy el veto presidencial al proyecto de distribuci\u00f3n autom\u00e1tica de los Aportes del Tesoro Nacional (ATN), asestando as\u00ed otro rev\u00e9s al gobierno de Javier Milei, que contin\u00faa acumulando derrotas en el Congreso. Fue por 59 votos afirmativos, nueve negativos y tres abstenciones.<\/p>\n\n\n\n<p>La abrumadora mayor\u00eda se conform\u00f3 con votos de la totalidad del interbloque peronista, parte de la Uni\u00f3n C\u00edvica Radical (UCR), PRO y otros representantes provinciales. El sostenimiento del veto fue apoyado no solo por los libertarios, sino tambi\u00e9n por los senadores del PRO Luis Juez y Carmen \u00c1lvarez Rivero y Francisco Paoltroni.<\/p>\n\n\n\n<p>Tras romper con los gobernadores a finales de junio pasado en una reuni\u00f3n en el CFI y la derrota electoral en la provincia de Buenos Aires, el Gobierno volvi\u00f3 a tender puentes en los \u00faltimos d\u00edas con los l\u00edderes provinciales. Sin embargo, la suerte ya estaba echada en la C\u00e1mara alta.<\/p>\n\n\n\n<p>En el horizonte C\u00e1mara de Diputados se avizora como el lugar de negociaci\u00f3n entre los Estados provinciales y la Naci\u00f3n. La C\u00e1mara baja es un territorio menos hostil para Milei, aun cosechando derrotas y alguna victoria p\u00edrrica como el sostenimiento del veto al paquete jubilatorio.<\/p>\n\n\n\n<p>Tambi\u00e9n es un terreno en el que los mandatarios provinciales pueden esconder mejor sus cartas tanto para apoyos como para rechazos o ausencias. La semana pasada se efectivizaron varios giros bajo este concepto de ATN, aunque aclaraban que eran por compromisos anteriores.<\/p>\n\n\n\n<p>Un llamado de atenci\u00f3n para la Casa Rosada es que el rechazo al veto en el Senado de este jueves cosech\u00f3 m\u00e1s adhesiones que la media sanci\u00f3n del pasado 10 de julio, cuando el cuerpo legislativo lo aprob\u00f3 por 56 votos afirmativos.<\/p>\n<div class=\"sharedaddy sd-sharing-enabled\"><div class=\"robots-nocontent sd-block sd-social sd-social-icon sd-sharing\"><h3 class=\"sd-title\">Comparte esto:<\/h3><div class=\"sd-content\"><ul><li class=\"share-twitter\"><a rel=\"nofollow noopener noreferrer\" data-shared=\"sharing-twitter-46852\" class=\"share-twitter sd-button share-icon no-text\" href=\"http:\/\/www.rtvnoticias.com.ar\/?p=46852&amp;share=twitter\" target=\"_blank\" title=\"Haz clic para compartir en Twitter\"><span><\/span><span class=\"sharing-screen-reader-text\">Haz clic para compartir en Twitter (Se abre en una ventana nueva)<\/span><\/a><\/li><li class=\"share-facebook\"><a rel=\"nofollow noopener noreferrer\" data-shared=\"sharing-facebook-46852\" class=\"share-facebook sd-button share-icon no-text\" href=\"http:\/\/www.rtvnoticias.com.ar\/?p=46852&amp;share=facebook\" target=\"_blank\" title=\"Haz clic para compartir en Facebook\"><span><\/span><span class=\"sharing-screen-reader-text\">Haz clic para compartir en Facebook (Se abre en una ventana nueva)<\/span><\/a><\/li><li class=\"share-jetpack-whatsapp\"><a rel=\"nofollow noopener noreferrer\" data-shared=\"\" class=\"share-jetpack-whatsapp sd-button share-icon no-text\" href=\"http:\/\/www.rtvnoticias.com.ar\/?p=46852&amp;share=jetpack-whatsapp\" target=\"_blank\" title=\"Haz clic para compartir en WhatsApp\"><span><\/span><span class=\"sharing-screen-reader-text\">Haz clic para compartir en WhatsApp (Se abre en una ventana nueva)<\/span><\/a><\/li><li class=\"share-telegram\"><a rel=\"nofollow noopener noreferrer\" data-shared=\"\" class=\"share-telegram sd-button share-icon no-text\" href=\"http:\/\/www.rtvnoticias.com.ar\/?p=46852&amp;share=telegram\" target=\"_blank\" title=\"Haz clic para compartir en Telegram\"><span><\/span><span class=\"sharing-screen-reader-text\">Haz clic para compartir en Telegram (Se abre en una ventana nueva)<\/span><\/a><\/li><li class=\"share-end\"><\/li><\/ul><\/div><\/div><\/div>","protected":false},"excerpt":{"rendered":"<p>El Senado rechaz\u00f3 hoy el veto presidencial al proyecto de distribuci\u00f3n autom\u00e1tica de los Aportes del Tesoro Nacional (ATN), asestando as\u00ed otro rev\u00e9s al gobierno<\/p>\n<div class=\"sharedaddy sd-sharing-enabled\"><div class=\"robots-nocontent sd-block sd-social sd-social-icon sd-sharing\"><h3 class=\"sd-title\">Comparte esto:<\/h3><div class=\"sd-content\"><ul><li class=\"share-twitter\"><a rel=\"nofollow noopener noreferrer\" data-shared=\"sharing-twitter-46852\" class=\"share-twitter sd-button share-icon no-text\" href=\"http:\/\/www.rtvnoticias.com.ar\/?p=46852&amp;share=twitter\" target=\"_blank\" title=\"Haz clic para compartir en Twitter\"><span><\/span><span class=\"sharing-screen-reader-text\">Haz clic para compartir en Twitter (Se abre en una ventana nueva)<\/span><\/a><\/li><li class=\"share-facebook\"><a rel=\"nofollow noopener noreferrer\" data-shared=\"sharing-facebook-46852\" class=\"share-facebook sd-button share-icon no-text\" href=\"http:\/\/www.rtvnoticias.com.ar\/?p=46852&amp;share=facebook\" target=\"_blank\" title=\"Haz clic para compartir en Facebook\"><span><\/span><span class=\"sharing-screen-reader-text\">Haz clic para compartir en Facebook (Se abre en una ventana nueva)<\/span><\/a><\/li><li class=\"share-jetpack-whatsapp\"><a rel=\"nofollow noopener noreferrer\" data-shared=\"\" class=\"share-jetpack-whatsapp sd-button share-icon no-text\" href=\"http:\/\/www.rtvnoticias.com.ar\/?p=46852&amp;share=jetpack-whatsapp\" target=\"_blank\" title=\"Haz clic para compartir en WhatsApp\"><span><\/span><span class=\"sharing-screen-reader-text\">Haz clic para compartir en WhatsApp (Se abre en una ventana nueva)<\/span><\/a><\/li><li class=\"share-telegram\"><a rel=\"nofollow noopener noreferrer\" data-shared=\"\" class=\"share-telegram sd-button share-icon no-text\" href=\"http:\/\/www.rtvnoticias.com.ar\/?p=46852&amp;share=telegram\" target=\"_blank\" title=\"Haz clic para compartir en Telegram\"><span><\/span><span class=\"sharing-screen-reader-text\">Haz clic para compartir en Telegram (Se abre en una ventana nueva)<\/span><\/a><\/li><li class=\"share-end\"><\/li><\/ul><\/div><\/div><\/div>","protected":false},"author":7,"featured_media":44880,"comment_status":"closed","ping_status":"closed","sticky":false,"template":"","format":"standard","meta":{"spay_email":"","jetpack_publicize_message":"","jetpack_is_tweetstorm":false,"jetpack_publicize_feature_enabled":true},"categories":[5],"tags":[],"jetpack_featured_media_url":"http:\/\/www.rtvnoticias.com.ar\/wp-content\/uploads\/2025\/04\/senado-jueces.jpg","jetpack_publicize_connections":[],"jetpack_sharing_enabled":true,"_links":{"self":[{"href":"http:\/\/www.rtvnoticias.com.ar\/index.php?rest_route=\/wp\/v2\/posts\/46852"}],"collection":[{"href":"http:\/\/www.rtvnoticias.com.ar\/index.php?rest_route=\/wp\/v2\/posts"}],"about":[{"href":"http:\/\/www.rtvnoticias.com.ar\/index.php?rest_route=\/wp\/v2\/types\/post"}],"author":[{"embeddable":true,"href":"http:\/\/www.rtvnoticias.com.ar\/index.php?rest_route=\/wp\/v2\/users\/7"}],"replies":[{"embeddable":true,"href":"http:\/\/www.rtvnoticias.com.ar\/index.php?rest_route=%2Fwp%2Fv2%2Fcomments&post=46852"}],"version-history":[{"count":1,"href":"http:\/\/www.rtvnoticias.com.ar\/index.php?rest_route=\/wp\/v2\/posts\/46852\/revisions"}],"predecessor-version":[{"id":46853,"href":"http:\/\/www.rtvnoticias.com.ar\/index.php?rest_route=\/wp\/v2\/posts\/46852\/revisions\/46853"}],"wp:featuredmedia":[{"embeddable":true,"href":"http:\/\/www.rtvnoticias.com.ar\/index.php?rest_route=\/wp\/v2\/media\/44880"}],"wp:attachment":[{"href":"http:\/\/www.rtvnoticias.com.ar\/index.php?rest_route=%2Fwp%2Fv2%2Fmedia&parent=46852"}],"wp:term":[{"taxonomy":"category","embeddable":true,"href":"http:\/\/www.rtvnoticias.com.ar\/index.php?rest_route=%2Fwp%2Fv2%2Fcategories&post=46852"},{"taxonomy":"post_tag","embeddable":true,"href":"http:\/\/www.rtvnoticias.com.ar\/index.php?rest_route=%2Fwp%2Fv2%2Ftags&post=46852"}],"curies":[{"name":"wp","href":"https:\/\/api.w.org\/{rel}","templated":true}]}}